{"id":22486,"date":"2020-03-22T00:05:26","date_gmt":"2020-03-21T23:05:26","guid":{"rendered":"http:\/\/blog.laveredadepuebla.com\/?p=22486"},"modified":"2023-02-10T11:45:46","modified_gmt":"2023-02-10T11:45:46","slug":"diversiones-serranas-para-periodos-de-confinamiento","status":"publish","type":"post","link":"https:\/\/blog.sierranortedeguadalajara.com\/?p=22486","title":{"rendered":"Actividades serranas para periodos de confinamiento"},"content":{"rendered":"<p align=\"LEFT\"><span style=\"font-size:small;\">Dado que el estado de alarma nos exige estar confinados en casa <\/span><span style=\"font-size:small;\"><i>(al menos hasta mayo no alcanzaremos la normalidad) <\/i><\/span><span style=\"font-size:small;\"> no parece procedente hablar de fiestas y eventos pr\u00f3ximos en la <\/span><span style=\"font-size:small;\"><i><b><a href=\"https:\/\/blog.laveredadepuebla.com\/2016\/05\/10\/el-mapa-de-la-sierra-norte\/\">Sierra Norte de Guadalajara<\/a>. <\/b><\/i><\/span><span style=\"font-size:small;\">Pero si de actividades hogare\u00f1as que nos conectan con esta tierra. <\/span><\/p>\n<p align=\"LEFT\"><span style=\"font-size:small;\"><a href=\"https:\/\/laveredadepuebla.files.wordpress.com\/2020\/03\/200323-diversiones-serranas.jpg\"><img loading=\"lazy\" decoding=\"async\" class=\"alignright size-medium wp-image-22492\" src=\"https:\/\/blog.sierranortedeguadalajara.com\/wp-content\/uploads\/2023\/02\/200323-diversiones-serranas.jpg\" alt=\"\" width=\"300\" height=\"225\" \/><\/a>Como recordar y comentar con la familia <\/span><span style=\"color:#000000;\"><span style=\"font-size:small;\">la serie<\/span><\/span><a href=\"https:\/\/www.rtve.es\/alacarta\/videos\/el-hombre-y-la-tierra\/\"><span style=\"color:#000000;\"><span style=\"font-size:small;\"><i><b> El Hombre y la Tierra <\/b><\/i><\/span><\/span><\/a><span style=\"color:#000000;\"><span style=\"font-size:small;\">de <\/span><\/span><span style=\"color:#000000;\"><span style=\"font-size:small;\"><i><b><a href=\"https:\/\/blog.laveredadepuebla.com\/2020\/03\/13\/de-felix-rodriguez-de-la-fuente\/\">F\u00e9lix Rodriguez de la Fuent<\/a>e, <\/b><\/i><\/span><\/span><span style=\"color:#000000;\"><span style=\"font-size:small;\">con un<\/span><\/span><i><b> <\/b><\/i><span style=\"color:#000000;\"><span style=\"font-size:small;\">60% de im\u00e1genes<\/span><\/span><span style=\"color:#7e0021;\"><span style=\"font-size:small;\"><i><b> rodadas en nuestra comarca <\/b><\/i><\/span><\/span><span style=\"color:#000000;\"><span style=\"font-size:small;\"><i><b>(Fauna Ib\u00e9rica)<\/b><\/i><\/span><\/span><span style=\"color:#7e0021;\"><span style=\"font-size:small;\"><i><b>, <\/b><\/i>a<\/span><\/span><span style=\"color:#000000;\"><span style=\"font-size:small;\">hora que se ha cumplido el 40 aniversario de su muerte. Sean estas otras <\/span><\/span><\/p>\n<ul>\n<li><span style=\"color:#7e0021;\"><span style=\"font-size:small;\"><i><b>Indagar sobre costumbres y tradiciones, <\/b><\/i><\/span><\/span><span style=\"font-size:small;\">actuales y perdidas: recomendamos las referidas a <\/span><span style=\"font-size:small;\"><i><b><a href=\"https:\/\/blog.laveredadepuebla.com\/2019\/03\/13\/tradiciones-y-costumbres-de-cuaresma-en-la-sierra-norte-de-guadalajara\/\">Cuaresma<\/a> <\/b><\/i><\/span><span style=\"font-size:small;\">y los <\/span><a href=\"https:\/\/blog.laveredadepuebla.com\/2018\/03\/22\/ritos-actuales-y-perdidos-de-semana-santa-en-la-sierra-norte\/\"><span style=\"font-size:small;\"><i><b>ritos de la Semana Santa.<\/b><\/i><\/span><\/a><\/li>\n<li><span style=\"color:#800000;\"><span style=\"font-size:small;\"><i><b>Cue<\/b><\/i><\/span><\/span><span style=\"color:#800000;\"><span style=\"font-size:small;\"><i><b>ntos y leyendas serranas: <\/b><\/i><\/span><\/span><span style=\"color:#000000;\"><span style=\"font-size:small;\">desde <\/span><\/span><a href=\"https:\/\/blog.laveredadepuebla.com\/2016\/06\/08\/cuentos-mitos-y-leyendas-de-la-sierra-norte\/\"><span style=\"color:#000000;\"><span style=\"font-size:small;\"><i><b>su origen<\/b><\/i><\/span><\/span><\/a><span style=\"color:#000000;\"><span style=\"font-size:small;\"> hasta las m\u00e1s conocidas. Un potente buscador te ayudar\u00e1.<\/span><\/span><\/li>\n<li><span style=\"color:#800000;\"><span style=\"font-size:small;\"><i><b>Lecturas serranas: <\/b><\/i><\/span><\/span><span style=\"color:#000000;\"><span style=\"font-size:small;\">El <\/span><\/span><a href=\"http:\/\/es.calameo.com\/read\/002082604deb05b9154e1\"><span style=\"color:#000000;\"><span style=\"font-size:small;\"><i><b>Monasterio de Bonaval<\/b><\/i><\/span><\/span><\/a><span style=\"color:#000000;\"><span style=\"font-size:small;\">, la <\/span><\/span><a href=\"http:\/\/es.calameo.com\/read\/002082604e62d848ebe6d\"><span style=\"color:#000000;\"><span style=\"font-size:small;\"><i><b>Independencia de Retiendas<\/b><\/i><\/span><\/span><\/a><span style=\"color:#000000;\"><span style=\"font-size:small;\">, \u2026<\/span><\/span><\/li>\n<li><span style=\"color:#7e0021;\"><span style=\"font-size:small;\"><i><b>Pel\u00edculas rodadas en la Sierra Norte,<\/b><\/i><\/span><\/span><b> <\/b><span style=\"color:#000000;\"><span style=\"font-size:small;\">para reconocer lugares. <\/span><\/span><a href=\"https:\/\/blog.laveredadepuebla.com\/2016\/05\/17\/peliculas-rodadas-en-la-sierra-norte\/\"><span style=\"color:#000000;\"><span style=\"font-size:small;\"><i><b>Hay al menos 20<\/b><\/i><\/span><\/span><\/a><span style=\"color:#000000;\"><span style=\"font-size:small;\">, algunas tan conocidas como <\/span><\/span><span style=\"color:#7e0021;\"><span style=\"font-size:small;\"><i><b>Las troyanas, El viaje a ninguna parte, La marrana, Flores de otro mundo, <\/b><\/i><\/span><\/span><span style=\"color:#000000;\"><span style=\"font-size:small;\">\u2026<\/span><\/span><\/li>\n<li><span style=\"color:#7e0021;\"><span style=\"font-size:small;\"><i><b>Documentales sobre tradiciones<\/b><\/i><\/span><\/span><span style=\"color:#000000;\"><span style=\"font-size:small;\">: de<\/span><\/span><b> <\/b><a href=\"https:\/\/blog.laveredadepuebla.com\/2016\/07\/21\/la-sierra-norte-en-documentales-botargas-y-danzantes\/\"><span style=\"color:#000000;\"><span style=\"font-size:small;\"><i><b>botargas y danzantes<\/b><\/i><\/span><\/span><\/a><span style=\"color:#000000;\"><span style=\"font-size:small;\"><b>,<\/b><\/span><\/span><a href=\"https:\/\/blog.laveredadepuebla.com\/2016\/07\/14\/la-sierra-norte-en-documentales-fiestas-tradicionales\/\"> <span style=\"color:#000000;\"><span style=\"font-size:small;\"><i><b>fiestas tradicionales<\/b><\/i><\/span><\/span><\/a><span style=\"color:#000000;\"><span style=\"font-size:small;\">,<\/span><\/span><span style=\"color:#000000;\"><span style=\"font-size:small;\"><i><b><a href=\"https:\/\/blog.laveredadepuebla.com\/2016\/07\/11\/la-sierra-norte-en-documentales-tareas-en-el-pueblo\/\"> tareas en el puebl<\/a>o,<a href=\"https:\/\/blog.laveredadepuebla.com\/2016\/07\/05\/la-sierra-norte-en-documentales-tareas-en-el-campo\/\"> tareas del campo<\/a><\/b><\/i><\/span><\/span><span style=\"color:#000000;\"><span style=\"font-size:small;\">, <\/span><\/span><a href=\"https:\/\/blog.laveredadepuebla.com\/2016\/06\/29\/la-sierra-norte-en-documentales-los-artesanos\/\"><span style=\"color:#000000;\"><span style=\"font-size:small;\"><i><b>artesan\u00eda<\/b><\/i><\/span><\/span><\/a><span style=\"color:#000000;\"><span style=\"font-size:small;\">, \u2026<\/span><\/span><\/li>\n<li><a href=\"https:\/\/blog.laveredadepuebla.com\/2016\/06\/24\/la-sierra-norte-en-documentales-naturaleza-y-patrimonio\/\"><span style=\"color:#000000;\"><span style=\"font-size:small;\"><i><b>Documentales sobre naturaleza y patrimonio<\/b><\/i><\/span><\/span><\/a><\/li>\n<li><a href=\"https:\/\/blog.laveredadepuebla.com\/2016\/06\/21\/la-sierra-norte-en-documentales-el-romanico-y-la-edad-media\/\"><span style=\"color:#000000;\"><span style=\"font-size:small;\"><i><b>Rom\u00e1nico y Edad Media<\/b><\/i><\/span><\/span><\/a><\/li>\n<li><a href=\"https:\/\/blog.laveredadepuebla.com\/2016\/05\/24\/series-documentales-y-anuncios-rodados-en-la-sierra-norte\/\"><span style=\"color:#000000;\"><span style=\"font-size:small;\"><i><b>Series y anuncios rodados en la Sierra Norte<\/b><\/i><\/span><\/span><\/a><\/li>\n<li><span style=\"color:#7e0021;\"><span style=\"font-size:small;\"><i><b>Premiados en el certamen de <\/b><\/i><\/span><\/span><a href=\"https:\/\/www.youtube.com\/user\/SierraNorteGu\"><span style=\"color:#000000;\"><span style=\"font-size:small;\"><i><b>Cortos de la Sierra Norte<\/b><\/i><\/span><\/span><\/a><\/li>\n<\/ul>\n<p align=\"LEFT\"><span style=\"color:#000000;\"><span style=\"font-size:small;\">No he echado cuentas, pero aqui tienes <span style=\"color:#800000;\"><em>tropecientas horas<\/em><\/span> sobre la <\/span><\/span><a href=\"http:\/\/www.sierranortedeguadalajara.es\"><span style=\"color:#000000;\"><span style=\"font-size:small;\"><i><b>Sierra Norte de Guadalajara<\/b><\/i><\/span><\/span><\/a><span style=\"color:#000000;\"><span style=\"font-size:small;\">. Adem\u00e1s una potente herramienta te permitir\u00e1 ampliar la b\u00fasqueda. <\/span><\/span><span style=\"color:#000000;\"><span style=\"font-size:small;\"><i><b>\u00a1<\/b><\/i><\/span><\/span><span style=\"color:#7e0021;\"><span style=\"font-size:small;\"><i><b>De nada! Sab\u00eda que te gustar\u00eda! <\/b><\/i><\/span><\/span><\/p>\n<hr \/>\n<p align=\"JUSTIFY\"><span style=\"color:#000099;\"><span style=\"font-size:small;\"><i><b>Lar-ami, <\/b><\/i><\/span><\/span><em class=\"western\"><span style=\"color:#000099;\"><span style=\"font-size:small;\"><i>gerente de <\/i><\/span><\/span><\/em><em class=\"western\"><span style=\"color:#000099;\"><span style=\"font-size:small;\"><i><b>CR<\/b><\/i><\/span><\/span><\/em><i> <\/i><span style=\"color:#0000ff;\"><u><a class=\"western\" href=\"http:\/\/www.laveredadepuebla.com\/\"><span style=\"color:#000099;\"><span style=\"font-size:small;\"><span lang=\"zxx\"><i><b>La Vereda de Puebla<\/b><\/i><\/span><\/span><\/span><\/a><\/u><\/span><span style=\"color:#000099;\"><span style=\"font-size:small;\"><i><b>, entre <\/b><\/i><\/span><\/span><span style=\"color:#0000ff;\"><u><a class=\"western\" href=\"https:\/\/blog.laveredadepuebla.com\/?s=Puebla+y+carcavas\"><span style=\"color:#000099;\"><span style=\"font-size:small;\"><i><b>c\u00e1rcavas<\/b><\/i><\/span><\/span><\/a><\/u><\/span><span style=\"color:#000099;\"><span style=\"font-size:small;\"><i><b> y o<\/b><\/i><\/span><\/span><span style=\"color:#0000ff;\"><u><a class=\"western\" href=\"https:\/\/blog.laveredadepuebla.com\/?s=olivos+mil\"><span style=\"color:#000099;\"><span style=\"font-size:small;\"><i><b>livos milenarios<\/b><\/i><\/span><\/span><\/a><\/u><\/span><span style=\"color:#000099;\"><span style=\"font-size:small;\"><i><b>. <\/b><\/i><\/span><\/span><span style=\"color:#000099;\"><span style=\"font-size:small;\"><i>Todo sobre <\/i><\/span><\/span><strong class=\"western\"><span style=\"color:#000099;\"><span style=\"font-size:small;\"><i><a class=\"western\" href=\"https:\/\/blog.laveredadepuebla.com\/category\/actualidad\/\">Actualidad<\/a>, <a class=\"western\" href=\"https:\/\/blog.laveredadepuebla.com\/category\/costumbres\/\">Costumbres<\/a>, <a class=\"western\" href=\"https:\/\/blog.laveredadepuebla.com\/category\/fiestas\/\">Fiestas<\/a>, <a class=\"western\" href=\"https:\/\/blog.laveredadepuebla.com\/category\/mundo-rural\/\">Mundo Rural<\/a> y <a class=\"western\" href=\"https:\/\/blog.laveredadepuebla.com\/category\/paisajes-y-lugares\/\">Paisajes y Lugares<\/a> <\/i><\/span><\/span><\/strong><span style=\"color:#000099;\"><span style=\"font-size:small;\"><i>de la <\/i><\/span><\/span><strong class=\"western\"><span style=\"color:#000099;\"><span style=\"font-size:small;\"><i>Sierra Norte de Guadalajara<\/i><\/span><\/span><\/strong><span style=\"color:#000099;\"><span style=\"font-size:small;\"><i>. <\/i><\/span><\/span><\/p>\n","protected":false},"excerpt":{"rendered":"<p>Dado que el estado de alarma nos exige estar confinados en casa (al menos hasta mayo no alcanzaremos la normalidad) no parece procedente hablar de fiestas y eventos pr\u00f3ximos en la Sierra Norte de Guadalajara. Pero si de actividades hogare\u00f1as que nos conectan con esta tierra. Como recordar y comentar con la familia la serie &hellip; <\/p>\n<p class=\"link-more\"><a href=\"https:\/\/blog.sierranortedeguadalajara.com\/?p=22486\" class=\"more-link\">Seguir leyendo<span class=\"screen-reader-text\"> \u00abActividades serranas para periodos de confinamiento\u00bb<\/span><\/a><\/p>\n","protected":false},"author":1,"featured_media":0,"comment_status":"open","ping_status":"open","sticky":false,"template":"","format":"standard","meta":{"footnotes":""},"categories":[12,3,42,6,9],"tags":[2,4,44,5,25,7,55,10,208],"class_list":["post-22486","post","type-post","status-publish","format-standard","hentry","category-actualidad","category-costumbres-y-tradiciones","category-fiestas-y-eventos","category-mundo-rural","category-rincones-de-la-sierra-norte","tag-actualidad","tag-cultura","tag-edad-media","tag-historia","tag-leyendas","tag-naturaleza","tag-romanico","tag-sierra-norte","tag-tradicones","entry"],"_links":{"self":[{"href":"https:\/\/blog.sierranortedeguadalajara.com\/index.php?rest_route=\/wp\/v2\/posts\/22486","targetHints":{"allow":["GET"]}}],"collection":[{"href":"https:\/\/blog.sierranortedeguadalajara.com\/index.php?rest_route=\/wp\/v2\/posts"}],"about":[{"href":"https:\/\/blog.sierranortedeguadalajara.com\/index.php?rest_route=\/wp\/v2\/types\/post"}],"author":[{"embeddable":true,"href":"https:\/\/blog.sierranortedeguadalajara.com\/index.php?rest_route=\/wp\/v2\/users\/1"}],"replies":[{"embeddable":true,"href":"https:\/\/blog.sierranortedeguadalajara.com\/index.php?rest_route=%2Fwp%2Fv2%2Fcomments&post=22486"}],"version-history":[{"count":1,"href":"https:\/\/blog.sierranortedeguadalajara.com\/index.php?rest_route=\/wp\/v2\/posts\/22486\/revisions"}],"predecessor-version":[{"id":25137,"href":"https:\/\/blog.sierranortedeguadalajara.com\/index.php?rest_route=\/wp\/v2\/posts\/22486\/revisions\/25137"}],"wp:attachment":[{"href":"https:\/\/blog.sierranortedeguadalajara.com\/index.php?rest_route=%2Fwp%2Fv2%2Fmedia&parent=22486"}],"wp:term":[{"taxonomy":"category","embeddable":true,"href":"https:\/\/blog.sierranortedeguadalajara.com\/index.php?rest_route=%2Fwp%2Fv2%2Fcategories&post=22486"},{"taxonomy":"post_tag","embeddable":true,"href":"https:\/\/blog.sierranortedeguadalajara.com\/index.php?rest_route=%2Fwp%2Fv2%2Ftags&post=22486"}],"curies":[{"name":"wp","href":"https:\/\/api.w.org\/{rel}","templated":true}]}}