{"id":22476,"date":"2020-03-18T00:05:10","date_gmt":"2020-03-17T23:05:10","guid":{"rendered":"http:\/\/blog.laveredadepuebla.com\/?p=22476"},"modified":"2023-02-10T11:45:47","modified_gmt":"2023-02-10T11:45:47","slug":"basta-de-hipocresia","status":"publish","type":"post","link":"https:\/\/blog.sierranortedeguadalajara.com\/?p=22476","title":{"rendered":"\u00a1Basta de hipocres\u00eda!"},"content":{"rendered":"<p align=\"LEFT\"><span style=\"font-size:small;\">Si bien el estado de alarma fue proclamado por el Gobierno el dia 14 de marzo, desde el d\u00eda 10 los Medios estaban informando de la gravedad de la situaci\u00f3n y las Administraciones tomando medidas que hac\u00edan predecible el confinamiento que disfrutamos. <\/span><span style=\"font-size:small;\">Las actividades de ocio fueron las primeras afectadas, entre ellas el <span style=\"color:#800000;\"><strong><em>turismo rural<\/em><\/strong><\/span>. La <span style=\"color:#800000;\"><strong><em>avalancha de cancelaciones comenz\u00f3 el dia 10<\/em><\/strong><\/span> y en pocos dias ha limpiado totalmente de reservas alojamientos, restaurantes y empresas de turismo activo. <\/span><span style=\"color:#7e0021;\"><span style=\"font-size:small;\"><i><b>Al menos hasta mayo.<\/b><\/i><\/span><\/span><\/p>\n<figure id=\"attachment_22478\" aria-describedby=\"caption-attachment-22478\" style=\"width: 297px\" class=\"wp-caption alignright\"><a href=\"https:\/\/laveredadepuebla.files.wordpress.com\/2020\/03\/200318-basta.jpg\"><img loading=\"lazy\" decoding=\"async\" class=\"wp-image-22478 size-medium\" src=\"https:\/\/blog.sierranortedeguadalajara.com\/wp-content\/uploads\/2023\/02\/200318-basta.jpg\" alt=\"\" width=\"297\" height=\"300\" \/><\/a><figcaption id=\"caption-attachment-22478\" class=\"wp-caption-text\"><strong><em>Cortesia de un amigo de Facebook, del que no tome nota (mis disculpas)<\/em><\/strong><\/figcaption><\/figure>\n<p align=\"LEFT\"><span style=\"font-size:small;\">Algunos colegas se adelantaron unas horas con mensajes del tipo <\/span><span style=\"color:#800000;\"><span style=\"font-size:small;\"><i><b>\u201dpor responsabilidad y para frenar la expansi\u00f3n del coronavirus, esta casa cierra cierra sus puertas hasta \u2026 \u201d<\/b><\/i><\/span><\/span> <span style=\"color:#111111;\"><span style=\"font-size:small;\">cuando ya habian recibidos un n\u00famero suficiente de cancelaciones y sab\u00edan fehacientemente que su establecimiento no tendria clientes, al menos hasta la fecha indicada. <\/span><\/span><\/p>\n<p align=\"LEFT\"><span style=\"font-size:small;\">Otros compa\u00f1eros<em> (los menos)<\/em> se reafirman y proclaman su <\/span><span style=\"color:#7e0021;\"><span style=\"font-size:small;\"><i><b>actitud responsable al permanecer en la ciudad y no desplazarse al pueblo donde se ubica su negocio, \u2026 para no llevar el virus y dado el alto riesgo ya que hay muchos mayores<\/b><\/i><\/span><\/span><span style=\"font-size:small;\">. Estos mismos no cuentan que habitualmente pasan en el pueblo el tiempo imprescindible; su implicacion con el lugar y sus vecinos es m\u00ednima <\/span><span style=\"font-size:small;\">o inexistente <em>(<\/em><\/span><em><span style=\"font-size:small;\">s<\/span><span style=\"font-size:small;\">us razones tendr\u00e1n y son muy respetables).<\/span><\/em><\/p>\n<p align=\"LEFT\"><span style=\"font-size:small;\">Lo que no es respetable y s\u00ed una actitud hip\u00f3crita, son los golpes de pecho a destiempo y el oportunismo mercantilista ante una situaci\u00f3n cr\u00edtica. <\/span><span style=\"color:#7e0021;\"><span style=\"font-size:small;\"><i><b>\u00a1Basta de hipocres\u00eda! <\/b><\/i><\/span><\/span><span style=\"font-size:small;\"><b>El tiempo pondr\u00e1 a cada uno en su sitio<\/b><\/span><\/p>\n<hr \/>\n<p align=\"JUSTIFY\"><span style=\"color:#000099;\"><span style=\"font-size:small;\"><i><b>Lar-ami, <\/b><\/i><\/span><\/span><em class=\"western\"><span style=\"color:#000099;\"><span style=\"font-size:small;\"><i>gerente de <\/i><\/span><\/span><\/em><em class=\"western\"><span style=\"color:#000099;\"><span style=\"font-size:small;\"><i><b>CR<\/b><\/i><\/span><\/span><\/em><i> <\/i><span style=\"color:#0000ff;\"><u><a class=\"western\" href=\"http:\/\/www.laveredadepuebla.com\/\"><span style=\"color:#000099;\"><span style=\"font-size:small;\"><span lang=\"zxx\"><i><b>La Vereda de Puebla<\/b><\/i><\/span><\/span><\/span><\/a><\/u><\/span><span style=\"color:#000099;\"><span style=\"font-size:small;\"><i><b>, entre <\/b><\/i><\/span><\/span><span style=\"color:#0000ff;\"><u><a class=\"western\" href=\"https:\/\/blog.laveredadepuebla.com\/?s=Puebla+y+carcavas\"><span style=\"color:#000099;\"><span style=\"font-size:small;\"><i><b>c\u00e1rcavas<\/b><\/i><\/span><\/span><\/a><\/u><\/span><span style=\"color:#000099;\"><span style=\"font-size:small;\"><i><b> y o<\/b><\/i><\/span><\/span><span style=\"color:#0000ff;\"><u><a class=\"western\" href=\"https:\/\/blog.laveredadepuebla.com\/?s=olivos+mil\"><span style=\"color:#000099;\"><span style=\"font-size:small;\"><i><b>livos milenarios<\/b><\/i><\/span><\/span><\/a><\/u><\/span><span style=\"color:#000099;\"><span style=\"font-size:small;\"><i><b>. <\/b><\/i><\/span><\/span><span style=\"color:#000099;\"><span style=\"font-size:small;\"><i>Todo sobre <\/i><\/span><\/span><strong class=\"western\"><span style=\"color:#000099;\"><span style=\"font-size:small;\"><i><a class=\"western\" href=\"https:\/\/blog.laveredadepuebla.com\/category\/actualidad\/\">Actualidad<\/a>, <a class=\"western\" href=\"https:\/\/blog.laveredadepuebla.com\/category\/costumbres\/\">Costumbres<\/a>, <a class=\"western\" href=\"https:\/\/blog.laveredadepuebla.com\/category\/fiestas\/\">Fiestas<\/a>, <a class=\"western\" href=\"https:\/\/blog.laveredadepuebla.com\/category\/mundo-rural\/\">Mundo Rural<\/a> y <a class=\"western\" href=\"https:\/\/blog.laveredadepuebla.com\/category\/paisajes-y-lugares\/\">Paisajes y Lugares<\/a> <\/i><\/span><\/span><\/strong><span style=\"color:#000099;\"><span style=\"font-size:small;\"><i>de la <\/i><\/span><\/span><strong class=\"western\"><span style=\"color:#000099;\"><span style=\"font-size:small;\"><i>Sierra Norte de Guadalajara<\/i><\/span><\/span><\/strong><span style=\"color:#000099;\"><span style=\"font-size:small;\"><i>. <\/i><\/span><\/span><\/p>\n","protected":false},"excerpt":{"rendered":"<p>Si bien el estado de alarma fue proclamado por el Gobierno el dia 14 de marzo, desde el d\u00eda 10 los Medios estaban informando de la gravedad de la situaci\u00f3n y las Administraciones tomando medidas que hac\u00edan predecible el confinamiento que disfrutamos. Las actividades de ocio fueron las primeras afectadas, entre ellas el turismo rural. &hellip; <\/p>\n<p class=\"link-more\"><a href=\"https:\/\/blog.sierranortedeguadalajara.com\/?p=22476\" class=\"more-link\">Seguir leyendo<span class=\"screen-reader-text\"> \u00ab\u00a1Basta de hipocres\u00eda!\u00bb<\/span><\/a><\/p>\n","protected":false},"author":1,"featured_media":0,"comment_status":"open","ping_status":"open","sticky":false,"template":"","format":"standard","meta":{"footnotes":""},"categories":[12],"tags":[2,4,7,209],"class_list":["post-22476","post","type-post","status-publish","format-standard","hentry","category-actualidad","tag-actualidad","tag-cultura","tag-naturaleza","tag-turismo-rural","entry"],"_links":{"self":[{"href":"https:\/\/blog.sierranortedeguadalajara.com\/index.php?rest_route=\/wp\/v2\/posts\/22476","targetHints":{"allow":["GET"]}}],"collection":[{"href":"https:\/\/blog.sierranortedeguadalajara.com\/index.php?rest_route=\/wp\/v2\/posts"}],"about":[{"href":"https:\/\/blog.sierranortedeguadalajara.com\/index.php?rest_route=\/wp\/v2\/types\/post"}],"author":[{"embeddable":true,"href":"https:\/\/blog.sierranortedeguadalajara.com\/index.php?rest_route=\/wp\/v2\/users\/1"}],"replies":[{"embeddable":true,"href":"https:\/\/blog.sierranortedeguadalajara.com\/index.php?rest_route=%2Fwp%2Fv2%2Fcomments&post=22476"}],"version-history":[{"count":1,"href":"https:\/\/blog.sierranortedeguadalajara.com\/index.php?rest_route=\/wp\/v2\/posts\/22476\/revisions"}],"predecessor-version":[{"id":25143,"href":"https:\/\/blog.sierranortedeguadalajara.com\/index.php?rest_route=\/wp\/v2\/posts\/22476\/revisions\/25143"}],"wp:attachment":[{"href":"https:\/\/blog.sierranortedeguadalajara.com\/index.php?rest_route=%2Fwp%2Fv2%2Fmedia&parent=22476"}],"wp:term":[{"taxonomy":"category","embeddable":true,"href":"https:\/\/blog.sierranortedeguadalajara.com\/index.php?rest_route=%2Fwp%2Fv2%2Fcategories&post=22476"},{"taxonomy":"post_tag","embeddable":true,"href":"https:\/\/blog.sierranortedeguadalajara.com\/index.php?rest_route=%2Fwp%2Fv2%2Ftags&post=22476"}],"curies":[{"name":"wp","href":"https:\/\/api.w.org\/{rel}","templated":true}]}}