{"id":22462,"date":"2020-03-25T00:05:47","date_gmt":"2020-03-24T23:05:47","guid":{"rendered":"http:\/\/blog.laveredadepuebla.com\/?p=22462"},"modified":"2023-02-10T11:45:44","modified_gmt":"2023-02-10T11:45:44","slug":"los-efectos-del-cambio-climatico","status":"publish","type":"post","link":"https:\/\/blog.sierranortedeguadalajara.com\/?p=22462","title":{"rendered":"Los efectos del cambio clim\u00e1tico"},"content":{"rendered":"<p align=\"LEFT\"><span style=\"font-size:small;\">La flora y fauna de la <\/span><a href=\"https:\/\/blog.laveredadepuebla.com\/2016\/05\/10\/el-mapa-de-la-sierra-norte\/\"><span style=\"font-size:small;\"><i><b>Sierra Norte de Guadalajara <\/b><\/i><\/span><\/a><span style=\"font-size:small;\">se est\u00e1 viendo afectada por el aumento de las temperaturas y el <\/span><a href=\"https:\/\/blog.laveredadepuebla.com\/2019\/09\/23\/el-cambio-climatico-en-la-sierra-norte-de-guadalajara-2\/\"><span style=\"font-size:small;\"><i><b>desconcierto clim\u00e1tico <\/b><\/i><\/span><\/a><span style=\"font-size:small;\">que estamos sufriendo en este a\u00f1o 2.020 <\/span><span style=\"font-size:small;\"><i>(el <\/i><\/span><a href=\"https:\/\/www.who.int\/es\/health-topics\/coronavirus\/coronavirus\"><span style=\"font-size:small;\"><i><b>Covid-19 <\/b><\/i><\/span><\/a><span style=\"font-size:small;\"><i>es solo una consecuencia m\u00e1s).<\/i><\/span><\/p>\n<p align=\"LEFT\"><span style=\"font-size:small;\"><a href=\"https:\/\/laveredadepuebla.files.wordpress.com\/2020\/03\/200325-dcambio-1.jpg\"><img loading=\"lazy\" decoding=\"async\" class=\"alignleft wp-image-22465\" src=\"https:\/\/blog.sierranortedeguadalajara.com\/wp-content\/uploads\/2023\/02\/200325-dcambio-1.jpg\" alt=\"\" width=\"240\" height=\"195\" \/><\/a><a href=\"https:\/\/laveredadepuebla.files.wordpress.com\/2020\/03\/200325-dcambio-2.jpg\"><img loading=\"lazy\" decoding=\"async\" class=\"alignright wp-image-22467\" src=\"https:\/\/blog.sierranortedeguadalajara.com\/wp-content\/uploads\/2023\/02\/200325-dcambio-2.jpg\" alt=\"\" width=\"240\" height=\"164\" \/><\/a>Hasta ahora solo eran visibles las corzas y sus crias. Observar un <\/span><span style=\"color:#7e0021;\"><span style=\"font-size:small;\"><i><b>jabali macho<\/b><\/i><\/span><\/span><span style=\"font-size:small;\"> y seguirle durante unos minutos <\/span><span style=\"font-size:small;\"><i>(siendo un animal asustadizo) <\/i><\/span><span style=\"font-size:small;\">ya no es una rareza, sino una bonita experiencia<\/span> <span style=\"color:#7e0021;\"><span style=\"font-size:small;\"><i>(pista de <\/i><\/span><\/span><span style=\"color:#7e0021;\"><span style=\"font-size:small;\"><i><b>La Vereda<\/b><\/i><\/span><\/span><span style=\"color:#7e0021;\"><span style=\"font-size:small;\"><i>, 11 marzo, 4,45 tarde). <\/i><\/span><\/span><span style=\"color:#000000;\"><span style=\"font-size:small;\">El zorro ya no huye a toda velocidad, se para y te observa <\/span><\/span><span style=\"color:#7e0021;\"><span style=\"font-size:small;\"><i>(otra bonita experiencia, en la CM-1001, dia 14 marzo a las 9,30 ma\u00f1ana). <\/i><\/span><\/span><span style=\"color:#000000;\"><span style=\"font-size:small;\">Su imagen embelesa. <\/span><\/span><\/p>\n<p align=\"LEFT\"><span style=\"color:#000000;\"><span style=\"font-size:small;\"><a href=\"https:\/\/laveredadepuebla.files.wordpress.com\/2020\/03\/200325-dcambio-5.jpg\"><img loading=\"lazy\" decoding=\"async\" class=\"alignright wp-image-22469\" src=\"https:\/\/blog.sierranortedeguadalajara.com\/wp-content\/uploads\/2023\/02\/200325-dcambio-5.jpg\" alt=\"\" width=\"240\" height=\"138\" \/><\/a><a href=\"https:\/\/laveredadepuebla.files.wordpress.com\/2020\/03\/200325-dcambio-4.jpg\"><img loading=\"lazy\" decoding=\"async\" class=\"alignleft wp-image-22470\" src=\"https:\/\/blog.sierranortedeguadalajara.com\/wp-content\/uploads\/2023\/02\/200325-dcambio-4.jpg\" alt=\"\" width=\"240\" height=\"180\" \/><\/a>Los buitres <\/span><\/span><span style=\"color:#000000;\"><span style=\"font-size:small;\"><i>(al menos 2 parejas)<\/i><\/span><\/span><span style=\"color:#000000;\"><span style=\"font-size:small;\"> han vuelto al Marral\u00edn <\/span><\/span><a href=\"https:\/\/blog.laveredadepuebla.com\/2015\/09\/23\/puebla-de-valles-y-sus-carcavas\/\"><span style=\"color:#000000;\"><span style=\"font-size:small;\"><i><b>(Puebla de Valles)<\/b><\/i><\/span><\/span><\/a><span style=\"color:#000000;\"><span style=\"font-size:small;\"> y ya est\u00e1n anidando, cuando lo hacen en abril. <\/span><\/span>Hemos probado los esp\u00e1rragos trigueros <span style=\"color:#000000;\"><span style=\"font-size:small;\"><i>(14 marzo)<\/i><\/span><\/span><span style=\"color:#000000;\"><span style=\"font-size:small;\">, de buen tama\u00f1o y muy sabrosos, &#8230; con al menos 1 mes de antelaci\u00f3n con respecto a otros a\u00f1os. <\/span><\/span><\/p>\n<p align=\"LEFT\"><span style=\"color:#7e0021;\"><span style=\"font-size:small;\"><i><b><a href=\"https:\/\/laveredadepuebla.files.wordpress.com\/2020\/03\/200325-dcambio-3.jpg\"><img loading=\"lazy\" decoding=\"async\" class=\"alignleft wp-image-22466\" src=\"https:\/\/blog.sierranortedeguadalajara.com\/wp-content\/uploads\/2023\/02\/200325-dcambio-3.jpg\" alt=\"\" width=\"240\" height=\"153\" \/><\/a><a href=\"https:\/\/laveredadepuebla.files.wordpress.com\/2020\/03\/200325-dcambio-6.jpg\"><img loading=\"lazy\" decoding=\"async\" class=\"alignright wp-image-22472\" src=\"https:\/\/blog.sierranortedeguadalajara.com\/wp-content\/uploads\/2023\/02\/200325-dcambio-6.jpg\" alt=\"\" width=\"240\" height=\"177\" \/><\/a>Son peque\u00f1os detalles y experiencias serranos que demuestran que el cambio clim\u00e1tico es una realidad.<\/b><\/i><\/span><\/span><\/p>\n<hr \/>\n<p align=\"JUSTIFY\"><span style=\"color:#000099;\"><span style=\"font-size:small;\"><i><b>Lar-ami, <\/b><\/i><\/span><\/span><em class=\"western\"><span style=\"color:#000099;\"><span style=\"font-size:small;\"><i>gerente de <\/i><\/span><\/span><\/em><em class=\"western\"><span style=\"color:#000099;\"><span style=\"font-size:small;\"><i><b>CR<\/b><\/i><\/span><\/span><\/em><i> <\/i><span style=\"color:#0000ff;\"><u><a class=\"western\" href=\"http:\/\/www.laveredadepuebla.com\/\"><span style=\"color:#000099;\"><span style=\"font-size:small;\"><span lang=\"zxx\"><i><b>La Vereda de Puebla<\/b><\/i><\/span><\/span><\/span><\/a><\/u><\/span><span style=\"color:#000099;\"><span style=\"font-size:small;\"><i><b>, entre <\/b><\/i><\/span><\/span><span style=\"color:#0000ff;\"><u><a class=\"western\" href=\"https:\/\/blog.laveredadepuebla.com\/?s=Puebla+y+carcavas\"><span style=\"color:#000099;\"><span style=\"font-size:small;\"><i><b>c\u00e1rcavas<\/b><\/i><\/span><\/span><\/a><\/u><\/span><span style=\"color:#000099;\"><span style=\"font-size:small;\"><i><b> y o<\/b><\/i><\/span><\/span><span style=\"color:#0000ff;\"><u><a class=\"western\" href=\"https:\/\/blog.laveredadepuebla.com\/?s=olivos+mil\"><span style=\"color:#000099;\"><span style=\"font-size:small;\"><i><b>livos milenarios<\/b><\/i><\/span><\/span><\/a><\/u><\/span><span style=\"color:#000099;\"><span style=\"font-size:small;\"><i><b>. <\/b><\/i><\/span><\/span><span style=\"color:#000099;\"><span style=\"font-size:small;\"><i>Todo sobre <\/i><\/span><\/span><strong class=\"western\"><span style=\"color:#000099;\"><span style=\"font-size:small;\"><i><a class=\"western\" href=\"https:\/\/blog.laveredadepuebla.com\/category\/actualidad\/\">Actualidad<\/a>, <a class=\"western\" href=\"https:\/\/blog.laveredadepuebla.com\/category\/costumbres\/\">Costumbres<\/a>, <a class=\"western\" href=\"https:\/\/blog.laveredadepuebla.com\/category\/fiestas\/\">Fiestas<\/a>, <a class=\"western\" href=\"https:\/\/blog.laveredadepuebla.com\/category\/mundo-rural\/\">Mundo Rural<\/a> y <a class=\"western\" href=\"https:\/\/blog.laveredadepuebla.com\/category\/paisajes-y-lugares\/\">Paisajes y Lugares<\/a> <\/i><\/span><\/span><\/strong><span style=\"color:#000099;\"><span style=\"font-size:small;\"><i>de la <\/i><\/span><\/span><strong class=\"western\"><span style=\"color:#000099;\"><span style=\"font-size:small;\"><i>Sierra Norte de Guadalajara<\/i><\/span><\/span><\/strong><span style=\"color:#000099;\"><span style=\"font-size:small;\"><i>. <\/i><\/span><\/span><\/p>\n","protected":false},"excerpt":{"rendered":"<p>La flora y fauna de la Sierra Norte de Guadalajara se est\u00e1 viendo afectada por el aumento de las temperaturas y el desconcierto clim\u00e1tico que estamos sufriendo en este a\u00f1o 2.020 (el Covid-19 es solo una consecuencia m\u00e1s). Hasta ahora solo eran visibles las corzas y sus crias. Observar un jabali macho y seguirle durante &hellip; <\/p>\n<p class=\"link-more\"><a href=\"https:\/\/blog.sierranortedeguadalajara.com\/?p=22462\" class=\"more-link\">Seguir leyendo<span class=\"screen-reader-text\"> \u00abLos efectos del cambio clim\u00e1tico\u00bb<\/span><\/a><\/p>\n","protected":false},"author":1,"featured_media":0,"comment_status":"open","ping_status":"open","sticky":false,"template":"","format":"standard","meta":{"footnotes":""},"categories":[12,6,9],"tags":[2,4,7,8,10],"class_list":["post-22462","post","type-post","status-publish","format-standard","hentry","category-actualidad","category-mundo-rural","category-rincones-de-la-sierra-norte","tag-actualidad","tag-cultura","tag-naturaleza","tag-puebla-de-valles","tag-sierra-norte","entry"],"_links":{"self":[{"href":"https:\/\/blog.sierranortedeguadalajara.com\/index.php?rest_route=\/wp\/v2\/posts\/22462","targetHints":{"allow":["GET"]}}],"collection":[{"href":"https:\/\/blog.sierranortedeguadalajara.com\/index.php?rest_route=\/wp\/v2\/posts"}],"about":[{"href":"https:\/\/blog.sierranortedeguadalajara.com\/index.php?rest_route=\/wp\/v2\/types\/post"}],"author":[{"embeddable":true,"href":"https:\/\/blog.sierranortedeguadalajara.com\/index.php?rest_route=\/wp\/v2\/users\/1"}],"replies":[{"embeddable":true,"href":"https:\/\/blog.sierranortedeguadalajara.com\/index.php?rest_route=%2Fwp%2Fv2%2Fcomments&post=22462"}],"version-history":[{"count":1,"href":"https:\/\/blog.sierranortedeguadalajara.com\/index.php?rest_route=\/wp\/v2\/posts\/22462\/revisions"}],"predecessor-version":[{"id":25135,"href":"https:\/\/blog.sierranortedeguadalajara.com\/index.php?rest_route=\/wp\/v2\/posts\/22462\/revisions\/25135"}],"wp:attachment":[{"href":"https:\/\/blog.sierranortedeguadalajara.com\/index.php?rest_route=%2Fwp%2Fv2%2Fmedia&parent=22462"}],"wp:term":[{"taxonomy":"category","embeddable":true,"href":"https:\/\/blog.sierranortedeguadalajara.com\/index.php?rest_route=%2Fwp%2Fv2%2Fcategories&post=22462"},{"taxonomy":"post_tag","embeddable":true,"href":"https:\/\/blog.sierranortedeguadalajara.com\/index.php?rest_route=%2Fwp%2Fv2%2Ftags&post=22462"}],"curies":[{"name":"wp","href":"https:\/\/api.w.org\/{rel}","templated":true}]}}