{"id":22439,"date":"2020-03-27T00:05:54","date_gmt":"2020-03-26T23:05:54","guid":{"rendered":"http:\/\/blog.laveredadepuebla.com\/?p=22439"},"modified":"2023-02-10T11:45:43","modified_gmt":"2023-02-10T11:45:43","slug":"sucedio-en-puebla-de-valles","status":"publish","type":"post","link":"https:\/\/blog.sierranortedeguadalajara.com\/?p=22439","title":{"rendered":"Sucedi\u00f3 en Puebla de Valles"},"content":{"rendered":"<p><span style=\"font-size:small;\">Hay <\/span><span style=\"color:#7e0021;\"><span style=\"font-size:small;\"><i><b>sucesos que no aparecen en los medios de comunicaci\u00f3n <\/b><\/i><\/span><\/span><span style=\"color:#111111;\"><span style=\"font-size:small;\"><i>(<\/i><\/span><\/span><span style=\"color:#111111;\"><span style=\"font-size:small;\"><i>ni siquiera en los locales),<\/i><\/span><\/span><span style=\"font-size:small;\"> por su aparente insignificancia. Sin embargo algunos son tan <\/span><span style=\"color:#7e0021;\"><span style=\"font-size:small;\"><i><b>importantes que cambian la fisonomia de un pueblo y\/o de su forma de vida, \u2026 al menos temporalmente.<\/b><\/i><\/span><\/span><\/p>\n<p><a href=\"https:\/\/laveredadepuebla.files.wordpress.com\/2020\/03\/200318-sucedio-1.jpg\"><img loading=\"lazy\" decoding=\"async\" class=\"alignright wp-image-22441\" src=\"https:\/\/blog.sierranortedeguadalajara.com\/wp-content\/uploads\/2023\/02\/200318-sucedio-1.jpg\" alt=\"\" width=\"240\" height=\"183\" \/><\/a>\u201c<span style=\"font-size:small;\"><i>A mediados de febrero una alima\u00f1a entr\u00f3 en un corral de <\/i><\/span><a href=\"https:\/\/blog.laveredadepuebla.com\/2015\/09\/23\/puebla-de-valles-y-sus-carcavas\/\"><span style=\"font-size:small;\"><i><b>Puebla de Valles<\/b><\/i><\/span><\/a><span style=\"font-size:small;\"><i> y acab\u00f3 con sus 8 gallinas. Todas fueron degolladas y desangradas; mordisquedas solo algunas. El animal fue visto por un vecino que acudi\u00f3 al ruido y que no pudo precisar su especie. Dos dias despu\u00e9s el animal repiti\u00f3 la operaci\u00f3n en otro corral, donde termin\u00f3 con sus 20 gallinas de la misma manera. En dias posteriores se detectaron <\/i><\/span><span style=\"color:#000000;\"><span style=\"font-size:small;\"><i>otros intentos fallidos\u201d<\/i><\/span><\/span><\/p>\n<p><span style=\"font-size:small;\">Como otras veces <\/span><span style=\"font-size:small;\"><i>(hace 2 a\u00f1os las alima\u00f1as saquearon 3 corrales)<\/i><\/span><span style=\"font-size:small;\">, en el bar se suscit\u00f3 el debate sobre el causante de tal desaguisado. <\/span><a href=\"https:\/\/www.faunaiberica.org\/categoria?tipo=peque%C3%B1os+carn%C3%ADvoros\"><span style=\"color:#000000;\"><span style=\"font-size:small;\"><i><b>Tej\u00f3n, gineta, zorra, meloncillo, vis\u00f3n, comadreja, <\/b><\/i><\/span><\/span><\/a><span style=\"color:#7e0021;\"><span style=\"font-size:small;\"><i><b>\u2026<\/b><\/i><\/span><\/span><span style=\"font-size:small;\"> presentes en nuestro territorio, fueron los candidatos. Gan\u00f3 <\/span><span style=\"font-size:small;\"><i><b><a href=\"https:\/\/www.faunaiberica.org\/comadreja\">la comadrej<\/a>a<\/b><\/i><\/span><span style=\"font-size:small;\">: <\/span><span style=\"color:#7e0021;\"><span style=\"font-size:small;\"><i>siente predileccion por la sangre frente a la carne, su peque\u00f1o tama\u00f1o le permite acceder a todos los rincones, gatea por cualquier pared &#8230; Su agresividad y las huellas confirman esta tesis. <\/i><\/span><\/span><\/p>\n<p><span style=\"color:#000000;\"><span style=\"font-size:small;\"><span lang=\"es-ES\"><a href=\"https:\/\/laveredadepuebla.files.wordpress.com\/2020\/03\/200318-sucedio-2.jpg\"><img loading=\"lazy\" decoding=\"async\" class=\"alignleft wp-image-22442\" src=\"https:\/\/blog.sierranortedeguadalajara.com\/wp-content\/uploads\/2023\/02\/200318-sucedio-2.jpg\" alt=\"\" width=\"240\" height=\"165\" \/><\/a>Estas son las consecuencias: <\/span><\/span><\/span><span style=\"color:#800000;\"><span style=\"font-size:small;\"><span lang=\"es-ES\"><i>28 gallinas y 2 corrales menos<\/i><\/span><\/span><\/span><span style=\"font-size:small;\"><span lang=\"es-ES\">, que no sabemos si volver\u00e1n a funcionar; <\/span><\/span><span style=\"color:#800000;\"><span style=\"font-size:small;\"><span lang=\"es-ES\"><i>dos vecinos que se han quedado sin hobby y sin esos ingresos, <\/i><\/span><\/span><\/span><span style=\"font-size:small;\"><span lang=\"es-ES\">sin contar con los que nos quedamos sin huevos de corral. Preocupaci\u00f3n por la suerte de otros gallineros <\/span><\/span><span style=\"font-size:small;\"><span lang=\"es-ES\"><i>(quedan algunos)<\/i><\/span><\/span><span style=\"font-size:small;\"><span lang=\"es-ES\">, trabajos de <\/span><\/span><span style=\"color:#000000;\"><span style=\"font-size:small;\"><span lang=\"es-ES\">refuerzo en los corrales, \u2026 y una atracci\u00f3n menos para los ni\u00f1os que cada fin de semana iban a visitarlos<\/span><\/span><\/span><span style=\"color:#800000;\"><span style=\"font-size:small;\"><span lang=\"es-ES\"><i><b>. \u00bfEs o no es importante este suceso?<\/b><\/i><\/span><\/span><\/span><\/p>\n<hr \/>\n<p align=\"JUSTIFY\"><span style=\"color:#000099;\"><span style=\"font-size:small;\"><i><b>Lar-ami, <\/b><\/i><\/span><\/span><em class=\"western\"><span style=\"color:#000099;\"><span style=\"font-size:small;\"><i>gerente de <\/i><\/span><\/span><\/em><em class=\"western\"><span style=\"color:#000099;\"><span style=\"font-size:small;\"><i><b>CR<\/b><\/i><\/span><\/span><\/em><i> <\/i><span style=\"color:#0000ff;\"><u><a class=\"western\" href=\"http:\/\/www.laveredadepuebla.com\/\"><span style=\"color:#000099;\"><span style=\"font-size:small;\"><span lang=\"zxx\"><i><b>La Vereda de Puebla<\/b><\/i><\/span><\/span><\/span><\/a><\/u><\/span><span style=\"color:#000099;\"><span style=\"font-size:small;\"><i><b>, entre <\/b><\/i><\/span><\/span><span style=\"color:#0000ff;\"><u><a class=\"western\" href=\"https:\/\/blog.laveredadepuebla.com\/?s=Puebla+y+carcavas\"><span style=\"color:#000099;\"><span style=\"font-size:small;\"><i><b>c\u00e1rcavas<\/b><\/i><\/span><\/span><\/a><\/u><\/span><span style=\"color:#000099;\"><span style=\"font-size:small;\"><i><b> y o<\/b><\/i><\/span><\/span><span style=\"color:#0000ff;\"><u><a class=\"western\" href=\"https:\/\/blog.laveredadepuebla.com\/?s=olivos+mil\"><span style=\"color:#000099;\"><span style=\"font-size:small;\"><i><b>livos milenarios<\/b><\/i><\/span><\/span><\/a><\/u><\/span><span style=\"color:#000099;\"><span style=\"font-size:small;\"><i><b>. <\/b><\/i><\/span><\/span><span style=\"color:#000099;\"><span style=\"font-size:small;\"><i>Todo sobre <\/i><\/span><\/span><strong class=\"western\"><span style=\"color:#000099;\"><span style=\"font-size:small;\"><i><a class=\"western\" href=\"https:\/\/blog.laveredadepuebla.com\/category\/actualidad\/\">Actualidad<\/a>, <a class=\"western\" href=\"https:\/\/blog.laveredadepuebla.com\/category\/costumbres\/\">Costumbres<\/a>, <a class=\"western\" href=\"https:\/\/blog.laveredadepuebla.com\/category\/fiestas\/\">Fiestas<\/a>, <a class=\"western\" href=\"https:\/\/blog.laveredadepuebla.com\/category\/mundo-rural\/\">Mundo Rural<\/a> y <a class=\"western\" href=\"https:\/\/blog.laveredadepuebla.com\/category\/paisajes-y-lugares\/\">Paisajes y Lugares<\/a> <\/i><\/span><\/span><\/strong><span style=\"color:#000099;\"><span style=\"font-size:small;\"><i>de la <\/i><\/span><\/span><strong class=\"western\"><span style=\"color:#000099;\"><span style=\"font-size:small;\"><i>Sierra Norte de Guadalajara<\/i><\/span><\/span><\/strong><span style=\"color:#000099;\"><span style=\"font-size:small;\"><i>. <\/i><\/span><\/span><\/p>\n","protected":false},"excerpt":{"rendered":"<p>Hay sucesos que no aparecen en los medios de comunicaci\u00f3n (ni siquiera en los locales), por su aparente insignificancia. Sin embargo algunos son tan importantes que cambian la fisonomia de un pueblo y\/o de su forma de vida, \u2026 al menos temporalmente. \u201cA mediados de febrero una alima\u00f1a entr\u00f3 en un corral de Puebla de &hellip; <\/p>\n<p class=\"link-more\"><a href=\"https:\/\/blog.sierranortedeguadalajara.com\/?p=22439\" class=\"more-link\">Seguir leyendo<span class=\"screen-reader-text\"> \u00abSucedi\u00f3 en Puebla de Valles\u00bb<\/span><\/a><\/p>\n","protected":false},"author":1,"featured_media":0,"comment_status":"open","ping_status":"open","sticky":false,"template":"","format":"standard","meta":{"footnotes":""},"categories":[12,6,9],"tags":[2,4,108,7,10],"class_list":["post-22439","post","type-post","status-publish","format-standard","hentry","category-actualidad","category-mundo-rural","category-rincones-de-la-sierra-norte","tag-actualidad","tag-cultura","tag-fauna","tag-naturaleza","tag-sierra-norte","entry"],"_links":{"self":[{"href":"https:\/\/blog.sierranortedeguadalajara.com\/index.php?rest_route=\/wp\/v2\/posts\/22439","targetHints":{"allow":["GET"]}}],"collection":[{"href":"https:\/\/blog.sierranortedeguadalajara.com\/index.php?rest_route=\/wp\/v2\/posts"}],"about":[{"href":"https:\/\/blog.sierranortedeguadalajara.com\/index.php?rest_route=\/wp\/v2\/types\/post"}],"author":[{"embeddable":true,"href":"https:\/\/blog.sierranortedeguadalajara.com\/index.php?rest_route=\/wp\/v2\/users\/1"}],"replies":[{"embeddable":true,"href":"https:\/\/blog.sierranortedeguadalajara.com\/index.php?rest_route=%2Fwp%2Fv2%2Fcomments&post=22439"}],"version-history":[{"count":1,"href":"https:\/\/blog.sierranortedeguadalajara.com\/index.php?rest_route=\/wp\/v2\/posts\/22439\/revisions"}],"predecessor-version":[{"id":25128,"href":"https:\/\/blog.sierranortedeguadalajara.com\/index.php?rest_route=\/wp\/v2\/posts\/22439\/revisions\/25128"}],"wp:attachment":[{"href":"https:\/\/blog.sierranortedeguadalajara.com\/index.php?rest_route=%2Fwp%2Fv2%2Fmedia&parent=22439"}],"wp:term":[{"taxonomy":"category","embeddable":true,"href":"https:\/\/blog.sierranortedeguadalajara.com\/index.php?rest_route=%2Fwp%2Fv2%2Fcategories&post=22439"},{"taxonomy":"post_tag","embeddable":true,"href":"https:\/\/blog.sierranortedeguadalajara.com\/index.php?rest_route=%2Fwp%2Fv2%2Ftags&post=22439"}],"curies":[{"name":"wp","href":"https:\/\/api.w.org\/{rel}","templated":true}]}}