{"id":22427,"date":"2020-03-16T00:05:44","date_gmt":"2020-03-15T23:05:44","guid":{"rendered":"http:\/\/blog.laveredadepuebla.com\/?p=22427"},"modified":"2023-02-10T11:45:47","modified_gmt":"2023-02-10T11:45:47","slug":"yeso-en-la-sierra-norte-de-guadalajara","status":"publish","type":"post","link":"https:\/\/blog.sierranortedeguadalajara.com\/?p=22427","title":{"rendered":"Yeso en la Sierra Norte de Guadalajara"},"content":{"rendered":"<p align=\"LEFT\"><span style=\"font-family:Times New Roman, serif;\"><span style=\"font-size:medium;\"><a href=\"https:\/\/blog.laveredadepuebla.com\/2012\/02\/09\/penalbilla-el-cerro-del-yeso\/\"><i><b>Pe\u00f1albilla<\/b><\/i><\/a>, en <a href=\"https:\/\/blog.laveredadepuebla.com\/2015\/09\/23\/puebla-de-valles-y-sus-carcavas\/\"><i><b>Puebla de Valles<\/b><\/i><\/a>, es conocido como el <span style=\"color:#800000;\"><strong><em>cerro del yeso<\/em><\/strong><\/span>. Ya hemos hablado de \u00e9l y del color blanquecino que le caracteriza. Pero no lo hemos hecho del yeso, de su proceso de formaci\u00f3n y de su presencia en la <a href=\"https:\/\/blog.laveredadepuebla.com\/2016\/05\/10\/el-mapa-de-la-sierra-norte\/\"><i><b>Sierra Norte de Guadalajara<\/b><\/i><\/a>. Y va siendo hora de hacerlo.<\/span><\/span><\/p>\n<p align=\"LEFT\"><span style=\"font-family:Times New Roman, serif;\"><span style=\"font-size:medium;\"><a href=\"https:\/\/laveredadepuebla.files.wordpress.com\/2020\/03\/200316-yeso-1.jpg\"><img loading=\"lazy\" decoding=\"async\" class=\"alignright wp-image-22432\" src=\"https:\/\/blog.sierranortedeguadalajara.com\/wp-content\/uploads\/2023\/02\/200316-yeso-1.jpg\" alt=\"\" width=\"240\" height=\"180\" \/><\/a>El yeso es sulfato de calcio hidratado y su origen es sedimentario, entre rocas calcareas y arcillas. Los dep\u00f3sitos de yeso se originaron como consecuencia de la evaporaci\u00f3n de aguas salinas sobresaturadas en lagos o mares de poca profundidad. En Espa\u00f1a, este fen\u00f3meno tuvo lugar principalmente durante el<span style=\"color:#800000;\"><i><b> periodo Tri\u00e1sico<\/b><\/i><\/span> <i>(hace 208 millones de a\u00f1os) <\/i>y <span style=\"color:#800000;\"><i><b>el Cenozoico <\/b><\/i><\/span><i>(66 M. a\u00f1os). <\/i><\/span><\/span><\/p>\n<p align=\"LEFT\"><span style=\"font-family:Times New Roman, serif;\"><span style=\"font-size:medium;\">En Pe\u00f1albilla y alrededores aparece en finas capas <i>(2-5 cms de grosor)<\/i> entre la arcilla. En Jadraque abunda el <a href=\"https:\/\/www2.uned.es\/cristamine\/fichas\/yeso\/yeso.htm\"><i><b>yeso fibroso<\/b><\/i> <\/a>y el <a href=\"https:\/\/blog.laveredadepuebla.com\/2019\/10\/04\/esculturas-realizadas-en-alabastro-de-cogolludo\/\"><i><b>alabastro de Cogolludo <\/b><\/i><\/a><i>(yeso granulado que permite ser esculpido)<\/i> gozaba de justa fama. Cuando el yeso recristaliza en grietas y huecos de la misma roca de yeso <i>(originado por la disoluci\u00f3n de sales)<\/i> genera <a href=\"https:\/\/www.youtube.com\/watch?v=kRpS4koH9ak\"><span style=\"color:#000000;\"><i><b>bellas geodas, <\/b><\/i><\/span><\/a><span style=\"color:#000000;\">como las de <\/span><a href=\"https:\/\/blog.laveredadepuebla.com\/2015\/12\/02\/palmaces-de-jadraque\/\"><span style=\"color:#000000;\"><i><b>P\u00e1lmaces de Jadraque.<\/b><\/i><\/span><\/a><\/span><\/span><\/p>\n<p align=\"LEFT\"><span style=\"font-family:Times New Roman, serif;\"><span style=\"font-size:medium;\"><a href=\"https:\/\/laveredadepuebla.files.wordpress.com\/2020\/03\/200316-yeso-4.jpg\"><img loading=\"lazy\" decoding=\"async\" class=\"alignleft wp-image-22434\" src=\"https:\/\/blog.sierranortedeguadalajara.com\/wp-content\/uploads\/2023\/02\/200316-yeso-4.jpg\" alt=\"\" width=\"240\" height=\"180\" \/><\/a>El yeso se usaba tradicionalmente para enlucir paredes, molduras y vaciados; mezclado con la arcilla se utilizaba como retardador del cemento para fraguar el hormig\u00f3n. Hoy su principal uso es la obtencion de escayolas que adornan los interiores <i>(de <\/i><a href=\"https:\/\/definicion.de\/estuco\/\"><i><b>estuco,<\/b><\/i><\/a><span style=\"color:#800000;\"><i> escayola policromada, quedan maravillosas obras de arte en iglesias y palacios barrocos y renacentistas).<\/i><\/span><\/span><\/span><\/p>\n<hr \/>\n<p align=\"JUSTIFY\"><span style=\"color:#000099;\"><span style=\"font-size:small;\"><i><b>Lar-ami, <\/b><\/i><\/span><\/span><em class=\"western\"><span style=\"color:#000099;\"><span style=\"font-size:small;\"><i>gerente de <\/i><\/span><\/span><\/em><em class=\"western\"><span style=\"color:#000099;\"><span style=\"font-size:small;\"><i><b>CR<\/b><\/i><\/span><\/span><\/em><i> <\/i><span style=\"color:#0000ff;\"><u><a class=\"western\" href=\"http:\/\/www.laveredadepuebla.com\/\"><span style=\"color:#000099;\"><span style=\"font-size:small;\"><span lang=\"zxx\"><i><b>La Vereda de Puebla<\/b><\/i><\/span><\/span><\/span><\/a><\/u><\/span><span style=\"color:#000099;\"><span style=\"font-size:small;\"><i><b>, entre <\/b><\/i><\/span><\/span><span style=\"color:#0000ff;\"><u><a class=\"western\" href=\"https:\/\/blog.laveredadepuebla.com\/?s=Puebla+y+carcavas\"><span style=\"color:#000099;\"><span style=\"font-size:small;\"><i><b>c\u00e1rcavas<\/b><\/i><\/span><\/span><\/a><\/u><\/span><span style=\"color:#000099;\"><span style=\"font-size:small;\"><i><b> y o<\/b><\/i><\/span><\/span><span style=\"color:#0000ff;\"><u><a class=\"western\" href=\"https:\/\/blog.laveredadepuebla.com\/?s=olivos+mil\"><span style=\"color:#000099;\"><span style=\"font-size:small;\"><i><b>livos milenarios<\/b><\/i><\/span><\/span><\/a><\/u><\/span><span style=\"color:#000099;\"><span style=\"font-size:small;\"><i><b>. <\/b><\/i><\/span><\/span><span style=\"color:#000099;\"><span style=\"font-size:small;\"><i>Todo sobre <\/i><\/span><\/span><strong class=\"western\"><span style=\"color:#000099;\"><span style=\"font-size:small;\"><i><a class=\"western\" href=\"https:\/\/blog.laveredadepuebla.com\/category\/actualidad\/\">Actualidad<\/a>, <a class=\"western\" href=\"https:\/\/blog.laveredadepuebla.com\/category\/costumbres\/\">Costumbres<\/a>, <a class=\"western\" href=\"https:\/\/blog.laveredadepuebla.com\/category\/fiestas\/\">Fiestas<\/a>, <a class=\"western\" href=\"https:\/\/blog.laveredadepuebla.com\/category\/mundo-rural\/\">Mundo Rural<\/a> y <a class=\"western\" href=\"https:\/\/blog.laveredadepuebla.com\/category\/paisajes-y-lugares\/\">Paisajes y Lugares<\/a> <\/i><\/span><\/span><\/strong><span style=\"color:#000099;\"><span style=\"font-size:small;\"><i>de la <\/i><\/span><\/span><strong class=\"western\"><span style=\"color:#000099;\"><span style=\"font-size:small;\"><i>Sierra Norte de Guadalajara<\/i><\/span><\/span><\/strong><span style=\"color:#000099;\"><span style=\"font-size:small;\"><i>. <\/i><\/span><\/span><\/p>\n","protected":false},"excerpt":{"rendered":"<p>Pe\u00f1albilla, en Puebla de Valles, es conocido como el cerro del yeso. Ya hemos hablado de \u00e9l y del color blanquecino que le caracteriza. Pero no lo hemos hecho del yeso, de su proceso de formaci\u00f3n y de su presencia en la Sierra Norte de Guadalajara. Y va siendo hora de hacerlo. El yeso es &hellip; <\/p>\n<p class=\"link-more\"><a href=\"https:\/\/blog.sierranortedeguadalajara.com\/?p=22427\" class=\"more-link\">Seguir leyendo<span class=\"screen-reader-text\"> \u00abYeso en la Sierra Norte de Guadalajara\u00bb<\/span><\/a><\/p>\n","protected":false},"author":1,"featured_media":0,"comment_status":"open","ping_status":"open","sticky":false,"template":"","format":"standard","meta":{"footnotes":""},"categories":[12,6,9],"tags":[2,4,51,5,7,8,10],"class_list":["post-22427","post","type-post","status-publish","format-standard","hentry","category-actualidad","category-mundo-rural","category-rincones-de-la-sierra-norte","tag-actualidad","tag-cultura","tag-geologia","tag-historia","tag-naturaleza","tag-puebla-de-valles","tag-sierra-norte","entry"],"_links":{"self":[{"href":"https:\/\/blog.sierranortedeguadalajara.com\/index.php?rest_route=\/wp\/v2\/posts\/22427","targetHints":{"allow":["GET"]}}],"collection":[{"href":"https:\/\/blog.sierranortedeguadalajara.com\/index.php?rest_route=\/wp\/v2\/posts"}],"about":[{"href":"https:\/\/blog.sierranortedeguadalajara.com\/index.php?rest_route=\/wp\/v2\/types\/post"}],"author":[{"embeddable":true,"href":"https:\/\/blog.sierranortedeguadalajara.com\/index.php?rest_route=\/wp\/v2\/users\/1"}],"replies":[{"embeddable":true,"href":"https:\/\/blog.sierranortedeguadalajara.com\/index.php?rest_route=%2Fwp%2Fv2%2Fcomments&post=22427"}],"version-history":[{"count":1,"href":"https:\/\/blog.sierranortedeguadalajara.com\/index.php?rest_route=\/wp\/v2\/posts\/22427\/revisions"}],"predecessor-version":[{"id":25146,"href":"https:\/\/blog.sierranortedeguadalajara.com\/index.php?rest_route=\/wp\/v2\/posts\/22427\/revisions\/25146"}],"wp:attachment":[{"href":"https:\/\/blog.sierranortedeguadalajara.com\/index.php?rest_route=%2Fwp%2Fv2%2Fmedia&parent=22427"}],"wp:term":[{"taxonomy":"category","embeddable":true,"href":"https:\/\/blog.sierranortedeguadalajara.com\/index.php?rest_route=%2Fwp%2Fv2%2Fcategories&post=22427"},{"taxonomy":"post_tag","embeddable":true,"href":"https:\/\/blog.sierranortedeguadalajara.com\/index.php?rest_route=%2Fwp%2Fv2%2Ftags&post=22427"}],"curies":[{"name":"wp","href":"https:\/\/api.w.org\/{rel}","templated":true}]}}