{"id":22420,"date":"2020-03-13T00:05:10","date_gmt":"2020-03-12T23:05:10","guid":{"rendered":"http:\/\/blog.laveredadepuebla.com\/?p=22420"},"modified":"2023-02-10T11:45:48","modified_gmt":"2023-02-10T11:45:48","slug":"de-felix-rodriguez-de-la-fuente","status":"publish","type":"post","link":"https:\/\/blog.sierranortedeguadalajara.com\/?p=22420","title":{"rendered":"De F\u00e9lix Rodriguez de la Fuente&#8230;"},"content":{"rendered":"<p align=\"LEFT\">\u2026 <span style=\"font-size:small;\">se ha contado casi todo <\/span><span style=\"font-size:small;\"><i><b>(<a href=\"https:\/\/www.planetadelibros.com\/libro-felix-un-hombre-en-la-tierra\/310664\">F\u00e9lix: un hombre en la tierra<\/a><\/b><\/i><\/span><span style=\"font-size:small;\"><i>)<\/i><\/span><span style=\"font-size:small;\">, coincidiendo con el <\/span><span style=\"color:#800000;\"><span style=\"font-size:small;\"><i><b>40 aniversario de su muerte<\/b><\/i><\/span><\/span> <span style=\"font-size:small;\"><i>(a las 23,30 h. del 14 marzo de 1.980, hora de Espa\u00f1a<\/i><\/span><span style=\"font-size:small;\">). La noticia la di\u00f3 <\/span><span style=\"color:#7e0021;\"><span style=\"font-size:small;\"><i><b>Radio Nacional <\/b><\/i><\/span><\/span><span style=\"font-size:small;\">en la madrugada del dia siguiente y la fue repitiendo sistematicamente hasta que lleg\u00f3 a todos los rincones &#8230;<\/span><span style=\"color:#7e0021;\"><span style=\"font-size:small;\"><i><b> \u00bfA todos? <\/b><\/i><\/span><\/span><\/p>\n<p align=\"LEFT\"><span style=\"font-size:small;\">No lleg\u00f3 al <\/span><span style=\"color:#7e0021;\"><span style=\"font-size:small;\"><i><b>campamento base del equipo<\/b><\/i><\/span><\/span><span style=\"font-size:small;\"> de <\/span><a href=\"https:\/\/www.rtve.es\/archivo\/40-anos-sin-felix\/\"><span style=\"font-size:small;\"><i><b>El Hombre y la Tierra<\/b><\/i><\/span><\/a><span style=\"font-size:small;\"> en <\/span><a href=\"https:\/\/blog.laveredadepuebla.com\/2010\/09\/03\/el%c2%a0vivero\/\"><span style=\"font-size:small;\"><i><b>El Vivero<\/b><\/i><\/span><\/a><span style=\"font-size:small;\">. Alli trabajaban de forma permanente <\/span><span style=\"color:#800000;\"><span style=\"font-size:small;\"><i><b>Aurelio<\/b><\/i><\/span><\/span><i><b> <\/b><\/i><span style=\"font-size:small;\"><i>(jefe del campamento, experto cetrero y mano derecha de F\u00e9lix)<\/i><\/span><span style=\"font-size:small;\">, <\/span><span style=\"color:#800000;\"><span style=\"font-size:small;\"><i><b>El Hormigo<\/b><\/i><\/span><\/span> <span style=\"font-size:small;\"><i>(animalero), <\/i><\/span><span style=\"color:#800000;\"><span style=\"font-size:small;\"><i><b>Carlos<\/b><\/i><\/span><\/span><span style=\"font-size:small;\"><i> (experto en lobos), <\/i><\/span><span style=\"color:#800000;\"><span style=\"font-size:small;\"><i><b>Gregorio y Chiqui <\/b><\/i><\/span><\/span><span style=\"color:#000000;\"><span style=\"font-size:small;\"><i>(cuidadores)<\/i><\/span><\/span><span style=\"color:#800000;\"><span style=\"font-size:small;\"><i><b>, \u2026 <\/b><\/i><\/span><\/span><span style=\"color:#000000;\"><span style=\"font-size:small;\">que residian en Tamaj\u00f3n y aleda\u00f1os. F\u00e9lix y otros colaboradores se sumaban al equipo cuando era necesario.<\/span><\/span><\/p>\n<figure id=\"attachment_22423\" aria-describedby=\"caption-attachment-22423\" style=\"width: 300px\" class=\"wp-caption alignright\"><a href=\"https:\/\/laveredadepuebla.files.wordpress.com\/2020\/03\/190218-felix-2.jpg\"><img loading=\"lazy\" decoding=\"async\" class=\"wp-image-22423 size-medium\" src=\"https:\/\/blog.sierranortedeguadalajara.com\/wp-content\/uploads\/2023\/02\/190218-felix-2.jpg\" alt=\"\" width=\"300\" height=\"192\" \/><\/a><figcaption id=\"caption-attachment-22423\" class=\"wp-caption-text\"><em><strong>Cortesia de Germ\u00e1n<\/strong><\/em><\/figcaption><\/figure>\n<p align=\"LEFT\"><span style=\"font-size:small;\"><span style=\"color:#000000;\">El campamento no ten\u00eda tel\u00e9fono y alli no llegaban las ondas. <\/span>Cada ma\u00f1ana el jefe de guardas de ICONA de la zona <span style=\"color:#7e0021;\"><i><b>(Germ\u00e1n)<\/b><\/i><\/span><span style=\"color:#000000;\"> pasaba por la <\/span><span style=\"color:#7e0021;\"><i><b>Tienda de Tamaj\u00f3n<\/b><\/i><\/span><span style=\"color:#000000;\"> a recoger pollos y restos de carne, de viandas y verduras, &#8230; para alimentar a los animales. Si era preciso, tambi\u00e9n sub\u00eda material y v\u00edveres.<\/span><\/span><\/p>\n<p align=\"LEFT\"><span style=\"color:#7e0021;\">\u201c<i><span style=\"font-size:small;\">Aquella ma\u00f1ana del 15 de marzo, German oy\u00f3 la noticia en la radio del Land Rover y la comunic\u00f3 al equipo. Inmediatamente 2 personas fueron a Tamaj\u00f3n a telefonear a la familia, que confirm\u00f3 <\/span><span style=\"font-size:small;\"><b>la muerte de F\u00e9lix, Teodoro y Alberto en Alaska<\/b><\/span><span style=\"font-size:small;\">. Cuando regresaron al campamento, la tristeza y el dolor lo inundaron todo. Fueron conscientes de que se cerraba una etapa inigualable y se abr\u00eda un periodo de incertidumbre\u201d.<\/span><\/i><\/span><\/p>\n<p align=\"LEFT\"><span style=\"color:#000000;\"><span style=\"font-size:small;\">Todos los medios y Tvs han preparado especiales <\/span><\/span><span style=\"color:#000000;\"><span style=\"font-size:small;\"><i><b>(<a href=\"https:\/\/www.rtve.es\/rtve\/20200310\/felix-rodriguez-fuente-tributo-rtve-40-aniversario-fallecimiento\/2008037.shtml\">Tve<\/a>, <a href=\"https:\/\/www.antena3.com\/temas\/felix_rodriguez_de_la_fuente-1\">Antena3<\/a>, <a href=\"https:\/\/www.elmundo.es\/television\/2020\/03\/05\/5e61526ffdddff9f4e8b46ef.html\">Dmax,<\/a>\u2026) <\/b><\/i><\/span><\/span><span style=\"color:#000000;\"><span style=\"font-size:small;\">para glosar la figura de F\u00e9lix y el impacto de su mensaje en la sociedad espa\u00f1ola. <\/span><\/span><span style=\"color:#7e0021;\"><span style=\"font-size:small;\"><i><b>Sea esta nuestra peque\u00f1a aportaci\u00f3n.<\/b><\/i><\/span><\/span><\/p>\n<hr \/>\n<p align=\"JUSTIFY\"><span style=\"color:#000099;\"><span style=\"font-size:small;\"><i><b>Lar-ami, <\/b><\/i><\/span><\/span><em class=\"western\"><span style=\"color:#000099;\"><span style=\"font-size:small;\"><i>gerente de <\/i><\/span><\/span><\/em><em class=\"western\"><span style=\"color:#000099;\"><span style=\"font-size:small;\"><i><b>CR<\/b><\/i><\/span><\/span><\/em><i> <\/i><span style=\"color:#0000ff;\"><u><a class=\"western\" href=\"http:\/\/www.laveredadepuebla.com\/\"><span style=\"color:#000099;\"><span style=\"font-size:small;\"><span lang=\"zxx\"><i><b>La Vereda de Puebla<\/b><\/i><\/span><\/span><\/span><\/a><\/u><\/span><span style=\"color:#000099;\"><span style=\"font-size:small;\"><i><b>, entre <\/b><\/i><\/span><\/span><span style=\"color:#0000ff;\"><u><a class=\"western\" href=\"https:\/\/blog.laveredadepuebla.com\/?s=Puebla+y+carcavas\"><span style=\"color:#000099;\"><span style=\"font-size:small;\"><i><b>c\u00e1rcavas<\/b><\/i><\/span><\/span><\/a><\/u><\/span><span style=\"color:#000099;\"><span style=\"font-size:small;\"><i><b> y o<\/b><\/i><\/span><\/span><span style=\"color:#0000ff;\"><u><a class=\"western\" href=\"https:\/\/blog.laveredadepuebla.com\/?s=olivos+mil\"><span style=\"color:#000099;\"><span style=\"font-size:small;\"><i><b>livos milenarios<\/b><\/i><\/span><\/span><\/a><\/u><\/span><span style=\"color:#000099;\"><span style=\"font-size:small;\"><i><b>. <\/b><\/i><\/span><\/span><span style=\"color:#000099;\"><span style=\"font-size:small;\"><i>Todo sobre <\/i><\/span><\/span><strong class=\"western\"><span style=\"color:#000099;\"><span style=\"font-size:small;\"><i><a class=\"western\" href=\"https:\/\/blog.laveredadepuebla.com\/category\/actualidad\/\">Actualidad<\/a>, <a class=\"western\" href=\"https:\/\/blog.laveredadepuebla.com\/category\/costumbres\/\">Costumbres<\/a>, <a class=\"western\" href=\"https:\/\/blog.laveredadepuebla.com\/category\/fiestas\/\">Fiestas<\/a>, <a class=\"western\" href=\"https:\/\/blog.laveredadepuebla.com\/category\/mundo-rural\/\">Mundo Rural<\/a> y <a class=\"western\" href=\"https:\/\/blog.laveredadepuebla.com\/category\/paisajes-y-lugares\/\">Paisajes y Lugares<\/a> <\/i><\/span><\/span><\/strong><span style=\"color:#000099;\"><span style=\"font-size:small;\"><i>de la <\/i><\/span><\/span><strong class=\"western\"><span style=\"color:#000099;\"><span style=\"font-size:small;\"><i>Sierra Norte de Guadalajara<\/i><\/span><\/span><\/strong><span style=\"color:#000099;\"><span style=\"font-size:small;\"><i>.<\/i><\/span><\/span><\/p>\n","protected":false},"excerpt":{"rendered":"<p>\u2026 se ha contado casi todo (F\u00e9lix: un hombre en la tierra), coincidiendo con el 40 aniversario de su muerte (a las 23,30 h. del 14 marzo de 1.980, hora de Espa\u00f1a). La noticia la di\u00f3 Radio Nacional en la madrugada del dia siguiente y la fue repitiendo sistematicamente hasta que lleg\u00f3 a todos los &hellip; <\/p>\n<p class=\"link-more\"><a href=\"https:\/\/blog.sierranortedeguadalajara.com\/?p=22420\" class=\"more-link\">Seguir leyendo<span class=\"screen-reader-text\"> \u00abDe F\u00e9lix Rodriguez de la Fuente&#8230;\u00bb<\/span><\/a><\/p>\n","protected":false},"author":1,"featured_media":0,"comment_status":"open","ping_status":"open","sticky":false,"template":"","format":"standard","meta":{"footnotes":""},"categories":[12,9],"tags":[2,4,26,5,7,10,21],"class_list":["post-22420","post","type-post","status-publish","format-standard","hentry","category-actualidad","category-rincones-de-la-sierra-norte","tag-actualidad","tag-cultura","tag-el-vado","tag-historia","tag-naturaleza","tag-sierra-norte","tag-tamajon","entry"],"_links":{"self":[{"href":"https:\/\/blog.sierranortedeguadalajara.com\/index.php?rest_route=\/wp\/v2\/posts\/22420","targetHints":{"allow":["GET"]}}],"collection":[{"href":"https:\/\/blog.sierranortedeguadalajara.com\/index.php?rest_route=\/wp\/v2\/posts"}],"about":[{"href":"https:\/\/blog.sierranortedeguadalajara.com\/index.php?rest_route=\/wp\/v2\/types\/post"}],"author":[{"embeddable":true,"href":"https:\/\/blog.sierranortedeguadalajara.com\/index.php?rest_route=\/wp\/v2\/users\/1"}],"replies":[{"embeddable":true,"href":"https:\/\/blog.sierranortedeguadalajara.com\/index.php?rest_route=%2Fwp%2Fv2%2Fcomments&post=22420"}],"version-history":[{"count":1,"href":"https:\/\/blog.sierranortedeguadalajara.com\/index.php?rest_route=\/wp\/v2\/posts\/22420\/revisions"}],"predecessor-version":[{"id":25148,"href":"https:\/\/blog.sierranortedeguadalajara.com\/index.php?rest_route=\/wp\/v2\/posts\/22420\/revisions\/25148"}],"wp:attachment":[{"href":"https:\/\/blog.sierranortedeguadalajara.com\/index.php?rest_route=%2Fwp%2Fv2%2Fmedia&parent=22420"}],"wp:term":[{"taxonomy":"category","embeddable":true,"href":"https:\/\/blog.sierranortedeguadalajara.com\/index.php?rest_route=%2Fwp%2Fv2%2Fcategories&post=22420"},{"taxonomy":"post_tag","embeddable":true,"href":"https:\/\/blog.sierranortedeguadalajara.com\/index.php?rest_route=%2Fwp%2Fv2%2Ftags&post=22420"}],"curies":[{"name":"wp","href":"https:\/\/api.w.org\/{rel}","templated":true}]}}