{"id":22412,"date":"2020-03-11T00:05:53","date_gmt":"2020-03-10T23:05:53","guid":{"rendered":"http:\/\/blog.laveredadepuebla.com\/?p=22412"},"modified":"2023-02-10T11:45:49","modified_gmt":"2023-02-10T11:45:49","slug":"puebla-de-valles-se-viste-de-primavera","status":"publish","type":"post","link":"https:\/\/blog.sierranortedeguadalajara.com\/?p=22412","title":{"rendered":"Puebla de Valles se viste de primavera"},"content":{"rendered":"<p align=\"LEFT\"><span style=\"font-size:small;\">A principios de marzo <\/span><a href=\"https:\/\/blog.laveredadepuebla.com\/2015\/09\/23\/puebla-de-valles-y-sus-carcavas\/\"><span style=\"font-size:small;\"><i><b>Puebla de Valles<\/b><\/i><\/span><\/a><span style=\"font-size:small;\"> ya sac\u00f3 la ropa de primavera, como muestran estas im\u00e1genes. <a href=\"https:\/\/laveredadepuebla.files.wordpress.com\/2020\/03\/7-primavera-3.jpg\"><img loading=\"lazy\" decoding=\"async\" class=\"alignright size-medium wp-image-22414\" src=\"https:\/\/blog.sierranortedeguadalajara.com\/wp-content\/uploads\/2023\/02\/7-primavera-3.jpg\" alt=\"\" width=\"300\" height=\"225\" \/><\/a><\/span><\/p>\n<p align=\"LEFT\"><span style=\"font-size:small;\">Cierto que el dia 6 tuvo volver a sacar del armario los abrigos, incluso el impermeable. Con ganas se qued\u00f3 de unos copitos de nieve, como los que cayeron en las estribaciones del<\/span><a href=\"https:\/\/blog.laveredadepuebla.com\/2014\/09\/22\/rutas-al-ocejon\/\"><span style=\"font-size:small;\"><i><b> Ocej\u00f3n<\/b><\/i><\/span><\/a><span style=\"font-size:small;\">, y lo vistieron de novia. <\/span><span style=\"color:#800000;\"><span style=\"font-size:small;\"><i><b>Los coloraos<\/b><\/i><\/span><\/span><span style=\"font-size:small;\"> empezaron a preparar sus huertos y algunos hasta sembraron <\/span><span style=\"color:#800000;\"><span style=\"font-size:small;\"><i><b>las cebolletas.<\/b><\/i><\/span><\/span><\/p>\n<p align=\"LEFT\"><span style=\"font-size:small;\"><a href=\"https:\/\/laveredadepuebla.files.wordpress.com\/2020\/03\/7-primavera-2.jpg\"><img loading=\"lazy\" decoding=\"async\" class=\"alignright wp-image-22417\" src=\"https:\/\/blog.sierranortedeguadalajara.com\/wp-content\/uploads\/2023\/02\/7-primavera-2.jpg\" alt=\"\" width=\"240\" height=\"180\" \/><\/a><a href=\"https:\/\/laveredadepuebla.files.wordpress.com\/2020\/03\/7-primavera-1.jpg\"><img loading=\"lazy\" decoding=\"async\" class=\"alignleft wp-image-22415\" src=\"https:\/\/blog.sierranortedeguadalajara.com\/wp-content\/uploads\/2023\/02\/7-primavera-1.jpg\" alt=\"\" width=\"240\" height=\"180\" \/><\/a>Si persisten estos frios, acabar\u00e1n con la floraci\u00f3n y los <\/span><a href=\"https:\/\/blog.laveredadepuebla.com\/2020\/03\/06\/brotes-de-febrero\/\"><span style=\"font-size:small;\"><i><b>brotes de febrero<\/b><\/i><\/span><\/a><span style=\"font-size:small;\">. A los que amamos la naturaleza estos peque\u00f1os detalles nos dicen mucho y nos ayudan a disfrutar de este peque\u00f1o paraiso que es la <\/span><a href=\"https:\/\/blog.laveredadepuebla.com\/2016\/05\/10\/el-mapa-de-la-sierra-norte\/\"><span style=\"font-size:small;\"><i><b>Sierra Norte de Guadalajara<\/b><\/i><\/span><\/a><span style=\"font-size:small;\">.\u00a0<\/span><\/p>\n<hr \/>\n<p align=\"JUSTIFY\"><span style=\"color:#000099;\"><span style=\"font-size:small;\"><i><b>Lar-ami, <\/b><\/i><\/span><\/span><em class=\"western\"><span style=\"color:#000099;\"><span style=\"font-size:small;\"><i>gerente de <\/i><\/span><\/span><\/em><em class=\"western\"><span style=\"color:#000099;\"><span style=\"font-size:small;\"><i><b>CR<\/b><\/i><\/span><\/span><\/em><i> <\/i><span style=\"color:#0000ff;\"><u><a class=\"western\" href=\"http:\/\/www.laveredadepuebla.com\/\"><span style=\"color:#000099;\"><span style=\"font-size:small;\"><span lang=\"zxx\"><i><b>La Vereda de Puebla<\/b><\/i><\/span><\/span><\/span><\/a><\/u><\/span><span style=\"color:#000099;\"><span style=\"font-size:small;\"><i><b>, entre <\/b><\/i><\/span><\/span><span style=\"color:#0000ff;\"><u><a class=\"western\" href=\"https:\/\/blog.laveredadepuebla.com\/?s=Puebla+y+carcavas\"><span style=\"color:#000099;\"><span style=\"font-size:small;\"><i><b>c\u00e1rcavas<\/b><\/i><\/span><\/span><\/a><\/u><\/span><span style=\"color:#000099;\"><span style=\"font-size:small;\"><i><b> y o<\/b><\/i><\/span><\/span><span style=\"color:#0000ff;\"><u><a class=\"western\" href=\"https:\/\/blog.laveredadepuebla.com\/?s=olivos+mil\"><span style=\"color:#000099;\"><span style=\"font-size:small;\"><i><b>livos milenarios<\/b><\/i><\/span><\/span><\/a><\/u><\/span><span style=\"color:#000099;\"><span style=\"font-size:small;\"><i><b>. <\/b><\/i><\/span><\/span><span style=\"color:#000099;\"><span style=\"font-size:small;\"><i>Todo sobre <\/i><\/span><\/span><strong class=\"western\"><span style=\"color:#000099;\"><span style=\"font-size:small;\"><i><a class=\"western\" href=\"https:\/\/blog.laveredadepuebla.com\/category\/actualidad\/\">Actualidad<\/a>, <a class=\"western\" href=\"https:\/\/blog.laveredadepuebla.com\/category\/costumbres\/\">Costumbres<\/a>, <a class=\"western\" href=\"https:\/\/blog.laveredadepuebla.com\/category\/fiestas\/\">Fiestas<\/a>, <a class=\"western\" href=\"https:\/\/blog.laveredadepuebla.com\/category\/mundo-rural\/\">Mundo Rural<\/a> y <a class=\"western\" href=\"https:\/\/blog.laveredadepuebla.com\/category\/paisajes-y-lugares\/\">Paisajes y Lugares<\/a> <\/i><\/span><\/span><\/strong><span style=\"color:#000099;\"><span style=\"font-size:small;\"><i>de la <\/i><\/span><\/span><strong class=\"western\"><span style=\"color:#000099;\"><span style=\"font-size:small;\"><i>Sierra Norte de Guadalajara<\/i><\/span><\/span><\/strong><span style=\"color:#000099;\"><span style=\"font-size:small;\"><i>. <\/i><\/span><\/span><\/p>\n","protected":false},"excerpt":{"rendered":"<p>A principios de marzo Puebla de Valles ya sac\u00f3 la ropa de primavera, como muestran estas im\u00e1genes. Cierto que el dia 6 tuvo volver a sacar del armario los abrigos, incluso el impermeable. Con ganas se qued\u00f3 de unos copitos de nieve, como los que cayeron en las estribaciones del Ocej\u00f3n, y lo vistieron de &hellip; <\/p>\n<p class=\"link-more\"><a href=\"https:\/\/blog.sierranortedeguadalajara.com\/?p=22412\" class=\"more-link\">Seguir leyendo<span class=\"screen-reader-text\"> \u00abPuebla de Valles se viste de primavera\u00bb<\/span><\/a><\/p>\n","protected":false},"author":1,"featured_media":0,"comment_status":"open","ping_status":"open","sticky":false,"template":"","format":"standard","meta":{"footnotes":""},"categories":[12,17,9],"tags":[2,4,7,8,10],"class_list":["post-22412","post","type-post","status-publish","format-standard","hentry","category-actualidad","category-paisajes-y-lugares-de-la-sierra-norte","category-rincones-de-la-sierra-norte","tag-actualidad","tag-cultura","tag-naturaleza","tag-puebla-de-valles","tag-sierra-norte","entry"],"_links":{"self":[{"href":"https:\/\/blog.sierranortedeguadalajara.com\/index.php?rest_route=\/wp\/v2\/posts\/22412","targetHints":{"allow":["GET"]}}],"collection":[{"href":"https:\/\/blog.sierranortedeguadalajara.com\/index.php?rest_route=\/wp\/v2\/posts"}],"about":[{"href":"https:\/\/blog.sierranortedeguadalajara.com\/index.php?rest_route=\/wp\/v2\/types\/post"}],"author":[{"embeddable":true,"href":"https:\/\/blog.sierranortedeguadalajara.com\/index.php?rest_route=\/wp\/v2\/users\/1"}],"replies":[{"embeddable":true,"href":"https:\/\/blog.sierranortedeguadalajara.com\/index.php?rest_route=%2Fwp%2Fv2%2Fcomments&post=22412"}],"version-history":[{"count":1,"href":"https:\/\/blog.sierranortedeguadalajara.com\/index.php?rest_route=\/wp\/v2\/posts\/22412\/revisions"}],"predecessor-version":[{"id":25152,"href":"https:\/\/blog.sierranortedeguadalajara.com\/index.php?rest_route=\/wp\/v2\/posts\/22412\/revisions\/25152"}],"wp:attachment":[{"href":"https:\/\/blog.sierranortedeguadalajara.com\/index.php?rest_route=%2Fwp%2Fv2%2Fmedia&parent=22412"}],"wp:term":[{"taxonomy":"category","embeddable":true,"href":"https:\/\/blog.sierranortedeguadalajara.com\/index.php?rest_route=%2Fwp%2Fv2%2Fcategories&post=22412"},{"taxonomy":"post_tag","embeddable":true,"href":"https:\/\/blog.sierranortedeguadalajara.com\/index.php?rest_route=%2Fwp%2Fv2%2Ftags&post=22412"}],"curies":[{"name":"wp","href":"https:\/\/api.w.org\/{rel}","templated":true}]}}