{"id":22328,"date":"2020-03-04T00:05:30","date_gmt":"2020-03-03T23:05:30","guid":{"rendered":"http:\/\/blog.laveredadepuebla.com\/?p=22328"},"modified":"2023-02-10T11:45:52","modified_gmt":"2023-02-10T11:45:52","slug":"el-convento-del-carmen-de-cogolludo","status":"publish","type":"post","link":"https:\/\/blog.sierranortedeguadalajara.com\/?p=22328","title":{"rendered":"El convento del Carmen de Cogolludo"},"content":{"rendered":"<p align=\"LEFT\"><span style=\"font-size:small;\">Gracias al tes\u00f3n de <\/span><span style=\"color:#800000;\"><span style=\"font-size:small;\"><i><b>su propietario, I\u00f1igo<\/b><\/i><\/span><\/span><span style=\"font-size:small;\">, el apoyo del<\/span><a href=\"http:\/\/www.cogolludo.es\"><span style=\"font-size:small;\"><i><b> Ayuntamiento<\/b><\/i><\/span><\/a><span style=\"font-size:small;\"> y a la ayuda de <\/span><a href=\"http:\/\/www.adelsierranorte.org\"><span style=\"font-size:small;\"><i><b>Adel Sierra Norte<\/b><\/i><\/span><\/a><span style=\"font-size:small;\">, este convento del Carmelo vuelve a cobrar vida despu\u00e9s de casi dos siglos de abandono<\/span> <span style=\"color:#7e0021;\"><span style=\"font-size:small;\"><i>(maltrecho tras la Guerra de Independencia, <\/i><\/span><\/span><span style=\"color:#7e0021;\"><span style=\"font-size:small;\"><i><b>fue abandonado en 1.835 <\/b><\/i><\/span><\/span><span style=\"color:#7e0021;\"><span style=\"font-size:small;\"><i>por la desamortizacion de Mendiz\u00e1bal)<\/i><\/span><\/span><span style=\"font-size:small;\"><i>. <\/i><\/span><span style=\"font-size:small;\">Ahora se ha reconvertido en un <span style=\"color:#800000;\"><em><strong>centro de congresos, reuniones y banquetes.<\/strong> <\/em><\/span><\/span><i> <\/i><\/p>\n<figure id=\"attachment_22331\" aria-describedby=\"caption-attachment-22331\" style=\"width: 240px\" class=\"wp-caption alignleft\"><a href=\"https:\/\/www.herreracasado.com\/\"><img loading=\"lazy\" decoding=\"async\" class=\"wp-image-22331\" src=\"https:\/\/blog.sierranortedeguadalajara.com\/wp-content\/uploads\/2023\/02\/200219-conventos-carmelitas-ahc-1.jpg\" alt=\"\" width=\"240\" height=\"175\" \/><\/a><figcaption id=\"caption-attachment-22331\" class=\"wp-caption-text\"><strong><em>Cortesia A.H.C.<\/em><\/strong><\/figcaption><\/figure>\n<p align=\"LEFT\"><span style=\"font-size:small;\"><a href=\"https:\/\/laveredadepuebla.files.wordpress.com\/2020\/02\/200219-camen-2.jpg\"><img loading=\"lazy\" decoding=\"async\" class=\"alignright wp-image-22330\" src=\"https:\/\/blog.sierranortedeguadalajara.com\/wp-content\/uploads\/2023\/02\/200219-camen-2.jpg\" alt=\"\" width=\"240\" height=\"180\" \/><\/a>El maestro<\/span><span style=\"font-size:small;\"><i><b> J<a href=\"http:\/\/www.jlperezarribas.es\/\">uan Luis Perez Arribas<\/a><\/b><\/i><\/span><span style=\"font-size:small;\"><i>, <\/i><\/span><span style=\"font-size:small;\">en su libro<\/span><i> <\/i><span style=\"color:#800000;\"><span style=\"font-size:small;\"><i><b>\u201cCogolludo, su historia, arte y costumbres\u201d <\/b><\/i><\/span><\/span><span style=\"font-size:small;\">nos cuenta sus vicistudes a lo largo de 430 a\u00f1os. Fundado en 1.588 por un rico prohombre de Cogolludo <\/span><span style=\"color:#800000;\"><span style=\"font-size:small;\"><i><b>(Juan Fonte de la Cruz),<\/b><\/i><\/span><\/span><span style=\"color:#000000;\"><span style=\"font-size:small;\"> que opt\u00f3 por la vida religiosa, inicialmente iba a ser construido junto a la ermita del Val, pero la idea fue desestimada en un plazo de 9 a\u00f1os.<\/span><\/span><\/p>\n<p align=\"LEFT\"><span style=\"color:#000000;\"><span style=\"font-size:small;\"><a href=\"https:\/\/laveredadepuebla.files.wordpress.com\/2020\/02\/200219-carmen-3.jpg\"><img loading=\"lazy\" decoding=\"async\" class=\"alignleft wp-image-22333\" src=\"https:\/\/blog.sierranortedeguadalajara.com\/wp-content\/uploads\/2023\/02\/200219-carmen-3.jpg\" alt=\"\" width=\"180\" height=\"240\" \/><\/a><\/span><\/span><\/p>\n<p align=\"LEFT\"><span style=\"color:#000000;\"><span style=\"font-size:small;\">La construcci\u00f3n se realiz\u00f3 de acuerdo con las directrices de la orden: iglesia de cruz latina con fachada de silleria y sillarejo, de tres cuerpos y tres arcos de entrada al atrio a la que se sumaban celdas, refectorio, patio, biblioteca, enfermer\u00eda, claustro, \u2026 Adem\u00e1s de una vaquer\u00eda, era con pozo, bodega, jard\u00edn con dos cedros centenarios, huerta y el <span style=\"color:#7e0021;\"><i><b>olivar de las cabras<\/b><\/i><\/span>, \u2026 cercado por muros da caliza. <\/span><\/span><\/p>\n<p align=\"LEFT\"><span style=\"color:#000000;\"><span style=\"font-size:small;\">En la fachada de la iglesia figura <\/span><\/span><span style=\"color:#7e0021;\"><span style=\"font-size:small;\"><i><b>\u201ca\u00f1o 1.622\u201d<\/b><\/i><\/span><\/span><span style=\"color:#000000;\"><span style=\"font-size:small;\">\u00a0 que no corresponde al a\u00f1o de construcci\u00f3n, sino al a\u00f1o de canonizacion de Santa Teresa de Jes\u00fas, que fue celebrado con gran fasto en honor de su fundadora.<\/span><\/span><\/p>\n<hr \/>\n<p align=\"JUSTIFY\"><span style=\"color:#000099;\"><span style=\"font-size:small;\"><i><b>Lar-ami, <\/b><\/i><\/span><\/span><em class=\"western\"><span style=\"color:#000099;\"><span style=\"font-size:small;\"><i>gerente de <\/i><\/span><\/span><\/em><em class=\"western\"><span style=\"color:#000099;\"><span style=\"font-size:small;\"><i><b>CR<\/b><\/i><\/span><\/span><\/em><i> <\/i><span style=\"color:#0000ff;\"><u><a class=\"western\" href=\"http:\/\/www.laveredadepuebla.com\/\"><span style=\"color:#000099;\"><span style=\"font-size:small;\"><span lang=\"zxx\"><i><b>La Vereda de Puebla<\/b><\/i><\/span><\/span><\/span><\/a><\/u><\/span><span style=\"color:#000099;\"><span style=\"font-size:small;\"><i><b>, entre <\/b><\/i><\/span><\/span><span style=\"color:#0000ff;\"><u><a class=\"western\" href=\"https:\/\/blog.laveredadepuebla.com\/?s=Puebla+y+carcavas\"><span style=\"color:#000099;\"><span style=\"font-size:small;\"><i><b>c\u00e1rcavas<\/b><\/i><\/span><\/span><\/a><\/u><\/span><span style=\"color:#000099;\"><span style=\"font-size:small;\"><i><b> y o<\/b><\/i><\/span><\/span><span style=\"color:#0000ff;\"><u><a class=\"western\" href=\"https:\/\/blog.laveredadepuebla.com\/?s=olivos+mil\"><span style=\"color:#000099;\"><span style=\"font-size:small;\"><i><b>livos milenarios<\/b><\/i><\/span><\/span><\/a><\/u><\/span><span style=\"color:#000099;\"><span style=\"font-size:small;\"><i><b>. <\/b><\/i><\/span><\/span><span style=\"color:#000099;\"><span style=\"font-size:small;\"><i>Todo sobre <\/i><\/span><\/span><strong class=\"western\"><span style=\"color:#000099;\"><span style=\"font-size:small;\"><i><a class=\"western\" href=\"https:\/\/blog.laveredadepuebla.com\/category\/actualidad\/\">Actualidad<\/a>, <a class=\"western\" href=\"https:\/\/blog.laveredadepuebla.com\/category\/costumbres\/\">Costumbres<\/a>, <a class=\"western\" href=\"https:\/\/blog.laveredadepuebla.com\/category\/fiestas\/\">Fiestas<\/a>, <a class=\"western\" href=\"https:\/\/blog.laveredadepuebla.com\/category\/mundo-rural\/\">Mundo Rural<\/a> y <a class=\"western\" href=\"https:\/\/blog.laveredadepuebla.com\/category\/paisajes-y-lugares\/\">Paisajes y Lugares<\/a> <\/i><\/span><\/span><\/strong><span style=\"color:#000099;\"><span style=\"font-size:small;\"><i>de la <\/i><\/span><\/span><strong class=\"western\"><span style=\"color:#000099;\"><span style=\"font-size:small;\"><i>Sierra Norte de Guadalajara<\/i><\/span><\/span><\/strong><span style=\"color:#000099;\"><span style=\"font-size:small;\"><i>. <\/i><\/span><\/span><\/p>\n","protected":false},"excerpt":{"rendered":"<p>Gracias al tes\u00f3n de su propietario, I\u00f1igo, el apoyo del Ayuntamiento y a la ayuda de Adel Sierra Norte, este convento del Carmelo vuelve a cobrar vida despu\u00e9s de casi dos siglos de abandono (maltrecho tras la Guerra de Independencia, fue abandonado en 1.835 por la desamortizacion de Mendiz\u00e1bal). Ahora se ha reconvertido en un &hellip; <\/p>\n<p class=\"link-more\"><a href=\"https:\/\/blog.sierranortedeguadalajara.com\/?p=22328\" class=\"more-link\">Seguir leyendo<span class=\"screen-reader-text\"> \u00abEl convento del Carmen de Cogolludo\u00bb<\/span><\/a><\/p>\n","protected":false},"author":1,"featured_media":0,"comment_status":"open","ping_status":"open","sticky":false,"template":"","format":"standard","meta":{"footnotes":""},"categories":[12,9],"tags":[2,4,131,7,10],"class_list":["post-22328","post","type-post","status-publish","format-standard","hentry","category-actualidad","category-rincones-de-la-sierra-norte","tag-actualidad","tag-cultura","tag-historia-siglo-xvi","tag-naturaleza","tag-sierra-norte","entry"],"_links":{"self":[{"href":"https:\/\/blog.sierranortedeguadalajara.com\/index.php?rest_route=\/wp\/v2\/posts\/22328","targetHints":{"allow":["GET"]}}],"collection":[{"href":"https:\/\/blog.sierranortedeguadalajara.com\/index.php?rest_route=\/wp\/v2\/posts"}],"about":[{"href":"https:\/\/blog.sierranortedeguadalajara.com\/index.php?rest_route=\/wp\/v2\/types\/post"}],"author":[{"embeddable":true,"href":"https:\/\/blog.sierranortedeguadalajara.com\/index.php?rest_route=\/wp\/v2\/users\/1"}],"replies":[{"embeddable":true,"href":"https:\/\/blog.sierranortedeguadalajara.com\/index.php?rest_route=%2Fwp%2Fv2%2Fcomments&post=22328"}],"version-history":[{"count":1,"href":"https:\/\/blog.sierranortedeguadalajara.com\/index.php?rest_route=\/wp\/v2\/posts\/22328\/revisions"}],"predecessor-version":[{"id":25164,"href":"https:\/\/blog.sierranortedeguadalajara.com\/index.php?rest_route=\/wp\/v2\/posts\/22328\/revisions\/25164"}],"wp:attachment":[{"href":"https:\/\/blog.sierranortedeguadalajara.com\/index.php?rest_route=%2Fwp%2Fv2%2Fmedia&parent=22328"}],"wp:term":[{"taxonomy":"category","embeddable":true,"href":"https:\/\/blog.sierranortedeguadalajara.com\/index.php?rest_route=%2Fwp%2Fv2%2Fcategories&post=22328"},{"taxonomy":"post_tag","embeddable":true,"href":"https:\/\/blog.sierranortedeguadalajara.com\/index.php?rest_route=%2Fwp%2Fv2%2Ftags&post=22328"}],"curies":[{"name":"wp","href":"https:\/\/api.w.org\/{rel}","templated":true}]}}