{"id":21898,"date":"2019-10-25T00:05:44","date_gmt":"2019-10-24T22:05:44","guid":{"rendered":"http:\/\/blog.laveredadepuebla.com\/?p=21898"},"modified":"2023-02-10T11:46:41","modified_gmt":"2023-02-10T11:46:41","slug":"sienes","status":"publish","type":"post","link":"https:\/\/blog.sierranortedeguadalajara.com\/?p=21898","title":{"rendered":"Sienes"},"content":{"rendered":"<p align=\"LEFT\"><span style=\"font-size:small;\">Est\u00e1 documentada la existencia de un apreciable grupo moz\u00e1rabe en la comarca, buen conocedor del medio f\u00edsico y biling\u00fce, que se manifiesta en la designaci\u00f3n de los top\u00f3nimos. De ahi procede el nombre de este lugar, enclavado en las estribaciones de la <\/span><span style=\"font-size:small;\"><i><b><a href=\"https:\/\/blog.laveredadepuebla.com\/2015\/06\/25\/las-sierras-de-la-sierra-norte\/\">Sierra Ministra<\/a>, <\/b><\/i><\/span><span style=\"font-size:small;\">a 1.221 mts de altitud.<\/span><\/p>\n<p align=\"LEFT\"><span style=\"font-size:small;\"><a href=\"https:\/\/laveredadepuebla.files.wordpress.com\/2019\/10\/191025-sienes-1.jpg\"><img loading=\"lazy\" decoding=\"async\" class=\"alignright size-medium wp-image-21900\" src=\"https:\/\/blog.sierranortedeguadalajara.com\/wp-content\/uploads\/2023\/02\/191025-sienes-1.jpg\" alt=\"\" width=\"300\" height=\"214\" \/><\/a>El origen de <\/span><a href=\"http:\/\/revistasolana.es\/revista-104\/sienes\/\"><span style=\"color:#000000;\"><span style=\"font-size:small;\"><i><b>Sienes <\/b><\/i><\/span><\/span><\/a><span style=\"font-size:small;\">data de los procesos de repoblaci\u00f3n del siglo XII tras la Reconquista, <\/span>Perteneci\u00f3 al obispado de Sig\u00fcenza hasta finales del siglo XVI, cuando<span style=\"font-size:small;\"> compr\u00f3 a Felipe II <\/span><span style=\"color:#800000;\"><span style=\"font-size:small;\"><b>el privilegio de villazgo<\/b><\/span><\/span><b> <\/b><span style=\"font-size:small;\"><i>(d<\/i><\/span><span style=\"font-size:small;\"><i>ocumento del Archivo municipal, bien conservado y que comienza en 1.499). <\/i><\/span><\/p>\n<p align=\"LEFT\"><span style=\"font-size:small;\">Un paseo por el casco urbano con iglesia barroca del XVII, y la visita a las pedanias abandonadas de Tobes y Torrecillas son obligados: arquitectura popular en estado puro. <\/span><span style=\"color:#800000;\"><span style=\"font-size:small;\"><b>U<\/b><\/span><\/span><span style=\"color:#800000;\"><span style=\"font-size:small;\"><b>n oasis <\/b><\/span><\/span><b> <\/b><span style=\"font-size:small;\">con 80 hect\u00e1reas de regad\u00edo, gracias a numerosos arroyos y manantiales. Frutales, choperas, fresnos, sauces, nogales, \u2026 lo ratifican. <\/span><\/p>\n<p align=\"LEFT\"><span style=\"font-size:small;\">Por aqu\u00ed pasa la <\/span><span style=\"font-size:small;\"><i><b><a href=\"http:\/\/www.turismocastillalamancha.es\/folletos-digitales\/ruta-don-quijote\/\">Ruta de Don Quijote<\/a>,<\/b><\/i><\/span> <span style=\"font-size:small;\"><i>(cuando se dirig\u00eda a Arag\u00f3n para que Sancho tomara posesi\u00f3n de la insula Barataria). <\/i><\/span><span style=\"font-size:small;\">Sus 70 vecinos celebran San Blas <\/span><span style=\"font-size:small;\"><i>(3 febrero)<\/i><\/span><span style=\"font-size:small;\">, San Isidro <\/span><span style=\"font-size:small;\"><i>(15 mayo)<\/i><\/span><span style=\"font-size:small;\"> y Santa Eulalia el \u00faltimo fin de semana de agosto. Hay bar y restaurante.<\/span><\/p>\n<p align=\"JUSTIFY\"><span style=\"color:#000099;\"><span style=\"font-size:small;\"><i><b>Lar-ami, <\/b><\/i><\/span><\/span><em class=\"western\"><span style=\"color:#000099;\"><span style=\"font-size:small;\"><i>gerente de <\/i><\/span><\/span><\/em><em class=\"western\"><span style=\"color:#000099;\"><span style=\"font-size:small;\"><i><b>CR<\/b><\/i><\/span><\/span><\/em><i> <\/i><span style=\"color:#0000ff;\"><u><a class=\"western\" href=\"http:\/\/www.laveredadepuebla.com\/\"><span style=\"color:#000099;\"><span style=\"font-size:small;\"><span lang=\"zxx\"><i><b>La Vereda de Puebla<\/b><\/i><\/span><\/span><\/span><\/a><\/u><\/span><span style=\"color:#000099;\"><span style=\"font-size:small;\"><i><b>, entre <\/b><\/i><\/span><\/span><span style=\"color:#0000ff;\"><u><a class=\"western\" href=\"https:\/\/blog.laveredadepuebla.com\/?s=Puebla+y+carcavas\"><span style=\"color:#000099;\"><span style=\"font-size:small;\"><i><b>c\u00e1rcavas<\/b><\/i><\/span><\/span><\/a><\/u><\/span><span style=\"color:#000099;\"><span style=\"font-size:small;\"><i><b> y o<\/b><\/i><\/span><\/span><span style=\"color:#0000ff;\"><u><a class=\"western\" href=\"https:\/\/blog.laveredadepuebla.com\/?s=olivos+mil\"><span style=\"color:#000099;\"><span style=\"font-size:small;\"><i><b>livos milenarios<\/b><\/i><\/span><\/span><\/a><\/u><\/span><span style=\"color:#000099;\"><span style=\"font-size:small;\"><i><b>. <\/b><\/i><\/span><\/span><span style=\"color:#000099;\"><span style=\"font-size:small;\"><i>Todo sobre <\/i><\/span><\/span><strong class=\"western\"><span style=\"color:#000099;\"><span style=\"font-size:small;\"><i><a class=\"western\" href=\"https:\/\/blog.laveredadepuebla.com\/category\/actualidad\/\">Actualidad<\/a>, <a class=\"western\" href=\"https:\/\/blog.laveredadepuebla.com\/category\/costumbres\/\">Costumbres<\/a>, <a class=\"western\" href=\"https:\/\/blog.laveredadepuebla.com\/category\/fiestas\/\">Fiestas<\/a>, <a class=\"western\" href=\"https:\/\/blog.laveredadepuebla.com\/category\/mundo-rural\/\">Mundo Rural<\/a> y <a class=\"western\" href=\"https:\/\/blog.laveredadepuebla.com\/category\/paisajes-y-lugares\/\">Paisajes y Lugares<\/a> <\/i><\/span><\/span><\/strong><span style=\"color:#000099;\"><span style=\"font-size:small;\"><i>de la <\/i><\/span><\/span><strong class=\"western\"><span style=\"color:#000099;\"><span style=\"font-size:small;\"><i>Sierra Norte de Guadalajara<\/i><\/span><\/span><\/strong><span style=\"color:#000099;\"><span style=\"font-size:small;\"><i>. <\/i><\/span><\/span><\/p>\n","protected":false},"excerpt":{"rendered":"<p>Est\u00e1 documentada la existencia de un apreciable grupo moz\u00e1rabe en la comarca, buen conocedor del medio f\u00edsico y biling\u00fce, que se manifiesta en la designaci\u00f3n de los top\u00f3nimos. De ahi procede el nombre de este lugar, enclavado en las estribaciones de la Sierra Ministra, a 1.221 mts de altitud. El origen de Sienes data de &hellip; <\/p>\n<p class=\"link-more\"><a href=\"https:\/\/blog.sierranortedeguadalajara.com\/?p=21898\" class=\"more-link\">Seguir leyendo<span class=\"screen-reader-text\"> \u00abSienes\u00bb<\/span><\/a><\/p>\n","protected":false},"author":1,"featured_media":0,"comment_status":"open","ping_status":"open","sticky":false,"template":"","format":"standard","meta":{"footnotes":""},"categories":[12,17,9],"tags":[2,4,130,7,10],"class_list":["post-21898","post","type-post","status-publish","format-standard","hentry","category-actualidad","category-paisajes-y-lugares-de-la-sierra-norte","category-rincones-de-la-sierra-norte","tag-actualidad","tag-cultura","tag-historia-pueblos","tag-naturaleza","tag-sierra-norte","entry"],"_links":{"self":[{"href":"https:\/\/blog.sierranortedeguadalajara.com\/index.php?rest_route=\/wp\/v2\/posts\/21898","targetHints":{"allow":["GET"]}}],"collection":[{"href":"https:\/\/blog.sierranortedeguadalajara.com\/index.php?rest_route=\/wp\/v2\/posts"}],"about":[{"href":"https:\/\/blog.sierranortedeguadalajara.com\/index.php?rest_route=\/wp\/v2\/types\/post"}],"author":[{"embeddable":true,"href":"https:\/\/blog.sierranortedeguadalajara.com\/index.php?rest_route=\/wp\/v2\/users\/1"}],"replies":[{"embeddable":true,"href":"https:\/\/blog.sierranortedeguadalajara.com\/index.php?rest_route=%2Fwp%2Fv2%2Fcomments&post=21898"}],"version-history":[{"count":1,"href":"https:\/\/blog.sierranortedeguadalajara.com\/index.php?rest_route=\/wp\/v2\/posts\/21898\/revisions"}],"predecessor-version":[{"id":25356,"href":"https:\/\/blog.sierranortedeguadalajara.com\/index.php?rest_route=\/wp\/v2\/posts\/21898\/revisions\/25356"}],"wp:attachment":[{"href":"https:\/\/blog.sierranortedeguadalajara.com\/index.php?rest_route=%2Fwp%2Fv2%2Fmedia&parent=21898"}],"wp:term":[{"taxonomy":"category","embeddable":true,"href":"https:\/\/blog.sierranortedeguadalajara.com\/index.php?rest_route=%2Fwp%2Fv2%2Fcategories&post=21898"},{"taxonomy":"post_tag","embeddable":true,"href":"https:\/\/blog.sierranortedeguadalajara.com\/index.php?rest_route=%2Fwp%2Fv2%2Ftags&post=21898"}],"curies":[{"name":"wp","href":"https:\/\/api.w.org\/{rel}","templated":true}]}}