{"id":21879,"date":"2019-10-14T00:05:42","date_gmt":"2019-10-13T22:05:42","guid":{"rendered":"http:\/\/blog.laveredadepuebla.com\/?p=21879"},"modified":"2023-02-10T11:46:46","modified_gmt":"2023-02-10T11:46:46","slug":"tres-visitas-imprecindibles-en-la-sierra-norte-para-octubre","status":"publish","type":"post","link":"https:\/\/blog.sierranortedeguadalajara.com\/?p=21879","title":{"rendered":"Tres visitas imprescindibles en la Sierra Norte para octubre"},"content":{"rendered":"<p align=\"LEFT\"><span style=\"font-size:small;\"><a href=\"https:\/\/laveredadepuebla.files.wordpress.com\/2019\/10\/191014-xii-dc38da-de-la-sierra.jpg\"><img loading=\"lazy\" decoding=\"async\" class=\"alignright size-medium wp-image-21880\" src=\"https:\/\/blog.sierranortedeguadalajara.com\/wp-content\/uploads\/2023\/02\/191014-xii-dc38da-de-la-sierra.jpg\" alt=\"\" width=\"212\" height=\"300\" \/><\/a>Este octubre viene determinado por tres eventos y\/o visitas obligadas en la <\/span><span style=\"font-size:small;\"><i><b>Sierra Norte de Guadalajara,<\/b><\/i><\/span><span style=\"font-size:small;\"> porque son \u00fanicos y porque muestran lo mejor de nuestro patrimonio etnogr\u00e1fico, cultural y natural de nuestra tierra. Son excursiones pensadas para familia y grupos de amigos que deseen pasar un dia diferente<\/span><\/p>\n<ul>\n<li><span style=\"font-size:small;\">El <\/span><span style=\"font-size:small;\"><i><b>Monasterio de Bonaval <\/b><\/i><\/span><span style=\"font-size:small;\">ya es visitable. Una bonita excursi\u00f3n que se puede complementar con el puente, la lengua, la chopera, el molino, la Hoz del jarama, &#8230;Inolvidable. (<em>Vease<\/em> <a href=\"https:\/\/guadaque.com\/provincia-guadaque\/el-monasterio-de-bonaval-se-puede-visitar-desde-el-viernes?fbclid=IwAR3ptz7Sn-ZDGbzNKirz2iE8zampijx84dt99M_3x1ApuvMGrnyH9rBKsuM\"><strong><em>Horario de visitas)<\/em><\/strong><\/a>.<br \/>\n<\/span><\/li>\n<li><span style=\"color:#7e0021;\"><span style=\"font-size:small;\"><i><b>19 Octubre: <\/b><\/i><\/span><\/span><span style=\"font-size:small;\">La <\/span><span style=\"font-size:small;\"><i><b> XII edici\u00f3n del Dia de la Sierra <\/b><\/i><\/span><span style=\"font-size:small;\">que este a\u00f1o se celebra en <\/span><span style=\"color:#7e0021;\"><span style=\"font-size:small;\"><i><b>Condemios de Arriba<\/b><\/i><\/span><\/span><span style=\"font-size:small;\">. Todo un dia dedicado a actividades culturales y l\u00fadicas tipicamente serranas. Imprescindible.<\/span><\/li>\n<li><span style=\"color:#7e0021;\"><span style=\"font-size:small;\"><i><b><a href=\"https:\/\/laveredadepuebla.files.wordpress.com\/2019\/10\/191014-toma-castac3b1a.jpg\"><img loading=\"lazy\" decoding=\"async\" class=\"alignleft size-medium wp-image-21881\" src=\"https:\/\/blog.sierranortedeguadalajara.com\/wp-content\/uploads\/2023\/02\/191014-toma-castac3b1a.jpg\" alt=\"\" width=\"212\" height=\"300\" \/><\/a>26 Octubre: <\/b><\/i><\/span><\/span><span style=\"color:#7e0021;\"><span style=\"font-size:small;\">VII edici\u00f3n de <\/span><\/span><span style=\"color:#000000;\"><span style=\"font-size:small;\"><i><b>Toma Casta\u00f1a, <\/b><\/i><\/span><\/span><span style=\"color:#000000;\"><span style=\"font-size:small;\">que se celebra cada a\u00f1o donde est\u00e1n los casta\u00f1ares m\u00e1s interesantes, en<\/span><\/span><i><b> <\/b><\/i><span style=\"color:#7e0021;\"><span style=\"font-size:small;\"><i><b>Zarzuela de Galve.<\/b><\/i><\/span><\/span><i><b> <\/b><\/i><span style=\"color:#000000;\"><span style=\"font-size:small;\">Si vas un a\u00f1o, vuelves. Te atrapa.<\/span><\/span><\/li>\n<\/ul>\n<p align=\"LEFT\"><span style=\"color:#000000;\"><span style=\"font-size:small;\">Ahora la decisi\u00f3n es tuya. \u00a1<\/span><\/span><span style=\"color:#800000;\"><span style=\"font-size:small;\"><i><b>Que disfrutes.<\/b><\/i><\/span><\/span><\/p>\n<hr \/>\n<p align=\"JUSTIFY\"><span style=\"color:#000099;\"><span style=\"font-size:small;\"><i><b>Lar-ami, <\/b><\/i><\/span><\/span><em class=\"western\"><span style=\"color:#000099;\"><span style=\"font-size:small;\"><i>gerente de <\/i><\/span><\/span><\/em><em class=\"western\"><span style=\"color:#000099;\"><span style=\"font-size:small;\"><i><b>CR<\/b><\/i><\/span><\/span><\/em><i> <\/i><span style=\"color:#0000ff;\"><u><a class=\"western\" href=\"http:\/\/www.laveredadepuebla.com\/\"><span style=\"color:#000099;\"><span style=\"font-size:small;\"><span lang=\"zxx\"><i><b>La Vereda de Puebla<\/b><\/i><\/span><\/span><\/span><\/a><\/u><\/span><span style=\"color:#000099;\"><span style=\"font-size:small;\"><i><b>, entre <\/b><\/i><\/span><\/span><span style=\"color:#0000ff;\"><u><a class=\"western\" href=\"https:\/\/blog.laveredadepuebla.com\/?s=Puebla+y+carcavas\"><span style=\"color:#000099;\"><span style=\"font-size:small;\"><i><b>c\u00e1rcavas<\/b><\/i><\/span><\/span><\/a><\/u><\/span><span style=\"color:#000099;\"><span style=\"font-size:small;\"><i><b> y o<\/b><\/i><\/span><\/span><span style=\"color:#0000ff;\"><u><a class=\"western\" href=\"https:\/\/blog.laveredadepuebla.com\/?s=olivos+mil\"><span style=\"color:#000099;\"><span style=\"font-size:small;\"><i><b>livos milenarios<\/b><\/i><\/span><\/span><\/a><\/u><\/span><span style=\"color:#000099;\"><span style=\"font-size:small;\"><i><b>. <\/b><\/i><\/span><\/span><span style=\"color:#000099;\"><span style=\"font-size:small;\"><i>Todo sobre <\/i><\/span><\/span><strong class=\"western\"><span style=\"color:#000099;\"><span style=\"font-size:small;\"><i><a class=\"western\" href=\"https:\/\/blog.laveredadepuebla.com\/category\/actualidad\/\">Actualidad<\/a>, <a class=\"western\" href=\"https:\/\/blog.laveredadepuebla.com\/category\/costumbres\/\">Costumbres<\/a>, <a class=\"western\" href=\"https:\/\/blog.laveredadepuebla.com\/category\/fiestas\/\">Fiestas<\/a>, <a class=\"western\" href=\"https:\/\/blog.laveredadepuebla.com\/category\/mundo-rural\/\">Mundo Rural<\/a> y <a class=\"western\" href=\"https:\/\/blog.laveredadepuebla.com\/category\/paisajes-y-lugares\/\">Paisajes y Lugares<\/a> <\/i><\/span><\/span><\/strong><span style=\"color:#000099;\"><span style=\"font-size:small;\"><i>de la <\/i><\/span><\/span><strong class=\"western\"><span style=\"color:#000099;\"><span style=\"font-size:small;\"><i>Sierra Norte de Guadalajara<\/i><\/span><\/span><\/strong><span style=\"color:#000099;\"><span style=\"font-size:small;\"><i>. <\/i><\/span><\/span><\/p>\n","protected":false},"excerpt":{"rendered":"<p>Este octubre viene determinado por tres eventos y\/o visitas obligadas en la Sierra Norte de Guadalajara, porque son \u00fanicos y porque muestran lo mejor de nuestro patrimonio etnogr\u00e1fico, cultural y natural de nuestra tierra. Son excursiones pensadas para familia y grupos de amigos que deseen pasar un dia diferente El Monasterio de Bonaval ya es &hellip; <\/p>\n<p class=\"link-more\"><a href=\"https:\/\/blog.sierranortedeguadalajara.com\/?p=21879\" class=\"more-link\">Seguir leyendo<span class=\"screen-reader-text\"> \u00abTres visitas imprescindibles en la Sierra Norte para octubre\u00bb<\/span><\/a><\/p>\n","protected":false},"author":1,"featured_media":0,"comment_status":"open","ping_status":"open","sticky":false,"template":"","format":"standard","meta":{"footnotes":""},"categories":[12,3,42,17],"tags":[2,4,14,7,10],"class_list":["post-21879","post","type-post","status-publish","format-standard","hentry","category-actualidad","category-costumbres-y-tradiciones","category-fiestas-y-eventos","category-paisajes-y-lugares-de-la-sierra-norte","tag-actualidad","tag-cultura","tag-hijos-de-la-tierra","tag-naturaleza","tag-sierra-norte","entry"],"_links":{"self":[{"href":"https:\/\/blog.sierranortedeguadalajara.com\/index.php?rest_route=\/wp\/v2\/posts\/21879","targetHints":{"allow":["GET"]}}],"collection":[{"href":"https:\/\/blog.sierranortedeguadalajara.com\/index.php?rest_route=\/wp\/v2\/posts"}],"about":[{"href":"https:\/\/blog.sierranortedeguadalajara.com\/index.php?rest_route=\/wp\/v2\/types\/post"}],"author":[{"embeddable":true,"href":"https:\/\/blog.sierranortedeguadalajara.com\/index.php?rest_route=\/wp\/v2\/users\/1"}],"replies":[{"embeddable":true,"href":"https:\/\/blog.sierranortedeguadalajara.com\/index.php?rest_route=%2Fwp%2Fv2%2Fcomments&post=21879"}],"version-history":[{"count":1,"href":"https:\/\/blog.sierranortedeguadalajara.com\/index.php?rest_route=\/wp\/v2\/posts\/21879\/revisions"}],"predecessor-version":[{"id":25375,"href":"https:\/\/blog.sierranortedeguadalajara.com\/index.php?rest_route=\/wp\/v2\/posts\/21879\/revisions\/25375"}],"wp:attachment":[{"href":"https:\/\/blog.sierranortedeguadalajara.com\/index.php?rest_route=%2Fwp%2Fv2%2Fmedia&parent=21879"}],"wp:term":[{"taxonomy":"category","embeddable":true,"href":"https:\/\/blog.sierranortedeguadalajara.com\/index.php?rest_route=%2Fwp%2Fv2%2Fcategories&post=21879"},{"taxonomy":"post_tag","embeddable":true,"href":"https:\/\/blog.sierranortedeguadalajara.com\/index.php?rest_route=%2Fwp%2Fv2%2Ftags&post=21879"}],"curies":[{"name":"wp","href":"https:\/\/api.w.org\/{rel}","templated":true}]}}