{"id":21859,"date":"2019-10-21T00:05:10","date_gmt":"2019-10-20T22:05:10","guid":{"rendered":"http:\/\/blog.laveredadepuebla.com\/?p=21859"},"modified":"2023-02-10T11:46:43","modified_gmt":"2023-02-10T11:46:43","slug":"la-bajada-al-barranco-del-jaramilla","status":"publish","type":"post","link":"https:\/\/blog.sierranortedeguadalajara.com\/?p=21859","title":{"rendered":"La bajada al barranco del Jaramilla"},"content":{"rendered":"<p align=\"LEFT\"><i><b><\/b><\/i><i><b><a href=\"https:\/\/laveredadepuebla.files.wordpress.com\/2019\/10\/191021-bajada-1.jpg\"><img loading=\"lazy\" decoding=\"async\" class=\"alignleft wp-image-21862\" src=\"https:\/\/blog.sierranortedeguadalajara.com\/wp-content\/uploads\/2023\/02\/191021-bajada-1.jpg\" alt=\"\" width=\"240\" height=\"180\" \/><\/a>El PRGU4<\/b><\/i><span style=\"font-size:small;\"> va desde <\/span><a href=\"https:\/\/blog.laveredadepuebla.com\/2011\/11\/25\/esos-pueblos-negros\/\"><span style=\"font-size:small;\"><i><b>Roblelacasa<\/b><\/i><\/span><\/a><span style=\"font-size:small;\"> a <\/span><a href=\"https:\/\/blog.laveredadepuebla.com\/2014\/10\/14\/el-cardoso-de-la-sierra\/\"><span style=\"font-size:small;\"><i><b>El Cardoso de la Sierra<\/b><\/i><\/span><\/a><span style=\"font-size:small;\">. Un recorrido de 20 kms con un desnivel de mil quinientos metros <\/span><span style=\"font-size:small;\"><i>(entre subidas y bajadas) <\/i><\/span><span style=\"font-size:small;\">y<\/span><i> <\/i><span style=\"font-size:small;\">una duraci\u00f3n de 6 horas, la convierten en una ruta poco transitada. No ocurr\u00eda asi anta\u00f1o; algunos tramos coinciden con el camino de herradura entre ambos pueblos. <\/span><\/p>\n<p align=\"LEFT\"><span style=\"font-size:small;\"><a href=\"https:\/\/laveredadepuebla.files.wordpress.com\/2019\/10\/191021-bajada-2.jpg\"><img loading=\"lazy\" decoding=\"async\" class=\"alignright size-medium wp-image-21863\" src=\"https:\/\/blog.sierranortedeguadalajara.com\/wp-content\/uploads\/2023\/02\/191021-bajada-2.jpg\" alt=\"\" width=\"225\" height=\"300\" \/><\/a>El tramo m\u00e1s hermoso va al barranco del<\/span><a href=\"https:\/\/blog.laveredadepuebla.com\/2014\/07\/17\/el-jaramilla-y-la-muralla-china\/\"><span style=\"font-size:small;\"><i><b> Jaramilla<\/b><\/i><\/span><\/a><span style=\"font-size:small;\"> desde la carretera de El Cardoso. Un poste y una explanada, a unos cientos de metros antes de la bajada hacia el puente de pizarra, indican el comienzo de la ruta. La senda se dirige al oeste, luego gira al sur y comienza el descenso hacia el r\u00edo (<\/span><span style=\"font-size:small;\"><i>150 mts de desnivel).<\/i><\/span><\/p>\n<p align=\"LEFT\"><span style=\"font-size:small;\">Durante 25` la vereda llanea entre jaras, atraviesa cuchillares impresionantes y presenta vistas espectaculares, adem\u00e1s de los restos de algunas tainas. La bajada en zigzag <\/span><span style=\"font-size:small;\"><i>(25\u00b4)<\/i><\/span><span style=\"font-size:small;\">, por un piso irregular de pizarrilla suelta y muy empinado exigen atenci\u00f3n. A<\/span><span style=\"font-size:small;\">parecen im\u00e1genes in\u00e9ditas de la muralla china, del Asomante y del barranco. Para disfrutarlas, haz un descanso.<\/span><\/p>\n<p align=\"LEFT\"><span style=\"font-size:small;\"><a href=\"https:\/\/laveredadepuebla.files.wordpress.com\/2019\/10\/191021-bajada-3.jpg\"><img loading=\"lazy\" decoding=\"async\" class=\"alignleft wp-image-21864\" src=\"https:\/\/blog.sierranortedeguadalajara.com\/wp-content\/uploads\/2023\/02\/191021-bajada-3.jpg\" alt=\"\" width=\"240\" height=\"180\" \/><\/a>El premio final es el <\/span><a href=\"https:\/\/wp.me\/px6vB-5Gm\"><span style=\"font-size:small;\"><i><b>puente tibetano,<\/b><\/i><\/span><\/a><span style=\"font-size:small;\"> que solo se ve a la llegada<\/span><span style=\"font-size:small;\">. Ubicado a 800 mts aguas arriba del puente de pizarra, la comunicci\u00f3n entre ambos es inexistente. Ni siquiera por el cauce, muy agreste, resbaladizo y de aguas heladas <\/span><span style=\"font-size:small;\"><i>(lo s\u00e9 porque lo he intentado de todas las maneras posibles).<\/i><\/span><span style=\"font-size:small;\"> La vuelta por el mismo sitio. <\/span><span style=\"color:#800000;\"><span style=\"font-size:small;\"><i><b>Una ruta de gran belleza y poco concurrida, para disfrutar. <\/b><\/i><\/span><\/span><\/p>\n<hr \/>\n<p align=\"JUSTIFY\"><span style=\"color:#000099;\"><span style=\"font-size:small;\"><i><b>Lar-ami, <\/b><\/i><\/span><\/span><em class=\"western\"><span style=\"color:#000099;\"><span style=\"font-size:small;\"><i>gerente de <\/i><\/span><\/span><\/em><em class=\"western\"><span style=\"color:#000099;\"><span style=\"font-size:small;\"><i><b>CR<\/b><\/i><\/span><\/span><\/em><i> <\/i><span style=\"color:#0000ff;\"><u><a class=\"western\" href=\"http:\/\/www.laveredadepuebla.com\/\"><span style=\"color:#000099;\"><span style=\"font-size:small;\"><span lang=\"zxx\"><i><b>La Vereda de Puebla<\/b><\/i><\/span><\/span><\/span><\/a><\/u><\/span><span style=\"color:#000099;\"><span style=\"font-size:small;\"><i><b>, entre <\/b><\/i><\/span><\/span><span style=\"color:#0000ff;\"><u><a class=\"western\" href=\"https:\/\/blog.laveredadepuebla.com\/?s=Puebla+y+carcavas\"><span style=\"color:#000099;\"><span style=\"font-size:small;\"><i><b>c\u00e1rcavas<\/b><\/i><\/span><\/span><\/a><\/u><\/span><span style=\"color:#000099;\"><span style=\"font-size:small;\"><i><b> y o<\/b><\/i><\/span><\/span><span style=\"color:#0000ff;\"><u><a class=\"western\" href=\"https:\/\/blog.laveredadepuebla.com\/?s=olivos+mil\"><span style=\"color:#000099;\"><span style=\"font-size:small;\"><i><b>livos milenarios<\/b><\/i><\/span><\/span><\/a><\/u><\/span><span style=\"color:#000099;\"><span style=\"font-size:small;\"><i><b>. <\/b><\/i><\/span><\/span><span style=\"color:#000099;\"><span style=\"font-size:small;\"><i>Todo sobre <\/i><\/span><\/span><strong class=\"western\"><span style=\"color:#000099;\"><span style=\"font-size:small;\"><i><a class=\"western\" href=\"https:\/\/blog.laveredadepuebla.com\/category\/actualidad\/\">Actualidad<\/a>, <a class=\"western\" href=\"https:\/\/blog.laveredadepuebla.com\/category\/costumbres\/\">Costumbres<\/a>, <a class=\"western\" href=\"https:\/\/blog.laveredadepuebla.com\/category\/fiestas\/\">Fiestas<\/a>, <a class=\"western\" href=\"https:\/\/blog.laveredadepuebla.com\/category\/mundo-rural\/\">Mundo Rural<\/a> y <a class=\"western\" href=\"https:\/\/blog.laveredadepuebla.com\/category\/paisajes-y-lugares\/\">Paisajes y Lugares<\/a> <\/i><\/span><\/span><\/strong><span style=\"color:#000099;\"><span style=\"font-size:small;\"><i>de la <\/i><\/span><\/span><strong class=\"western\"><span style=\"color:#000099;\"><span style=\"font-size:small;\"><i>Sierra Norte de Guadalajara<\/i><\/span><\/span><\/strong><span style=\"color:#000099;\"><span style=\"font-size:small;\"><i>.<\/i><\/span><\/span><\/p>\n","protected":false},"excerpt":{"rendered":"<p>El PRGU4 va desde Roblelacasa a El Cardoso de la Sierra. Un recorrido de 20 kms con un desnivel de mil quinientos metros (entre subidas y bajadas) y una duraci\u00f3n de 6 horas, la convierten en una ruta poco transitada. No ocurr\u00eda asi anta\u00f1o; algunos tramos coinciden con el camino de herradura entre ambos pueblos. &hellip; <\/p>\n<p class=\"link-more\"><a href=\"https:\/\/blog.sierranortedeguadalajara.com\/?p=21859\" class=\"more-link\">Seguir leyendo<span class=\"screen-reader-text\"> \u00abLa bajada al barranco del Jaramilla\u00bb<\/span><\/a><\/p>\n","protected":false},"author":1,"featured_media":0,"comment_status":"open","ping_status":"open","sticky":false,"template":"","format":"standard","meta":{"footnotes":""},"categories":[12,17,9],"tags":[2,35,7,40,10],"class_list":["post-21859","post","type-post","status-publish","format-standard","hentry","category-actualidad","category-paisajes-y-lugares-de-la-sierra-norte","category-rincones-de-la-sierra-norte","tag-actualidad","tag-jarama","tag-naturaleza","tag-senderismo","tag-sierra-norte","entry"],"_links":{"self":[{"href":"https:\/\/blog.sierranortedeguadalajara.com\/index.php?rest_route=\/wp\/v2\/posts\/21859","targetHints":{"allow":["GET"]}}],"collection":[{"href":"https:\/\/blog.sierranortedeguadalajara.com\/index.php?rest_route=\/wp\/v2\/posts"}],"about":[{"href":"https:\/\/blog.sierranortedeguadalajara.com\/index.php?rest_route=\/wp\/v2\/types\/post"}],"author":[{"embeddable":true,"href":"https:\/\/blog.sierranortedeguadalajara.com\/index.php?rest_route=\/wp\/v2\/users\/1"}],"replies":[{"embeddable":true,"href":"https:\/\/blog.sierranortedeguadalajara.com\/index.php?rest_route=%2Fwp%2Fv2%2Fcomments&post=21859"}],"version-history":[{"count":1,"href":"https:\/\/blog.sierranortedeguadalajara.com\/index.php?rest_route=\/wp\/v2\/posts\/21859\/revisions"}],"predecessor-version":[{"id":25365,"href":"https:\/\/blog.sierranortedeguadalajara.com\/index.php?rest_route=\/wp\/v2\/posts\/21859\/revisions\/25365"}],"wp:attachment":[{"href":"https:\/\/blog.sierranortedeguadalajara.com\/index.php?rest_route=%2Fwp%2Fv2%2Fmedia&parent=21859"}],"wp:term":[{"taxonomy":"category","embeddable":true,"href":"https:\/\/blog.sierranortedeguadalajara.com\/index.php?rest_route=%2Fwp%2Fv2%2Fcategories&post=21859"},{"taxonomy":"post_tag","embeddable":true,"href":"https:\/\/blog.sierranortedeguadalajara.com\/index.php?rest_route=%2Fwp%2Fv2%2Ftags&post=21859"}],"curies":[{"name":"wp","href":"https:\/\/api.w.org\/{rel}","templated":true}]}}