{"id":21854,"date":"2019-10-18T00:05:49","date_gmt":"2019-10-17T22:05:49","guid":{"rendered":"http:\/\/blog.laveredadepuebla.com\/?p=21854"},"modified":"2023-02-10T11:46:44","modified_gmt":"2023-02-10T11:46:44","slug":"sauca","status":"publish","type":"post","link":"https:\/\/blog.sierranortedeguadalajara.com\/?p=21854","title":{"rendered":"Sa\u00faca"},"content":{"rendered":"<p align=\"LEFT\"><span style=\"font-size:small;\">Su origen data de la repoblaci\u00f3n posterior a la Reconquista y goz\u00f3 de los favores del rey Alfonso VIII y del obispo de Sig\u00fcenza. De ah\u00ed su preciosa iglesia <\/span><span style=\"font-size:small;\"><i>(finales del siglo XII-XIII),<\/i><\/span><span style=\"font-size:small;\"> excelentemente conservada y que es una <\/span><a href=\"http:\/\/www.romanicodigital.com\/detalle-Pdf.aspx?archivo=SA%C3%9ACA&amp;localidad=GUADALAJARA\"><span style=\"font-size:small;\"><i><b>maravillosa joya del Rom\u00e1nico<\/b><\/i><\/span><\/a><span style=\"font-size:small;\">. Destaca su galer\u00eda porticada y los capiteles de motivos vegetales, excepto 2 que son historiados.<\/span><\/p>\n<p align=\"LEFT\"><span style=\"font-size:small;\"><a href=\"https:\/\/laveredadepuebla.files.wordpress.com\/2019\/10\/191018-sauca-1.jpg\"><img loading=\"lazy\" decoding=\"async\" class=\"alignright size-medium wp-image-21857\" src=\"https:\/\/blog.sierranortedeguadalajara.com\/wp-content\/uploads\/2023\/02\/191018-sauca-1.jpg\" alt=\"\" width=\"300\" height=\"201\" \/><\/a>Situado en la cuenca del r\u00edo Dulce, en la margen izquierda de la autov\u00eda Madrid-Zaragoza, el lugar pas\u00f3 a depender de los Duques de Medinaceli a mediados del siglo XV hasta el fin de los Se\u00f1or\u00edos en el siglo XIX. <\/span><span style=\"font-size:small;\">Hoy es conocida por la gasolinera y porque en su hostal se alojaba el amigo de los animales, el Dr <a href=\"https:\/\/blog.laveredadepuebla.com\/2019\/02\/18\/felix-rodriguez-de-la-fuente-visionario\/\"><i><b>F\u00e9lix Rodriguez de la Fuente<\/b><\/i><\/a> durante sus estancias <span style=\"color:#800000;\"><i>(a\u00f1os 1974-77)<\/i><\/span> en el <a href=\"https:\/\/blog.laveredadepuebla.com\/2018\/09\/17\/el-p-n-barranco-del-rio-dulce\/\"><i><b>barranco de Pelegrina.<\/b><\/i><\/a><\/span><\/p>\n<p align=\"LEFT\"><span style=\"font-size:small;\">En los a\u00f1os ochenta incorpor\u00f3 a su t\u00e9rmino <span style=\"color:#800000;\"><i><b>Jodra del Pinar<\/b><\/i><\/span> como pedan\u00eda, incluyendo su magnifica <i><b><a href=\"http:\/\/www.romanicodigital.com\/detalle-Pdf.aspx?archivo=JODRA%20DEL%20PINAR&amp;localidad=GUADALAJARA\">iglesia rom\u00e1nica<\/a> <\/b><\/i>de la misma \u00e9poca. Otro tesoro a preservar. Una<a href=\"https:\/\/es.wikiloc.com\/rutas-senderismo\/canon-rio-dulce-jodra-pelegrina-251422\"><i><b> preciosa ruta de senderismo<\/b><\/i> <\/a>nace en este lugar y sigue el curso del rio Dulce hasta Pelegrina.<\/span><\/p>\n<p align=\"LEFT\"><span style=\"font-size:small;\">Sus vecinos celebran San Blas el primer domingo de febrero y las fiestas patronales el primer domingo de octubre. Disponen de bar, restaurante, alojamiento y gasolinera.<\/span><\/p>\n<hr \/>\n<p align=\"JUSTIFY\"><span style=\"color:#000099;\"><span style=\"font-size:small;\"><i><b>Lar-ami, <\/b><\/i><\/span><\/span><em class=\"western\"><span style=\"color:#000099;\"><span style=\"font-size:small;\"><i>gerente de <\/i><\/span><\/span><\/em><em class=\"western\"><span style=\"color:#000099;\"><span style=\"font-size:small;\"><i><b>CR<\/b><\/i><\/span><\/span><\/em><i> <\/i><span style=\"color:#0000ff;\"><u><a class=\"western\" href=\"http:\/\/www.laveredadepuebla.com\/\"><span style=\"color:#000099;\"><span style=\"font-size:small;\"><span lang=\"zxx\"><i><b>La Vereda de Puebla<\/b><\/i><\/span><\/span><\/span><\/a><\/u><\/span><span style=\"color:#000099;\"><span style=\"font-size:small;\"><i><b>, entre <\/b><\/i><\/span><\/span><span style=\"color:#0000ff;\"><u><a class=\"western\" href=\"https:\/\/blog.laveredadepuebla.com\/?s=Puebla+y+carcavas\"><span style=\"color:#000099;\"><span style=\"font-size:small;\"><i><b>c\u00e1rcavas<\/b><\/i><\/span><\/span><\/a><\/u><\/span><span style=\"color:#000099;\"><span style=\"font-size:small;\"><i><b> y o<\/b><\/i><\/span><\/span><span style=\"color:#0000ff;\"><u><a class=\"western\" href=\"https:\/\/blog.laveredadepuebla.com\/?s=olivos+mil\"><span style=\"color:#000099;\"><span style=\"font-size:small;\"><i><b>livos milenarios<\/b><\/i><\/span><\/span><\/a><\/u><\/span><span style=\"color:#000099;\"><span style=\"font-size:small;\"><i><b>. <\/b><\/i><\/span><\/span><span style=\"color:#000099;\"><span style=\"font-size:small;\"><i>Todo sobre <\/i><\/span><\/span><strong class=\"western\"><span style=\"color:#000099;\"><span style=\"font-size:small;\"><i><a class=\"western\" href=\"https:\/\/blog.laveredadepuebla.com\/category\/actualidad\/\">Actualidad<\/a>, <a class=\"western\" href=\"https:\/\/blog.laveredadepuebla.com\/category\/costumbres\/\">Costumbres<\/a>, <a class=\"western\" href=\"https:\/\/blog.laveredadepuebla.com\/category\/fiestas\/\">Fiestas<\/a>, <a class=\"western\" href=\"https:\/\/blog.laveredadepuebla.com\/category\/mundo-rural\/\">Mundo Rural<\/a> y <a class=\"western\" href=\"https:\/\/blog.laveredadepuebla.com\/category\/paisajes-y-lugares\/\">Paisajes y Lugares<\/a> <\/i><\/span><\/span><\/strong><span style=\"color:#000099;\"><span style=\"font-size:small;\"><i>de la <\/i><\/span><\/span><strong class=\"western\"><span style=\"color:#000099;\"><span style=\"font-size:small;\"><i>Sierra Norte de Guadalajara<\/i><\/span><\/span><\/strong><span style=\"color:#000099;\"><span style=\"font-size:small;\"><i>. <\/i><\/span><\/span><\/p>\n","protected":false},"excerpt":{"rendered":"<p>Su origen data de la repoblaci\u00f3n posterior a la Reconquista y goz\u00f3 de los favores del rey Alfonso VIII y del obispo de Sig\u00fcenza. De ah\u00ed su preciosa iglesia (finales del siglo XII-XIII), excelentemente conservada y que es una maravillosa joya del Rom\u00e1nico. Destaca su galer\u00eda porticada y los capiteles de motivos vegetales, excepto 2 &hellip; <\/p>\n<p class=\"link-more\"><a href=\"https:\/\/blog.sierranortedeguadalajara.com\/?p=21854\" class=\"more-link\">Seguir leyendo<span class=\"screen-reader-text\"> \u00abSa\u00faca\u00bb<\/span><\/a><\/p>\n","protected":false},"author":1,"featured_media":0,"comment_status":"open","ping_status":"open","sticky":false,"template":"","format":"standard","meta":{"footnotes":""},"categories":[17,9],"tags":[2,4,5,7,10],"class_list":["post-21854","post","type-post","status-publish","format-standard","hentry","category-paisajes-y-lugares-de-la-sierra-norte","category-rincones-de-la-sierra-norte","tag-actualidad","tag-cultura","tag-historia","tag-naturaleza","tag-sierra-norte","entry"],"_links":{"self":[{"href":"https:\/\/blog.sierranortedeguadalajara.com\/index.php?rest_route=\/wp\/v2\/posts\/21854","targetHints":{"allow":["GET"]}}],"collection":[{"href":"https:\/\/blog.sierranortedeguadalajara.com\/index.php?rest_route=\/wp\/v2\/posts"}],"about":[{"href":"https:\/\/blog.sierranortedeguadalajara.com\/index.php?rest_route=\/wp\/v2\/types\/post"}],"author":[{"embeddable":true,"href":"https:\/\/blog.sierranortedeguadalajara.com\/index.php?rest_route=\/wp\/v2\/users\/1"}],"replies":[{"embeddable":true,"href":"https:\/\/blog.sierranortedeguadalajara.com\/index.php?rest_route=%2Fwp%2Fv2%2Fcomments&post=21854"}],"version-history":[{"count":1,"href":"https:\/\/blog.sierranortedeguadalajara.com\/index.php?rest_route=\/wp\/v2\/posts\/21854\/revisions"}],"predecessor-version":[{"id":25367,"href":"https:\/\/blog.sierranortedeguadalajara.com\/index.php?rest_route=\/wp\/v2\/posts\/21854\/revisions\/25367"}],"wp:attachment":[{"href":"https:\/\/blog.sierranortedeguadalajara.com\/index.php?rest_route=%2Fwp%2Fv2%2Fmedia&parent=21854"}],"wp:term":[{"taxonomy":"category","embeddable":true,"href":"https:\/\/blog.sierranortedeguadalajara.com\/index.php?rest_route=%2Fwp%2Fv2%2Fcategories&post=21854"},{"taxonomy":"post_tag","embeddable":true,"href":"https:\/\/blog.sierranortedeguadalajara.com\/index.php?rest_route=%2Fwp%2Fv2%2Ftags&post=21854"}],"curies":[{"name":"wp","href":"https:\/\/api.w.org\/{rel}","templated":true}]}}