{"id":21802,"date":"2019-09-25T00:05:24","date_gmt":"2019-09-24T22:05:24","guid":{"rendered":"http:\/\/blog.laveredadepuebla.com\/?p=21802"},"modified":"2023-02-10T11:46:50","modified_gmt":"2023-02-10T11:46:50","slug":"marihuana-en-el-pn-sierra-norte-de-guadalajara","status":"publish","type":"post","link":"https:\/\/blog.sierranortedeguadalajara.com\/?p=21802","title":{"rendered":"Marihuana en el PN Sierra Norte de Guadalajara"},"content":{"rendered":"<p align=\"LEFT\"><span style=\"font-size:small;\">El s\u00e1bado<\/span><a href=\"https:\/\/www.guadaque.com\/sucesos-guadaque\/la-guardia-civil-desmantela-una-plantacion-de-marihuana-en-el-parque-natural-de-la-sierra-de-norte-de-guadalajara\"><span style=\"font-size:small;\"><i><b> la prensa <\/b><\/i><\/span><\/a><span style=\"font-size:small;\">se hizo eco <\/span><span style=\"color:#800000;\"><span style=\"font-size:small;\"><i>(la noticia tuvo <\/i><\/span><\/span><span style=\"color:#000000;\"><span style=\"font-size:small;\"><i><a href=\"https:\/\/www.abc.es\/espana\/castilla-la-mancha\/abci-encuentran-4600-plantas-marihuana-parque-natural-sierra-norte-guadalajara-201909211402_noticia.html\"><b>alcance nacional<\/b><\/a>)<\/i><\/span><\/span><span style=\"font-size:small;\"> del desmantelamiento de una plantaci\u00f3n industrial de marihuana <\/span><span style=\"color:#800000;\"><span style=\"font-size:small;\"><i>(4.600 plantas en diferentes fases de crecimiento)<\/i><\/span><\/span><span style=\"font-size:small;\"> a orillas del <\/span><a href=\"https:\/\/blog.laveredadepuebla.com\/2014\/03\/03\/las-caras-del-rio-sorbe\/\"><span style=\"font-size:small;\"><i><b>r\u00edo Sorbe<\/b><\/i><\/span><\/a><span style=\"font-size:small;\">, en el t\u00e9rmino de <\/span><a href=\"https:\/\/blog.laveredadepuebla.com\/2017\/08\/02\/descubre-semillas-y-la-sierra-norte-de-guadalajara\/\"><span style=\"font-size:small;\"><i><b>Semillas<\/b><\/i><\/span><\/a><span style=\"font-size:small;\">. La Guardia Civil tuvo que usar un helicoptero para detener a los 4 individuos que la atend\u00edan, debido a lo agreste del terreno, &#8230;<\/span><\/p>\n<p align=\"LEFT\">\u2026 N<span style=\"font-size:small;\">o es la primera vez que se producen hechos de este tipo&#8230; pero a nivel casero y para consumo propio. El <\/span><a href=\"https:\/\/blog.laveredadepuebla.com\/2009\/08\/27\/rio-jarama\/\"><span style=\"font-size:small;\"><i><b>r\u00edo Jarama<\/b><\/i><\/span><\/a><span style=\"font-size:small;\"> puede contar al menos un par de ellos, ocurridos hace m\u00e1s de 20 a\u00f1os &#8230; Quiz\u00e1s porque aqui abundan los r\u00edos enca\u00f1onados de dificil aceso, la vegetaci\u00f3n es muy frondosa, los pinares muy densos, el terreno muy agreste, la zona est\u00e1 poco poblada, \u2026<\/span><\/p>\n<p align=\"LEFT\"><span style=\"font-size:small;\"><a href=\"https:\/\/laveredadepuebla.files.wordpress.com\/2019\/09\/marihuana.jpg\"><img loading=\"lazy\" decoding=\"async\" class=\"alignright size-medium wp-image-21805\" src=\"https:\/\/blog.sierranortedeguadalajara.com\/wp-content\/uploads\/2023\/02\/marihuana.jpg\" alt=\"\" width=\"300\" height=\"169\" \/><\/a>Hace alg\u00fan tiempo aparecieron en un lindero una decena de matas, visibles desde la carretera. <\/span><span style=\"color:#7e0021;\"><span style=\"font-size:small;\"><i><b>El Serprona<\/b><\/i><\/span><\/span><span style=\"font-size:small;\"> denunci\u00f3 a sus propietarios, gente de bien que jam\u00e1s habian tenido problemas con la Justicia. Les cost\u00f3 muchas gestiones y mucho tiempo <\/span><span style=\"color:#7e0021;\"><span style=\"font-size:small;\"><i>(&gt; 1,5 a\u00f1os)<\/i><\/span><\/span><span style=\"font-size:small;\"> convencer al juez que ellos no eran responsables. Ayud\u00f3 que el otro lindante tuviera antecedentes por hechos parecidos.<\/span><\/p>\n<p align=\"LEFT\"><span style=\"font-size:small;\">A\u00fan se recuerda con cari\u00f1o a un serrano <\/span><span style=\"color:#7e0021;\"><span style=\"font-size:small;\"><i>(q.e.p.d.)<\/i><\/span><\/span> <span style=\"font-size:small;\"> que sembraba alguna mata de marihuana para consumo propio entre los tomates de su huerto, situado junto a la carretera por donde pasaban casi a diario <\/span><span style=\"color:#7e0021;\"><span style=\"font-size:small;\"><i><b>la Guardia Civil <\/b><\/i><\/span><\/span><span style=\"font-size:small;\">y nunca la detect\u00f3. Claro que esto ocurri\u00f3 en el siglo pasado, cuando apenas se conocia el aspecto de esta planta.<\/span><\/p>\n<hr \/>\n<p align=\"JUSTIFY\"><span style=\"color:#000099;\"><span style=\"font-size:small;\"><i><b>Lar-ami, <\/b><\/i><\/span><\/span><em class=\"western\"><span style=\"color:#000099;\"><span style=\"font-size:small;\"><i>gerente de <\/i><\/span><\/span><\/em><em class=\"western\"><span style=\"color:#000099;\"><span style=\"font-size:small;\"><i><b>CR<\/b><\/i><\/span><\/span><\/em><i> <\/i><span style=\"color:#0000ff;\"><u><a class=\"western\" href=\"http:\/\/www.laveredadepuebla.com\/\"><span style=\"color:#000099;\"><span style=\"font-size:small;\"><span lang=\"zxx\"><i><b>La Vereda de Puebla<\/b><\/i><\/span><\/span><\/span><\/a><\/u><\/span><span style=\"color:#000099;\"><span style=\"font-size:small;\"><i><b>, entre <\/b><\/i><\/span><\/span><span style=\"color:#0000ff;\"><u><a class=\"western\" href=\"https:\/\/blog.laveredadepuebla.com\/?s=Puebla+y+carcavas\"><span style=\"color:#000099;\"><span style=\"font-size:small;\"><i><b>c\u00e1rcavas<\/b><\/i><\/span><\/span><\/a><\/u><\/span><span style=\"color:#000099;\"><span style=\"font-size:small;\"><i><b> y o<\/b><\/i><\/span><\/span><span style=\"color:#0000ff;\"><u><a class=\"western\" href=\"https:\/\/blog.laveredadepuebla.com\/?s=olivos+mil\"><span style=\"color:#000099;\"><span style=\"font-size:small;\"><i><b>livos milenarios<\/b><\/i><\/span><\/span><\/a><\/u><\/span><span style=\"color:#000099;\"><span style=\"font-size:small;\"><i><b>. <\/b><\/i><\/span><\/span><span style=\"color:#000099;\"><span style=\"font-size:small;\"><i>Todo sobre <\/i><\/span><\/span><strong class=\"western\"><span style=\"color:#000099;\"><span style=\"font-size:small;\"><i><a class=\"western\" href=\"https:\/\/blog.laveredadepuebla.com\/category\/actualidad\/\">Actualidad<\/a>, <a class=\"western\" href=\"https:\/\/blog.laveredadepuebla.com\/category\/costumbres\/\">Costumbres<\/a>, <a class=\"western\" href=\"https:\/\/blog.laveredadepuebla.com\/category\/fiestas\/\">Fiestas<\/a>, <a class=\"western\" href=\"https:\/\/blog.laveredadepuebla.com\/category\/mundo-rural\/\">Mundo Rural<\/a> y <a class=\"western\" href=\"https:\/\/blog.laveredadepuebla.com\/category\/paisajes-y-lugares\/\">Paisajes y Lugares<\/a> <\/i><\/span><\/span><\/strong><span style=\"color:#000099;\"><span style=\"font-size:small;\"><i>de la <\/i><\/span><\/span><strong class=\"western\"><span style=\"color:#000099;\"><span style=\"font-size:small;\"><i>Sierra Norte de Guadalajara<\/i><\/span><\/span><\/strong><span style=\"color:#000099;\"><span style=\"font-size:small;\"><i>.<\/i><\/span><\/span><\/p>\n","protected":false},"excerpt":{"rendered":"<p>El s\u00e1bado la prensa se hizo eco (la noticia tuvo alcance nacional) del desmantelamiento de una plantaci\u00f3n industrial de marihuana (4.600 plantas en diferentes fases de crecimiento) a orillas del r\u00edo Sorbe, en el t\u00e9rmino de Semillas. La Guardia Civil tuvo que usar un helicoptero para detener a los 4 individuos que la atend\u00edan, debido &hellip; <\/p>\n<p class=\"link-more\"><a href=\"https:\/\/blog.sierranortedeguadalajara.com\/?p=21802\" class=\"more-link\">Seguir leyendo<span class=\"screen-reader-text\"> \u00abMarihuana en el PN Sierra Norte de Guadalajara\u00bb<\/span><\/a><\/p>\n","protected":false},"author":1,"featured_media":0,"comment_status":"open","ping_status":"open","sticky":false,"template":"","format":"standard","meta":{"footnotes":""},"categories":[12,17,9],"tags":[2,5,7,10],"class_list":["post-21802","post","type-post","status-publish","format-standard","hentry","category-actualidad","category-paisajes-y-lugares-de-la-sierra-norte","category-rincones-de-la-sierra-norte","tag-actualidad","tag-historia","tag-naturaleza","tag-sierra-norte","entry"],"_links":{"self":[{"href":"https:\/\/blog.sierranortedeguadalajara.com\/index.php?rest_route=\/wp\/v2\/posts\/21802","targetHints":{"allow":["GET"]}}],"collection":[{"href":"https:\/\/blog.sierranortedeguadalajara.com\/index.php?rest_route=\/wp\/v2\/posts"}],"about":[{"href":"https:\/\/blog.sierranortedeguadalajara.com\/index.php?rest_route=\/wp\/v2\/types\/post"}],"author":[{"embeddable":true,"href":"https:\/\/blog.sierranortedeguadalajara.com\/index.php?rest_route=\/wp\/v2\/users\/1"}],"replies":[{"embeddable":true,"href":"https:\/\/blog.sierranortedeguadalajara.com\/index.php?rest_route=%2Fwp%2Fv2%2Fcomments&post=21802"}],"version-history":[{"count":1,"href":"https:\/\/blog.sierranortedeguadalajara.com\/index.php?rest_route=\/wp\/v2\/posts\/21802\/revisions"}],"predecessor-version":[{"id":25395,"href":"https:\/\/blog.sierranortedeguadalajara.com\/index.php?rest_route=\/wp\/v2\/posts\/21802\/revisions\/25395"}],"wp:attachment":[{"href":"https:\/\/blog.sierranortedeguadalajara.com\/index.php?rest_route=%2Fwp%2Fv2%2Fmedia&parent=21802"}],"wp:term":[{"taxonomy":"category","embeddable":true,"href":"https:\/\/blog.sierranortedeguadalajara.com\/index.php?rest_route=%2Fwp%2Fv2%2Fcategories&post=21802"},{"taxonomy":"post_tag","embeddable":true,"href":"https:\/\/blog.sierranortedeguadalajara.com\/index.php?rest_route=%2Fwp%2Fv2%2Ftags&post=21802"}],"curies":[{"name":"wp","href":"https:\/\/api.w.org\/{rel}","templated":true}]}}