{"id":21780,"date":"2019-09-30T00:05:36","date_gmt":"2019-09-29T22:05:36","guid":{"rendered":"http:\/\/blog.laveredadepuebla.com\/?p=21780"},"modified":"2023-02-10T11:46:49","modified_gmt":"2023-02-10T11:46:49","slug":"octubre-2019-fiestas-y-eventos-en-la-sierra-norte-de-guadalajara","status":"publish","type":"post","link":"https:\/\/blog.sierranortedeguadalajara.com\/?p=21780","title":{"rendered":"Octubre 2019:  fiestas y eventos en la Sierra Norte de Guadalajara"},"content":{"rendered":"<p><span style=\"font-size:small;\"><a href=\"https:\/\/laveredadepuebla.files.wordpress.com\/2019\/09\/190930-fiestas-octubre.jpg\"><img loading=\"lazy\" decoding=\"async\" class=\"alignleft wp-image-21784\" src=\"https:\/\/blog.sierranortedeguadalajara.com\/wp-content\/uploads\/2023\/02\/190930-fiestas-octubre.jpg\" alt=\"\" width=\"168\" height=\"240\" \/><\/a>Oto\u00f1o empezaba festivo en la <\/span><a href=\"https:\/\/blog.laveredadepuebla.com\/2016\/05\/10\/el-mapa-de-la-sierra-norte\/\"><span style=\"font-size:small;\"><i><b>Sierra Norte de Guadalajara<\/b><\/i><\/span><\/a><span style=\"font-size:small;\">. Muchas fiestas se han perdido pero han ido surgiendo otras que est\u00e1n adquiriendo solera y hoy son imprescindibles. Sean estas las m\u00e1s significativas <\/span><span style=\"font-size:small;\"><i>(si faltase alguna agradecemos que lo indiqu\u00e9is):<\/i><\/span><\/p>\n<ul>\n<li><span style=\"font-size:small;\"><i><b>D\u00eda 5 y 6: <\/b><\/i><\/span><span style=\"font-size:small;\">en <\/span><span style=\"color:#7e0021;\"><span style=\"font-size:small;\"><i><b>Robledo de Corpes<\/b><\/i><\/span><\/span><span style=\"color:#7e0021;\"><span style=\"font-size:small;\"><i>,<\/i><\/span><\/span><i> <\/i><span style=\"font-size:small;\">fiestas de la Virgen del Rosario<\/span><\/li>\n<li><span style=\"font-size:small;\"><i><b>D\u00eda 5: <\/b><\/i><\/span><span style=\"color:#7e0021;\"><span style=\"font-size:small;\"><i><b>Mercadillo del Trueque<\/b><\/i><\/span><\/span><i><b> <\/b><\/i><span style=\"font-size:small;\"><i>en Majalerayo<\/i><\/span><\/li>\n<li><span style=\"color:#000000;\"><span style=\"font-size:small;\"><i><b>Dia 12: <\/b><\/i><\/span><\/span><span style=\"color:#800000;\"><span style=\"font-size:small;\"><i><b>Feria medieval<\/b><\/i><\/span><\/span><i><b> <\/b><\/i><span style=\"color:#000000;\"><span style=\"font-size:small;\">en Atienza<\/span><\/span><\/li>\n<li><span style=\"font-size:small;\"><i><b>D\u00eda 12: <\/b><\/i><\/span><span style=\"font-size:small;\"><i> Feria de ganado en <\/i><\/span><a href=\"https:\/\/blog.laveredadepuebla.com\/2018\/09\/24\/feria-de-ganado-en-cantalojas\/\"><span style=\"font-size:small;\"><i><b>Cantalojas<a href=\"https:\/\/laveredadepuebla.files.wordpress.com\/2019\/09\/fiestas-octubre.jpg\"><img loading=\"lazy\" decoding=\"async\" class=\"alignright size-medium wp-image-21811\" src=\"https:\/\/blog.sierranortedeguadalajara.com\/wp-content\/uploads\/2023\/02\/fiestas-octubre.jpg\" alt=\"\" width=\"217\" height=\"300\" \/><\/a><\/b><\/i><\/span><\/a><\/li>\n<li><span style=\"font-size:small;\"><i><b>D\u00eda 12 : <\/b><\/i><\/span> <a href=\"http:\/\/www.cantalojazz.com\/\"><span style=\"font-size:small;\"><i><b>XV edici\u00f3n de Cantalojazz, <\/b><\/i><\/span><\/a><span style=\"font-size:small;\">este a\u00f1o con <\/span><span style=\"color:#7e0021;\"><span style=\"font-size:small;\"><i><b>MARIANO D\u00cdAZ-PERICO SAMBEAT QUINTET <\/b><\/i><\/span><\/span><\/li>\n<li><span style=\"font-size:small;\"><i><b>D\u00eda 19: <a href=\"http:\/\/serraniadeguadalajara.com\/\">XII edici\u00f3n del Dia de la Sierra<\/a><\/b><\/i><\/span><span style=\"font-size:small;\">, este a\u00f1o en <\/span><span style=\"color:#7e0021;\"><span style=\"font-size:small;\"><i><b>Condemios de Arriba<\/b><\/i><\/span><\/span><\/li>\n<li><span style=\"font-size:small;\"><i><b>Dia 26: <\/b><\/i><\/span><span style=\"font-size:small;\">en<\/span><i><b> <\/b><\/i><span style=\"font-size:small;\">Zarzuela de Galve,<\/span><a href=\"https:\/\/blog.laveredadepuebla.com\/2014\/12\/24\/castanos-en-la-sierra-norte\/\"><span style=\"font-size:small;\"><i><b> VI edici\u00f3n Toma Casta\u00f1a<\/b><\/i><\/span><\/a><\/li>\n<li><span style=\"font-size:small;\"><i><b>D\u00eda 26: <\/b><\/i><\/span><span style=\"font-size:small;\">la <\/span><a href=\"https:\/\/blog.laveredadepuebla.com\/2018\/09\/26\/la-carrera-del-cabro\/\"><span style=\"font-size:small;\"><i><b>carrera del Cabro <\/b><\/i><\/span><\/a><span style=\"font-size:small;\">en <\/span><span style=\"color:#7e0021;\"><span style=\"font-size:small;\"><i><b>Membrilera<\/b><\/i><\/span><\/span><\/li>\n<\/ul>\n<p><span style=\"font-size:small;\">Si a esto le sumas los<a href=\"https:\/\/blog.laveredadepuebla.com\/2015\/09\/23\/puebla-de-valles-y-sus-carcavas\/\"><em><strong> contrastes de color que se acent\u00faan en oto\u00f1o<\/strong><\/em><\/a>, no tienes excusa para no venir a la <\/span><span style=\"color:#7e0021;\"><span style=\"font-size:small;\"><i><b>Sierra Norte de Guadalajara<\/b><\/i><\/span><\/span><span style=\"font-size:small;\"><i><b>. <\/b><\/i><\/span><span style=\"font-size:small;\">D<\/span><span style=\"font-size:small;\">escubrir\u00e1s por qu\u00e9 es<\/span><i><b> <\/b><\/i><span style=\"color:#000000;\"><span style=\"font-size:small;\"><i><b><a href=\"http:\/\/www.sierranortedeguadalajara.com\">un para\u00edso a tu alcance<\/a>. <\/b><\/i><\/span><\/span><\/p>\n<hr \/>\n<ul>\n<li><span style=\"color:#000099;\"><span style=\"font-size:small;\"><i><b>Lar-ami, <\/b><\/i><\/span><\/span><em class=\"western\"><span style=\"color:#000099;\"><span style=\"font-size:small;\"><i>gerente de <\/i><\/span><\/span><\/em><em class=\"western\"><span style=\"color:#000099;\"><span style=\"font-size:small;\"><i><b>CR<\/b><\/i><\/span><\/span><\/em><i> <\/i><span style=\"color:#0000ff;\"><u><a class=\"western\" href=\"http:\/\/www.laveredadepuebla.com\/\"><span style=\"color:#000099;\"><span style=\"font-size:small;\"><span lang=\"zxx\"><i><b>La Vereda de Puebla<\/b><\/i><\/span><\/span><\/span><\/a><\/u><\/span><span style=\"color:#000099;\"><span style=\"font-size:small;\"><i><b>, entre <\/b><\/i><\/span><\/span><span style=\"color:#0000ff;\"><u><a class=\"western\" href=\"https:\/\/blog.laveredadepuebla.com\/?s=Puebla+y+carcavas\"><span style=\"color:#000099;\"><span style=\"font-size:small;\"><i><b>c\u00e1rcavas<\/b><\/i><\/span><\/span><\/a><\/u><\/span><span style=\"color:#000099;\"><span style=\"font-size:small;\"><i><b> y o<\/b><\/i><\/span><\/span><span style=\"color:#0000ff;\"><u><a class=\"western\" href=\"https:\/\/blog.laveredadepuebla.com\/?s=olivos+mil\"><span style=\"color:#000099;\"><span style=\"font-size:small;\"><i><b>livos milenarios<\/b><\/i><\/span><\/span><\/a><\/u><\/span><span style=\"color:#000099;\"><span style=\"font-size:small;\"><i><b>. <\/b><\/i><\/span><\/span><span style=\"color:#000099;\"><span style=\"font-size:small;\"><i>Todo sobre <\/i><\/span><\/span><strong class=\"western\"><span style=\"color:#000099;\"><span style=\"font-size:small;\"><i><a class=\"western\" href=\"https:\/\/blog.laveredadepuebla.com\/category\/actualidad\/\">Actualidad<\/a>, <a class=\"western\" href=\"https:\/\/blog.laveredadepuebla.com\/category\/costumbres\/\">Costumbres<\/a>, <a class=\"western\" href=\"https:\/\/blog.laveredadepuebla.com\/category\/fiestas\/\">Fiestas<\/a>, <a class=\"western\" href=\"https:\/\/blog.laveredadepuebla.com\/category\/mundo-rural\/\">Mundo Rural<\/a> y <a class=\"western\" href=\"https:\/\/blog.laveredadepuebla.com\/category\/paisajes-y-lugares\/\">Paisajes y Lugares<\/a> <\/i><\/span><\/span><\/strong><span style=\"color:#000099;\"><span style=\"font-size:small;\"><i>de la <\/i><\/span><\/span><strong class=\"western\"><span style=\"color:#000099;\"><span style=\"font-size:small;\"><i>Sierra Norte de Guadalajara<\/i><\/span><\/span><\/strong><span style=\"color:#000099;\"><span style=\"font-size:small;\"><i>.<\/i><\/span><\/span><\/li>\n<\/ul>\n","protected":false},"excerpt":{"rendered":"<p>Oto\u00f1o empezaba festivo en la Sierra Norte de Guadalajara. Muchas fiestas se han perdido pero han ido surgiendo otras que est\u00e1n adquiriendo solera y hoy son imprescindibles. Sean estas las m\u00e1s significativas (si faltase alguna agradecemos que lo indiqu\u00e9is): D\u00eda 5 y 6: en Robledo de Corpes, fiestas de la Virgen del Rosario D\u00eda 5: &hellip; <\/p>\n<p class=\"link-more\"><a href=\"https:\/\/blog.sierranortedeguadalajara.com\/?p=21780\" class=\"more-link\">Seguir leyendo<span class=\"screen-reader-text\"> \u00abOctubre 2019:  fiestas y eventos en la Sierra Norte de Guadalajara\u00bb<\/span><\/a><\/p>\n","protected":false},"author":1,"featured_media":0,"comment_status":"open","ping_status":"open","sticky":false,"template":"","format":"standard","meta":{"footnotes":""},"categories":[12,42,9],"tags":[2,28,4,113,14,5,10],"class_list":["post-21780","post","type-post","status-publish","format-standard","hentry","category-actualidad","category-fiestas-y-eventos","category-rincones-de-la-sierra-norte","tag-actualidad","tag-costumbres","tag-cultura","tag-fiestas","tag-hijos-de-la-tierra","tag-historia","tag-sierra-norte","entry"],"_links":{"self":[{"href":"https:\/\/blog.sierranortedeguadalajara.com\/index.php?rest_route=\/wp\/v2\/posts\/21780","targetHints":{"allow":["GET"]}}],"collection":[{"href":"https:\/\/blog.sierranortedeguadalajara.com\/index.php?rest_route=\/wp\/v2\/posts"}],"about":[{"href":"https:\/\/blog.sierranortedeguadalajara.com\/index.php?rest_route=\/wp\/v2\/types\/post"}],"author":[{"embeddable":true,"href":"https:\/\/blog.sierranortedeguadalajara.com\/index.php?rest_route=\/wp\/v2\/users\/1"}],"replies":[{"embeddable":true,"href":"https:\/\/blog.sierranortedeguadalajara.com\/index.php?rest_route=%2Fwp%2Fv2%2Fcomments&post=21780"}],"version-history":[{"count":1,"href":"https:\/\/blog.sierranortedeguadalajara.com\/index.php?rest_route=\/wp\/v2\/posts\/21780\/revisions"}],"predecessor-version":[{"id":25391,"href":"https:\/\/blog.sierranortedeguadalajara.com\/index.php?rest_route=\/wp\/v2\/posts\/21780\/revisions\/25391"}],"wp:attachment":[{"href":"https:\/\/blog.sierranortedeguadalajara.com\/index.php?rest_route=%2Fwp%2Fv2%2Fmedia&parent=21780"}],"wp:term":[{"taxonomy":"category","embeddable":true,"href":"https:\/\/blog.sierranortedeguadalajara.com\/index.php?rest_route=%2Fwp%2Fv2%2Fcategories&post=21780"},{"taxonomy":"post_tag","embeddable":true,"href":"https:\/\/blog.sierranortedeguadalajara.com\/index.php?rest_route=%2Fwp%2Fv2%2Ftags&post=21780"}],"curies":[{"name":"wp","href":"https:\/\/api.w.org\/{rel}","templated":true}]}}