{"id":21759,"date":"2019-09-27T00:05:25","date_gmt":"2019-09-26T22:05:25","guid":{"rendered":"http:\/\/blog.laveredadepuebla.com\/?p=21759"},"modified":"2023-02-10T11:46:50","modified_gmt":"2023-02-10T11:46:50","slug":"san-andres-del-congosto","status":"publish","type":"post","link":"https:\/\/blog.sierranortedeguadalajara.com\/?p=21759","title":{"rendered":"San Andr\u00e9s del Congosto"},"content":{"rendered":"<p align=\"LEFT\"><span style=\"font-size:medium;\"><span style=\"font-family:Times New Roman, serif;\">Lugar cargado de Historia y pre\u00f1ado de leyendas, cuyo origen es anterior a la llegada de los romanos<\/span><span style=\"color:#7e0021;\"><span style=\"font-family:Times New Roman, serif;\"><i> (en su cueva de los Murci\u00e9lagos se han encontrado restos prehist\u00f3ricos)<\/i><\/span><\/span><span style=\"font-family:Times New Roman, serif;\">. Cuentan que el origen de su puente se debe al<\/span><a href=\"https:\/\/blog.laveredadepuebla.com\/2017\/07\/21\/minas-de-oro-en-la-sierra-norte-de-guadalajara\/\"><span style=\"font-family:Times New Roman, serif;\"><i><b> oro que iban a buscar a La Nava de Jadraque<\/b><\/i><\/span><\/a><span style=\"font-family:Times New Roman, serif;\">; dicen que un ramal de la calzada Complutum-Caesar Augusta pasaba por aqu\u00ed, camino de Tiermes por los altos de la <\/span><a href=\"https:\/\/blog.laveredadepuebla.com\/2015\/06\/25\/las-sierras-de-la-sierra-norte\/\"><span style=\"font-family:Times New Roman, serif;\"><i><b>Sierra de Pela. <\/b><\/i><\/span><\/a><\/span><\/p>\n<p align=\"LEFT\"><span style=\"font-size:medium;\"><span style=\"font-family:Times New Roman, serif;\"><a href=\"https:\/\/laveredadepuebla.files.wordpress.com\/2019\/09\/190927-san-andres-3.jpg\"><img loading=\"lazy\" decoding=\"async\" class=\"alignright size-medium wp-image-21762\" src=\"https:\/\/blog.sierranortedeguadalajara.com\/wp-content\/uploads\/2023\/02\/190927-san-andres-3.jpg\" alt=\"\" width=\"300\" height=\"203\" \/><\/a>Su casco urbano tiene su origen en la repoblaci\u00f3n posterior a la reconquista, posiblemente por gentes de Cantabria. Hoy se extiende a orillas del <\/span><a href=\"https:\/\/blog.laveredadepuebla.com\/2018\/12\/03\/hidrografia-de-la-sierra-norte-de-guadalajara\/\"><span style=\"font-family:Times New Roman, serif;\"><i><b>r\u00edo Bornova<\/b><\/i><\/span><\/a><span style=\"font-family:Times New Roman, serif;\">, a la entrada de un angosto desfiladero<\/span><span style=\"font-family:Times New Roman, serif;\"><i> (de ah\u00ed el nombre)<\/i><\/span><span style=\"font-family:Times New Roman, serif;\">. El pantano de Alcorlo, aguas arriba,<\/span><span style=\"color:#7e0021;\"><span style=\"font-family:Times New Roman, serif;\"><i><b> desluce el puente romano<\/b><\/i><\/span><\/span><span style=\"font-family:Times New Roman, serif;\"> junto a la presa y la cueva de los Murci\u00e9lagos. En lo alto las ruinas de la torre vig\u00eda, de origen \u00e1rabe y perteneciente a la <\/span><a href=\"http:\/\/www.herreracasado.com\/1985\/01\/01\/la-marca-media-de-al-andalus-en-tierras-de-guadalajara\/\"><span style=\"font-family:Times New Roman, serif;\"><i><b> Marca Media.<\/b><\/i><\/span> <\/a><\/span><\/p>\n<p align=\"LEFT\"><span style=\"font-size:medium;\"><span style=\"font-family:Times New Roman, serif;\">La iglesia parroquial guarda una <\/span><span style=\"color:#7e0021;\"><span style=\"font-family:Times New Roman, serif;\"><i><b>talla rom\u00e1nica de Nuestra Se\u00f1ora de la Sope\u00f1a<\/b><\/i><\/span><\/span> <span style=\"font-family:Times New Roman, serif;\"><i>(su romer\u00eda se celebra el 22 de mayo y suele estar muy concurrida). <\/i><\/span><span style=\"font-family:Times New Roman, serif;\">Celebran sus fiestas patronales a mediados de agosto. Servicio de bar y alojamiento <\/span><\/span><\/p>\n<p align=\"LEFT\"><span style=\"font-size:medium;\"><span style=\"color:#7e0021;\"><span style=\"font-family:Times New Roman, serif;\"><i><b>La Baderilla <\/b><\/i><\/span><\/span><span style=\"font-family:Times New Roman, serif;\">junto al Bornova y el<\/span><span style=\"color:#7e0021;\"><span style=\"font-family:Times New Roman, serif;\"><i><b> Congosto<\/b><\/i><\/span><\/span><span style=\"font-family:Times New Roman, serif;\"> son parajes muy recomendables. El embalse de Alcorlo tiene una zona de ba\u00f1o y est\u00e1 permitida la navegaci\u00f3n a motor. Cuando las aguas est\u00e1n bajas se ve el<\/span><a href=\"https:\/\/blog.laveredadepuebla.com\/2016\/05\/30\/la-sombra-del-pantano-de-alcorlo-es-alargada\/\"><span style=\"font-family:Times New Roman, serif;\"><i><b> pueblo abandonado de Alcorlo.<\/b><\/i><\/span><\/a><\/span><\/p>\n<hr \/>\n<p align=\"JUSTIFY\"><span style=\"color:#000099;\"><span style=\"font-size:medium;\"><i><b>Lar-ami, <\/b><\/i><\/span><\/span><em class=\"western\"><span style=\"color:#000099;\"><span style=\"font-size:medium;\"><i>gerente de <\/i><\/span><\/span><\/em><em class=\"western\"><span style=\"color:#000099;\"><span style=\"font-size:medium;\"><i><b>CR<\/b><\/i><\/span><\/span><\/em><i> <\/i><span style=\"color:#0000ff;\"><u><a class=\"western\" href=\"http:\/\/www.laveredadepuebla.com\/\"><span style=\"color:#000099;\"><span style=\"font-size:medium;\"><span lang=\"zxx\"><i><b>La Vereda de Puebla<\/b><\/i><\/span><\/span><\/span><\/a><\/u><\/span><span style=\"color:#000099;\"><span style=\"font-size:medium;\"><i><b>, entre <\/b><\/i><\/span><\/span><span style=\"color:#0000ff;\"><u><a class=\"western\" href=\"https:\/\/blog.laveredadepuebla.com\/?s=Puebla+y+carcavas\"><span style=\"color:#000099;\"><span style=\"font-size:medium;\"><i><b>c\u00e1rcavas<\/b><\/i><\/span><\/span><\/a><\/u><\/span><span style=\"color:#000099;\"><span style=\"font-size:medium;\"><i><b> y o<\/b><\/i><\/span><\/span><span style=\"color:#0000ff;\"><u><a class=\"western\" href=\"https:\/\/blog.laveredadepuebla.com\/?s=olivos+mil\"><span style=\"color:#000099;\"><span style=\"font-size:medium;\"><i><b>livos milenarios<\/b><\/i><\/span><\/span><\/a><\/u><\/span><span style=\"color:#000099;\"><span style=\"font-size:medium;\"><i><b>. <\/b><\/i><\/span><\/span><span style=\"color:#000099;\"><span style=\"font-size:medium;\"><i>Todo sobre <\/i><\/span><\/span><strong class=\"western\"><span style=\"color:#000099;\"><span style=\"font-size:medium;\"><i><a class=\"western\" href=\"https:\/\/blog.laveredadepuebla.com\/category\/actualidad\/\">Actualidad<\/a>, <a class=\"western\" href=\"https:\/\/blog.laveredadepuebla.com\/category\/costumbres\/\">Costumbres<\/a>, <a class=\"western\" href=\"https:\/\/blog.laveredadepuebla.com\/category\/fiestas\/\">Fiestas<\/a>, <a class=\"western\" href=\"https:\/\/blog.laveredadepuebla.com\/category\/mundo-rural\/\">Mundo Rural<\/a> y <a class=\"western\" href=\"https:\/\/blog.laveredadepuebla.com\/category\/paisajes-y-lugares\/\">Paisajes y Lugares<\/a> <\/i><\/span><\/span><\/strong><span style=\"color:#000099;\"><span style=\"font-size:medium;\"><i>de la <\/i><\/span><\/span><strong class=\"western\"><span style=\"color:#000099;\"><span style=\"font-size:medium;\"><i>Sierra Norte de Guadalajara<\/i><\/span><\/span><\/strong><span style=\"color:#000099;\"><span style=\"font-size:medium;\"><i>.<\/i><\/span><\/span><\/p>\n<p align=\"JUSTIFY\">\n","protected":false},"excerpt":{"rendered":"<p>Lugar cargado de Historia y pre\u00f1ado de leyendas, cuyo origen es anterior a la llegada de los romanos (en su cueva de los Murci\u00e9lagos se han encontrado restos prehist\u00f3ricos). Cuentan que el origen de su puente se debe al oro que iban a buscar a La Nava de Jadraque; dicen que un ramal de la &hellip; <\/p>\n<p class=\"link-more\"><a href=\"https:\/\/blog.sierranortedeguadalajara.com\/?p=21759\" class=\"more-link\">Seguir leyendo<span class=\"screen-reader-text\"> \u00abSan Andr\u00e9s del Congosto\u00bb<\/span><\/a><\/p>\n","protected":false},"author":1,"featured_media":0,"comment_status":"open","ping_status":"open","sticky":false,"template":"","format":"standard","meta":{"footnotes":""},"categories":[12,17,9],"tags":[2,4,5,7,29,10],"class_list":["post-21759","post","type-post","status-publish","format-standard","hentry","category-actualidad","category-paisajes-y-lugares-de-la-sierra-norte","category-rincones-de-la-sierra-norte","tag-actualidad","tag-cultura","tag-historia","tag-naturaleza","tag-pueblos","tag-sierra-norte","entry"],"_links":{"self":[{"href":"https:\/\/blog.sierranortedeguadalajara.com\/index.php?rest_route=\/wp\/v2\/posts\/21759","targetHints":{"allow":["GET"]}}],"collection":[{"href":"https:\/\/blog.sierranortedeguadalajara.com\/index.php?rest_route=\/wp\/v2\/posts"}],"about":[{"href":"https:\/\/blog.sierranortedeguadalajara.com\/index.php?rest_route=\/wp\/v2\/types\/post"}],"author":[{"embeddable":true,"href":"https:\/\/blog.sierranortedeguadalajara.com\/index.php?rest_route=\/wp\/v2\/users\/1"}],"replies":[{"embeddable":true,"href":"https:\/\/blog.sierranortedeguadalajara.com\/index.php?rest_route=%2Fwp%2Fv2%2Fcomments&post=21759"}],"version-history":[{"count":1,"href":"https:\/\/blog.sierranortedeguadalajara.com\/index.php?rest_route=\/wp\/v2\/posts\/21759\/revisions"}],"predecessor-version":[{"id":25393,"href":"https:\/\/blog.sierranortedeguadalajara.com\/index.php?rest_route=\/wp\/v2\/posts\/21759\/revisions\/25393"}],"wp:attachment":[{"href":"https:\/\/blog.sierranortedeguadalajara.com\/index.php?rest_route=%2Fwp%2Fv2%2Fmedia&parent=21759"}],"wp:term":[{"taxonomy":"category","embeddable":true,"href":"https:\/\/blog.sierranortedeguadalajara.com\/index.php?rest_route=%2Fwp%2Fv2%2Fcategories&post=21759"},{"taxonomy":"post_tag","embeddable":true,"href":"https:\/\/blog.sierranortedeguadalajara.com\/index.php?rest_route=%2Fwp%2Fv2%2Ftags&post=21759"}],"curies":[{"name":"wp","href":"https:\/\/api.w.org\/{rel}","templated":true}]}}