{"id":21745,"date":"2019-09-09T00:05:55","date_gmt":"2019-09-08T22:05:55","guid":{"rendered":"http:\/\/blog.laveredadepuebla.com\/?p=21745"},"modified":"2023-02-10T11:46:55","modified_gmt":"2023-02-10T11:46:55","slug":"a-vueltas-con-la-vuelta-ciclista-2-019-en-la-sierra-norte","status":"publish","type":"post","link":"https:\/\/blog.sierranortedeguadalajara.com\/?p=21745","title":{"rendered":"A vueltas con La Vuelta Ciclista 2.019 en la Sierra Norte"},"content":{"rendered":"<p align=\"LEFT\"><span style=\"font-size:small;\"><a href=\"https:\/\/laveredadepuebla.files.wordpress.com\/2019\/09\/190909-a-vueltas-1.jpg\"><img loading=\"lazy\" decoding=\"async\" class=\"alignright size-medium wp-image-21747\" src=\"https:\/\/blog.sierranortedeguadalajara.com\/wp-content\/uploads\/2023\/02\/190909-a-vueltas-1.jpg\" alt=\"\" width=\"300\" height=\"258\" \/><\/a>Hay cierta confusi\u00f3n sobre el recorrido de la <\/span><a href=\"https:\/\/www.lavuelta.es\/es\/etapa-17\"><span style=\"font-size:small;\"><i><b>etapa 17 de la Vuelta Ciclista 2.019<\/b><\/i><\/span><\/a><span style=\"font-size:small;\"> que el <\/span><span style=\"font-size:small;\">11 de septiembre<\/span><i> <\/i><span style=\"font-size:small;\">recorrer\u00e1 132 Kms por la provincia de Guadalajara. El mal estado de la carretera CM-110 provoc\u00f3 el cambio en itinerario previsto inicialmente.<br \/>\n<\/span><\/p>\n<p align=\"LEFT\"><span style=\"font-size:small;\">Sobre las 14 h. entrar\u00e1 <\/span><span style=\"font-size:small;\">a la <\/span><a href=\"https:\/\/blog.laveredadepuebla.com\/2016\/05\/10\/el-mapa-de-la-sierra-norte\/\"><span style=\"font-size:small;\"><i><b>Sierra Norte <\/b><\/i><\/span><\/a><span style=\"font-size:small;\">por el Alto de Carrascosa<\/span><i><b> <\/b><\/i><span style=\"color:#7e0021;\"><span style=\"font-size:small;\"><i><b>(Miedes de Atienza)<\/b><\/i><\/span><\/span><span style=\"font-size:small;\"> y saldr\u00e1 por Jadraque, tras recorrer <\/span><span style=\"color:#800000;\"><span style=\"font-size:small;\"><i><b>85 kms serranos,<\/b><\/i><\/span><\/span><b> <\/b><span style=\"color:#000000;\"><span style=\"font-size:small;\">atravesando l<\/span><\/span><span style=\"font-size:small;\">os cascos urbanos de<\/span><i> <\/i><span style=\"color:#7e0021;\"><span style=\"font-size:small;\"><i><b>Im\u00f3n , Sig\u00fcenza, Mandayona, Matillas, Bujalaro y Jadraque<\/b><\/i><\/span><\/span><i><b> <\/b><\/i><span style=\"color:#000000;\"><span style=\"font-size:small;\">y<\/span><\/span><i> <\/i><span style=\"font-size:small;\">c<\/span><span style=\"font-size:small;\">ontinuando hasta Guadalajara donde llegar\u00e1 sobre las 17,30 h. <\/span><span style=\"color:#7e0021;\"><span style=\"font-size:small;\"><i><b>\u00bfLos mejores sitios para ver pasar a los ciclistas? <\/b><\/i><\/span><\/span><span style=\"color:#000000;\"><span style=\"font-size:small;\">Pues depende<\/span><\/span><\/p>\n<ul>\n<li><span style=\"color:#7e0021;\"><span style=\"font-size:small;\"><span style=\"color:#000000;\">Los <\/span><i><b>cascos urbanos<\/b><\/i><span style=\"color:#000000;\"> tienen el encanto de conocer el pueblo <\/span><b><i>(todos merecen ser conocidos)<\/i><\/b><span style=\"color:#000000;\">, aparcar bien <\/span><i><span style=\"color:#000000;\">(si se llega con tiempo)<\/span><\/i><span style=\"color:#000000;\"> y disfrutar del ritmo m\u00e1s lento de los corredores.<a href=\"https:\/\/laveredadepuebla.files.wordpress.com\/2019\/09\/190909-avueltas-2.jpg\"><img loading=\"lazy\" decoding=\"async\" class=\"alignleft size-medium wp-image-21748\" src=\"https:\/\/blog.sierranortedeguadalajara.com\/wp-content\/uploads\/2023\/02\/190909-avueltas-2.jpg\" alt=\"\" width=\"300\" height=\"261\" \/><\/a><\/span><\/span><\/span><\/li>\n<li><span style=\"color:#7e0021;\"><span style=\"font-size:small;\"><span style=\"color:#000000;\">Si se desea perspectiva, hay lugares maravillosos que lo permiten <\/span><i><b>(en la bajada del puerto de Carrascosa, en los altos y las cuestas del castillo del Cid en Jadraque, la recta de Palazuelos, el cruce de Aragosa, el cruce de Atienza con su sprint especial, \u2026)<\/b><\/i><\/span><\/span><\/li>\n<li><span style=\"color:#7e0021;\"><span style=\"font-size:small;\"><span style=\"color:#000000;\">Hay infinidad de caminos vecinales que salen a la carretera; cualquiera de ellos permite aparcar el coche y <\/span><a href=\"https:\/\/blog.laveredadepuebla.com\/2019\/08\/14\/vuelta-ciclista-a-espana-2-019-en-la-sierra-norte-de-guadalajara\/\"><i><b><span style=\"color:#000000;\">disfrutar de la Vuelta<\/span><\/b><\/i><\/a><span style=\"color:#000000;\">. <\/span><\/span><\/span><\/li>\n<\/ul>\n<p align=\"LEFT\"><span style=\"font-size:small;\">Pero para ello conviene conocer bien el recorrido, medir la antelacion necesaria para ocupar un buen sitio <i>(ojo que poco antes de pasar la caravana publicitaria se corta el tr\u00e1fico)<\/i>, aprovisionarse de agua y viandas, \u2026.y sobre todo armarse de paciencia. <span style=\"color:#7e0021;\"><i><b>\u00a1Que la disfruten!<\/b><\/i><\/span><\/span><\/p>\n<hr \/>\n<p align=\"JUSTIFY\"><span style=\"color:#000099;\"><span style=\"font-size:small;\"><i><b>Lar-ami, <\/b><\/i><\/span><\/span><em class=\"western\"><span style=\"color:#000099;\"><span style=\"font-size:small;\"><i>gerente de <\/i><\/span><\/span><\/em><em class=\"western\"><span style=\"color:#000099;\"><span style=\"font-size:small;\"><i><b>CR<\/b><\/i><\/span><\/span><\/em><i> <\/i><span style=\"color:#0000ff;\"><u><a class=\"western\" href=\"http:\/\/www.laveredadepuebla.com\/\"><span style=\"color:#000099;\"><span style=\"font-size:small;\"><span lang=\"zxx\"><i><b>La Vereda de Puebla<\/b><\/i><\/span><\/span><\/span><\/a><\/u><\/span><span style=\"color:#000099;\"><span style=\"font-size:small;\"><i><b>, entre <\/b><\/i><\/span><\/span><span style=\"color:#0000ff;\"><u><a class=\"western\" href=\"https:\/\/blog.laveredadepuebla.com\/?s=Puebla+y+carcavas\"><span style=\"color:#000099;\"><span style=\"font-size:small;\"><i><b>c\u00e1rcavas<\/b><\/i><\/span><\/span><\/a><\/u><\/span><span style=\"color:#000099;\"><span style=\"font-size:small;\"><i><b> y o<\/b><\/i><\/span><\/span><span style=\"color:#0000ff;\"><u><a class=\"western\" href=\"https:\/\/blog.laveredadepuebla.com\/?s=olivos+mil\"><span style=\"color:#000099;\"><span style=\"font-size:small;\"><i><b>livos milenarios<\/b><\/i><\/span><\/span><\/a><\/u><\/span><span style=\"color:#000099;\"><span style=\"font-size:small;\"><i><b>. <\/b><\/i><\/span><\/span><span style=\"color:#000099;\"><span style=\"font-size:small;\"><i>Todo sobre <\/i><\/span><\/span><strong class=\"western\"><span style=\"color:#000099;\"><span style=\"font-size:small;\"><i><a class=\"western\" href=\"https:\/\/blog.laveredadepuebla.com\/category\/actualidad\/\">Actualidad<\/a>, <a class=\"western\" href=\"https:\/\/blog.laveredadepuebla.com\/category\/costumbres\/\">Costumbres<\/a>, <a class=\"western\" href=\"https:\/\/blog.laveredadepuebla.com\/category\/fiestas\/\">Fiestas<\/a>, <a class=\"western\" href=\"https:\/\/blog.laveredadepuebla.com\/category\/mundo-rural\/\">Mundo Rural<\/a> y <a class=\"western\" href=\"https:\/\/blog.laveredadepuebla.com\/category\/paisajes-y-lugares\/\">Paisajes y Lugares<\/a> <\/i><\/span><\/span><\/strong><span style=\"color:#000099;\"><span style=\"font-size:small;\"><i>de la <\/i><\/span><\/span><strong class=\"western\"><span style=\"color:#000099;\"><span style=\"font-size:small;\"><i>Sierra Norte de Guadalajara<\/i><\/span><\/span><\/strong><span style=\"color:#000099;\"><span style=\"font-size:small;\"><i>. <\/i><\/span><\/span><\/p>\n","protected":false},"excerpt":{"rendered":"<p>Hay cierta confusi\u00f3n sobre el recorrido de la etapa 17 de la Vuelta Ciclista 2.019 que el 11 de septiembre recorrer\u00e1 132 Kms por la provincia de Guadalajara. El mal estado de la carretera CM-110 provoc\u00f3 el cambio en itinerario previsto inicialmente. Sobre las 14 h. entrar\u00e1 a la Sierra Norte por el Alto de &hellip; <\/p>\n<p class=\"link-more\"><a href=\"https:\/\/blog.sierranortedeguadalajara.com\/?p=21745\" class=\"more-link\">Seguir leyendo<span class=\"screen-reader-text\"> \u00abA vueltas con La Vuelta Ciclista 2.019 en la Sierra Norte\u00bb<\/span><\/a><\/p>\n","protected":false},"author":1,"featured_media":0,"comment_status":"open","ping_status":"open","sticky":false,"template":"","format":"standard","meta":{"footnotes":""},"categories":[12,17,9],"tags":[2,4,5,7,10],"class_list":["post-21745","post","type-post","status-publish","format-standard","hentry","category-actualidad","category-paisajes-y-lugares-de-la-sierra-norte","category-rincones-de-la-sierra-norte","tag-actualidad","tag-cultura","tag-historia","tag-naturaleza","tag-sierra-norte","entry"],"_links":{"self":[{"href":"https:\/\/blog.sierranortedeguadalajara.com\/index.php?rest_route=\/wp\/v2\/posts\/21745","targetHints":{"allow":["GET"]}}],"collection":[{"href":"https:\/\/blog.sierranortedeguadalajara.com\/index.php?rest_route=\/wp\/v2\/posts"}],"about":[{"href":"https:\/\/blog.sierranortedeguadalajara.com\/index.php?rest_route=\/wp\/v2\/types\/post"}],"author":[{"embeddable":true,"href":"https:\/\/blog.sierranortedeguadalajara.com\/index.php?rest_route=\/wp\/v2\/users\/1"}],"replies":[{"embeddable":true,"href":"https:\/\/blog.sierranortedeguadalajara.com\/index.php?rest_route=%2Fwp%2Fv2%2Fcomments&post=21745"}],"version-history":[{"count":1,"href":"https:\/\/blog.sierranortedeguadalajara.com\/index.php?rest_route=\/wp\/v2\/posts\/21745\/revisions"}],"predecessor-version":[{"id":25414,"href":"https:\/\/blog.sierranortedeguadalajara.com\/index.php?rest_route=\/wp\/v2\/posts\/21745\/revisions\/25414"}],"wp:attachment":[{"href":"https:\/\/blog.sierranortedeguadalajara.com\/index.php?rest_route=%2Fwp%2Fv2%2Fmedia&parent=21745"}],"wp:term":[{"taxonomy":"category","embeddable":true,"href":"https:\/\/blog.sierranortedeguadalajara.com\/index.php?rest_route=%2Fwp%2Fv2%2Fcategories&post=21745"},{"taxonomy":"post_tag","embeddable":true,"href":"https:\/\/blog.sierranortedeguadalajara.com\/index.php?rest_route=%2Fwp%2Fv2%2Ftags&post=21745"}],"curies":[{"name":"wp","href":"https:\/\/api.w.org\/{rel}","templated":true}]}}