{"id":21737,"date":"2019-09-20T00:05:38","date_gmt":"2019-09-19T22:05:38","guid":{"rendered":"http:\/\/blog.laveredadepuebla.com\/?p=21737"},"modified":"2023-02-10T11:46:51","modified_gmt":"2023-02-10T11:46:51","slug":"el-regreso-de-los-hijos-de-la-tierra-siglo-xx","status":"publish","type":"post","link":"https:\/\/blog.sierranortedeguadalajara.com\/?p=21737","title":{"rendered":"El regreso de los hijos de la tierra (siglo XX)"},"content":{"rendered":"<p align=\"LEFT\"><span style=\"font-size:small;\">Cuando el pais se recuper\u00f3 de <span style=\"color:#800000;\"><em><strong>la Transici\u00f3n<\/strong><\/em><\/span>, se abri\u00f3 un periodo de expectativas y esperanzas. Y para algunos, de cierta bonanza econ\u00f3mica. Sobre todo para quienes se marcharon <\/span><span style=\"font-size:small;\"><i>(obligados) <\/i><\/span><span style=\"font-size:small;\">a las ciudades y consiguieron un trabajo estable en f\u00e1bricas y empresas. Con la bonanza lleg\u00f3 la nostalgia por el pueblo.<\/span><\/p>\n<p align=\"LEFT\"><span style=\"font-size:small;\"><a href=\"https:\/\/laveredadepuebla.files.wordpress.com\/2019\/09\/190920-el-regreso-1.jpg\"><img loading=\"lazy\" decoding=\"async\" class=\"alignright size-medium wp-image-21740\" src=\"https:\/\/blog.sierranortedeguadalajara.com\/wp-content\/uploads\/2023\/02\/190920-el-regreso-1.jpg\" alt=\"\" width=\"300\" height=\"222\" \/><\/a>Los serranos sufrieron y disfrutaron de este fen\u00f3meno. Regresaron a la <\/span><span style=\"font-size:small;\"><i><b><a href=\"https:\/\/blog.laveredadepuebla.com\/2016\/05\/10\/el-mapa-de-la-sierra-norte\/\">Sierra Norte<\/a>,<\/b><\/i><\/span><span style=\"font-size:small;\"> la tierra que les vi\u00f3 nacer y reconstruyeron la casa familiar como <\/span><span style=\"color:#800000;\"><span style=\"font-size:small;\"><i><b>segunda vivienda para fines de semana y vacaciones<\/b><\/i><\/span><\/span><span style=\"font-size:small;\">. Cada uno construy\u00f3 de acuerdo a sus posibilidades. La fisonom\u00eda de algunos pueblos se desdibuj\u00f3, pero recuperaron vida. Muchos jubilados empezaron a pasar aqu\u00ed el verano y cuidar el huerto.<br \/>\n<\/span><\/p>\n<p align=\"LEFT\"><span style=\"font-size:small;\">Se recuperaron<\/span><i><b> <\/b><\/i><span style=\"color:#000000;\"><span style=\"font-size:small;\"><i><b>fiestas ancestrales, <\/b><\/i><\/span><\/span><span style=\"color:#800000;\"><span style=\"font-size:small;\"><i><b>tradiciones y costumbres. <\/b><\/i><\/span><\/span><span style=\"font-size:small;\">Redescubrieron y valoraronn su <\/span><span style=\"color:#800000;\"><span style=\"font-size:small;\"><i><b>rico Patrimonio monumental, etnogr\u00e1fico y natural.<\/b><\/i><\/span><\/span><span style=\"font-size:small;\"> Aprovecharon el buen momento econ\u00f3mico del pa\u00eds y la promoci\u00f3n de la Cultura por parte del Estado y la Autonom\u00eda para recuperar edificios comunales <\/span><span style=\"color:#800000;\"><span style=\"font-size:small;\"><i><b>(fragua, lavadero, horno,fuentes, &#8230;)<\/b><\/i><\/span><\/span><\/p>\n<p align=\"LEFT\"><span style=\"font-size:small;\"><a href=\"https:\/\/laveredadepuebla.files.wordpress.com\/2019\/09\/190920-el-regreso-2.jpg\"><img loading=\"lazy\" decoding=\"async\" class=\"alignleft size-medium wp-image-21741\" src=\"https:\/\/blog.sierranortedeguadalajara.com\/wp-content\/uploads\/2023\/02\/190920-el-regreso-2.jpg\" alt=\"\" width=\"300\" height=\"225\" \/><\/a>A finales de siglo se preocuparon por proteger el Medio Ambiente y la fisonomia de su pueblo <\/span><span style=\"color:#800000;\"><span style=\"font-size:small;\"><i><b>(colorao, negro, dorado, serrano,&#8230;) <\/b><\/i><\/span><\/span><span style=\"font-size:small;\">con planes urbanisticos que primaban este cuidado. Lleg\u00f3 a la Sierra el <\/span><a href=\"https:\/\/blog.laveredadepuebla.com\/2016\/07\/22\/por-que-hacer-turismo-rural\/\"><span style=\"font-size:small;\"><i><b>Turismo rural <\/b><\/i><\/span><\/a><span style=\"font-size:small;\">y con \u00e9l nuevos pobladores, con ideas nuevas y eventos desconocidos en la comarca. La integraci\u00f3n con los antiguos pobladores y los de fin de semana no ha sido f\u00e1cil &#8230; Pero entre todos le damos vida a nuestros pueblos. <\/span><a href=\"http:\/\/www.sierranortedeguadalajara.es\"><span style=\"color:#000000;\"><span style=\"font-size:small;\"><i><b>\u00a1Viva la Sierra viva!<\/b><\/i><\/span><\/span><\/a><\/p>\n<hr \/>\n<p align=\"JUSTIFY\"><span style=\"color:#000099;\"><span style=\"font-size:small;\"><i><b>Lar-ami, <\/b><\/i><\/span><\/span><em class=\"western\"><span style=\"color:#000099;\"><span style=\"font-size:small;\"><i>gerente de <\/i><\/span><\/span><\/em><em class=\"western\"><span style=\"color:#000099;\"><span style=\"font-size:small;\"><i><b>CR<\/b><\/i><\/span><\/span><\/em><i> <\/i><span style=\"color:#0000ff;\"><u><a class=\"western\" href=\"http:\/\/www.laveredadepuebla.com\/\"><span style=\"color:#000099;\"><span style=\"font-size:small;\"><span lang=\"zxx\"><i><b>La Vereda de Puebla<\/b><\/i><\/span><\/span><\/span><\/a><\/u><\/span><span style=\"color:#000099;\"><span style=\"font-size:small;\"><i><b>, entre <\/b><\/i><\/span><\/span><span style=\"color:#0000ff;\"><u><a class=\"western\" href=\"https:\/\/blog.laveredadepuebla.com\/?s=Puebla+y+carcavas\"><span style=\"color:#000099;\"><span style=\"font-size:small;\"><i><b>c\u00e1rcavas<\/b><\/i><\/span><\/span><\/a><\/u><\/span><span style=\"color:#000099;\"><span style=\"font-size:small;\"><i><b> y o<\/b><\/i><\/span><\/span><span style=\"color:#0000ff;\"><u><a class=\"western\" href=\"https:\/\/blog.laveredadepuebla.com\/?s=olivos+mil\"><span style=\"color:#000099;\"><span style=\"font-size:small;\"><i><b>livos milenarios<\/b><\/i><\/span><\/span><\/a><\/u><\/span><span style=\"color:#000099;\"><span style=\"font-size:small;\"><i><b>. <\/b><\/i><\/span><\/span><span style=\"color:#000099;\"><span style=\"font-size:small;\"><i>Todo sobre <\/i><\/span><\/span><strong class=\"western\"><span style=\"color:#000099;\"><span style=\"font-size:small;\"><i><a class=\"western\" href=\"https:\/\/blog.laveredadepuebla.com\/category\/actualidad\/\">Actualidad<\/a>, <a class=\"western\" href=\"https:\/\/blog.laveredadepuebla.com\/category\/costumbres\/\">Costumbres<\/a>, <a class=\"western\" href=\"https:\/\/blog.laveredadepuebla.com\/category\/fiestas\/\">Fiestas<\/a>, <a class=\"western\" href=\"https:\/\/blog.laveredadepuebla.com\/category\/mundo-rural\/\">Mundo Rural<\/a> y <a class=\"western\" href=\"https:\/\/blog.laveredadepuebla.com\/category\/paisajes-y-lugares\/\">Paisajes y Lugares<\/a> <\/i><\/span><\/span><\/strong><span style=\"color:#000099;\"><span style=\"font-size:small;\"><i>de la <\/i><\/span><\/span><strong class=\"western\"><span style=\"color:#000099;\"><span style=\"font-size:small;\"><i>Sierra Norte de Guadalajara<\/i><\/span><\/span><\/strong><span style=\"color:#000099;\"><span style=\"font-size:small;\"><i>. <\/i><\/span><\/span><\/p>\n","protected":false},"excerpt":{"rendered":"<p>Cuando el pais se recuper\u00f3 de la Transici\u00f3n, se abri\u00f3 un periodo de expectativas y esperanzas. Y para algunos, de cierta bonanza econ\u00f3mica. Sobre todo para quienes se marcharon (obligados) a las ciudades y consiguieron un trabajo estable en f\u00e1bricas y empresas. Con la bonanza lleg\u00f3 la nostalgia por el pueblo. Los serranos sufrieron y &hellip; <\/p>\n<p class=\"link-more\"><a href=\"https:\/\/blog.sierranortedeguadalajara.com\/?p=21737\" class=\"more-link\">Seguir leyendo<span class=\"screen-reader-text\"> \u00abEl regreso de los hijos de la tierra (siglo XX)\u00bb<\/span><\/a><\/p>\n","protected":false},"author":1,"featured_media":0,"comment_status":"open","ping_status":"open","sticky":false,"template":"","format":"standard","meta":{"footnotes":""},"categories":[12,3,42,6,17],"tags":[2,28,4,113,14,128,7,10,19,22,16],"class_list":["post-21737","post","type-post","status-publish","format-standard","hentry","category-actualidad","category-costumbres-y-tradiciones","category-fiestas-y-eventos","category-mundo-rural","category-paisajes-y-lugares-de-la-sierra-norte","tag-actualidad","tag-costumbres","tag-cultura","tag-fiestas","tag-hijos-de-la-tierra","tag-histora","tag-naturaleza","tag-sierra-norte","tag-siglo-xx","tag-siglo-xxi","tag-tradiciones","entry"],"_links":{"self":[{"href":"https:\/\/blog.sierranortedeguadalajara.com\/index.php?rest_route=\/wp\/v2\/posts\/21737","targetHints":{"allow":["GET"]}}],"collection":[{"href":"https:\/\/blog.sierranortedeguadalajara.com\/index.php?rest_route=\/wp\/v2\/posts"}],"about":[{"href":"https:\/\/blog.sierranortedeguadalajara.com\/index.php?rest_route=\/wp\/v2\/types\/post"}],"author":[{"embeddable":true,"href":"https:\/\/blog.sierranortedeguadalajara.com\/index.php?rest_route=\/wp\/v2\/users\/1"}],"replies":[{"embeddable":true,"href":"https:\/\/blog.sierranortedeguadalajara.com\/index.php?rest_route=%2Fwp%2Fv2%2Fcomments&post=21737"}],"version-history":[{"count":1,"href":"https:\/\/blog.sierranortedeguadalajara.com\/index.php?rest_route=\/wp\/v2\/posts\/21737\/revisions"}],"predecessor-version":[{"id":25400,"href":"https:\/\/blog.sierranortedeguadalajara.com\/index.php?rest_route=\/wp\/v2\/posts\/21737\/revisions\/25400"}],"wp:attachment":[{"href":"https:\/\/blog.sierranortedeguadalajara.com\/index.php?rest_route=%2Fwp%2Fv2%2Fmedia&parent=21737"}],"wp:term":[{"taxonomy":"category","embeddable":true,"href":"https:\/\/blog.sierranortedeguadalajara.com\/index.php?rest_route=%2Fwp%2Fv2%2Fcategories&post=21737"},{"taxonomy":"post_tag","embeddable":true,"href":"https:\/\/blog.sierranortedeguadalajara.com\/index.php?rest_route=%2Fwp%2Fv2%2Ftags&post=21737"}],"curies":[{"name":"wp","href":"https:\/\/api.w.org\/{rel}","templated":true}]}}