{"id":21731,"date":"2019-09-18T00:05:46","date_gmt":"2019-09-17T22:05:46","guid":{"rendered":"http:\/\/blog.laveredadepuebla.com\/?p=21731"},"modified":"2023-02-10T11:46:52","modified_gmt":"2023-02-10T11:46:52","slug":"robledo-de-corpes","status":"publish","type":"post","link":"https:\/\/blog.sierranortedeguadalajara.com\/?p=21731","title":{"rendered":"Robledo de Corpes"},"content":{"rendered":"<p><span style=\"font-size:small;\"><a href=\"https:\/\/laveredadepuebla.files.wordpress.com\/2019\/09\/190918-robledo-1.jpg\"><img loading=\"lazy\" decoding=\"async\" class=\"alignleft size-medium wp-image-21733\" src=\"https:\/\/blog.sierranortedeguadalajara.com\/wp-content\/uploads\/2023\/02\/190918-robledo-1.jpg\" alt=\"\" width=\"213\" height=\"300\" \/><\/a>Situado entre las estribaciones de las <\/span><a href=\"https:\/\/blog.laveredadepuebla.com\/2015\/06\/25\/las-sierras-de-la-sierra-norte\/\"><span style=\"font-size:small;\"><i><b>Sierra del Altorey y de la Bodera<\/b><\/i><\/span><\/a><span style=\"font-size:small;\">, en tierra pobre y dura, cubierta de brezo, jara y tomillo, el<\/span><i> <\/i><a href=\"http:\/\/www.cervantesvirtual.com\/portales\/cantar_de_mio_cid\/\"><span style=\"font-size:small;\"><i><b>\u00abCantar del Mio Cid\u00bb<\/b><\/i><\/span><\/a><i> <\/i><span style=\"font-size:small;\">sit\u00faa aqu\u00ed la <\/span><span style=\"color:#7e0021;\"><span style=\"font-size:small;\"><i><b>\u00abAfrenta de Corpes\u00bb,<\/b><\/i><\/span><\/span><b> <\/b><span style=\"font-size:small;\">cuando los Infantes de Carri\u00f3n azotaron a las hijas del Cid. De ah\u00ed que sea lugar imprescindible de la <\/span><a href=\"http:\/\/www.dguadalajara.es\/web\/guest\/el-camino-del-cid\"><span style=\"font-size:small;\"><i><b>Ruta del Cid.<\/b><\/i><\/span><\/a><\/p>\n<p><span style=\"font-size:small;\">Todo este lugar est\u00e1 pre\u00f1ado de leyendas (<\/span><span style=\"color:#7e0021;\"><span style=\"font-size:small;\"><i><b>del Cid y de lobos),<\/b><\/i><\/span><\/span><span style=\"font-size:small;\"> de costumbres ancestrales ya perdidas, de canciones y tradiciones, que su hijo m\u00e1s ilustre, el etn\u00f3logo y m\u00fasico <\/span><a href=\"https:\/\/www.joseantonioalonso.com\/\"><span style=\"font-size:small;\"><i><b>Jos\u00e9 Antonio Alonso<\/b><\/i><\/span><\/a><span style=\"font-size:small;\">, est\u00e1 recuperando en un admirable trabajo. En las fiestas patronales <\/span><span style=\"font-size:small;\"><i>(la primera semana de Agosto)<\/i><\/span><span style=\"font-size:small;\"> y la <\/span><span style=\"color:#800000;\"><span style=\"font-size:small;\"><i><b>subasta del Ramo<\/b><\/i><\/span><\/span><span style=\"font-size:small;\"> el <\/span><span style=\"font-size:small;\"><i>(primer fin de semana de octubre) <\/i><\/span><span style=\"font-size:small;\">o en el bar pueden apreciarse algunas.<\/span><\/p>\n<p><span style=\"font-size:small;\"><a href=\"https:\/\/laveredadepuebla.files.wordpress.com\/2019\/09\/190918-robledo-2.jpg\"><img loading=\"lazy\" decoding=\"async\" class=\"alignright size-medium wp-image-21734\" src=\"https:\/\/blog.sierranortedeguadalajara.com\/wp-content\/uploads\/2023\/02\/190918-robledo-2.jpg\" alt=\"\" width=\"300\" height=\"225\" \/><\/a>El casco urbano de <\/span><span style=\"color:#800000;\"><span style=\"font-size:small;\"><i><b>Robledo de Cores <\/b><\/i><\/span><\/span><span style=\"font-size:small;\">est\u00e1 formado por casas de caliza y pizarra que salpican las calles, junto a nuevas construcciones que no siguen la misma est\u00e9tica, pero que resulta muy armonioso y dice mucho de su entorno natural. En su t\u00e9rmino, colindante con Hiendelaencina, hubo <\/span><a href=\"https:\/\/blog.laveredadepuebla.com\/2017\/02\/10\/la-fiebre-de-la-plata-en-la-sierra-norte-de-guadalajara\/\"><span style=\"font-size:small;\"><i><b>catas y minas de plata en el siglo XIX<\/b><\/i><\/span><span style=\"font-size:small;\">.<\/span><\/a><\/p>\n<p><span style=\"font-size:small;\">La iglesia de origen rom\u00e1nico y pizarra est\u00e0 muy reconstruida, pero conserva el sabor. En el interior una preciosa c\u00fapula, el arco triunfal y la pila bautismal expresan que en el siglo XVI este lugar alcanz\u00f3 su mejor momento. <\/span><\/p>\n<hr \/>\n<p align=\"JUSTIFY\"><span style=\"color:#000099;\"><span style=\"font-size:small;\"><i><b>Lar-ami, <\/b><\/i><\/span><\/span><em class=\"western\"><span style=\"color:#000099;\"><span style=\"font-size:small;\"><i>gerente de <\/i><\/span><\/span><\/em><em class=\"western\"><span style=\"color:#000099;\"><span style=\"font-size:small;\"><i><b>CR<\/b><\/i><\/span><\/span><\/em><i> <\/i><span style=\"color:#0000ff;\"><u><a class=\"western\" href=\"http:\/\/www.laveredadepuebla.com\/\"><span style=\"color:#000099;\"><span style=\"font-size:small;\"><span lang=\"zxx\"><i><b>La Vereda de Puebla<\/b><\/i><\/span><\/span><\/span><\/a><\/u><\/span><span style=\"color:#000099;\"><span style=\"font-size:small;\"><i><b>, entre <\/b><\/i><\/span><\/span><span style=\"color:#0000ff;\"><u><a class=\"western\" href=\"https:\/\/blog.laveredadepuebla.com\/?s=Puebla+y+carcavas\"><span style=\"color:#000099;\"><span style=\"font-size:small;\"><i><b>c\u00e1rcavas<\/b><\/i><\/span><\/span><\/a><\/u><\/span><span style=\"color:#000099;\"><span style=\"font-size:small;\"><i><b> y o<\/b><\/i><\/span><\/span><span style=\"color:#0000ff;\"><u><a class=\"western\" href=\"https:\/\/blog.laveredadepuebla.com\/?s=olivos+mil\"><span style=\"color:#000099;\"><span style=\"font-size:small;\"><i><b>livos milenarios<\/b><\/i><\/span><\/span><\/a><\/u><\/span><span style=\"color:#000099;\"><span style=\"font-size:small;\"><i><b>. <\/b><\/i><\/span><\/span><span style=\"color:#000099;\"><span style=\"font-size:small;\"><i>Todo sobre <\/i><\/span><\/span><strong class=\"western\"><span style=\"color:#000099;\"><span style=\"font-size:small;\"><i><a class=\"western\" href=\"https:\/\/blog.laveredadepuebla.com\/category\/actualidad\/\">Actualidad<\/a>, <a class=\"western\" href=\"https:\/\/blog.laveredadepuebla.com\/category\/costumbres\/\">Costumbres<\/a>, <a class=\"western\" href=\"https:\/\/blog.laveredadepuebla.com\/category\/fiestas\/\">Fiestas<\/a>, <a class=\"western\" href=\"https:\/\/blog.laveredadepuebla.com\/category\/mundo-rural\/\">Mundo Rural<\/a> y <a class=\"western\" href=\"https:\/\/blog.laveredadepuebla.com\/category\/paisajes-y-lugares\/\">Paisajes y Lugares<\/a> <\/i><\/span><\/span><\/strong><span style=\"color:#000099;\"><span style=\"font-size:small;\"><i>de la <\/i><\/span><\/span><strong class=\"western\"><span style=\"color:#000099;\"><span style=\"font-size:small;\"><i>Sierra Norte de Guadalajara<\/i><\/span><\/span><\/strong><span style=\"color:#000099;\"><span style=\"font-size:small;\"><i>. <\/i><\/span><\/span><\/p>\n","protected":false},"excerpt":{"rendered":"<p>Situado entre las estribaciones de las Sierra del Altorey y de la Bodera, en tierra pobre y dura, cubierta de brezo, jara y tomillo, el \u00abCantar del Mio Cid\u00bb sit\u00faa aqu\u00ed la \u00abAfrenta de Corpes\u00bb, cuando los Infantes de Carri\u00f3n azotaron a las hijas del Cid. De ah\u00ed que sea lugar imprescindible de la Ruta &hellip; <\/p>\n<p class=\"link-more\"><a href=\"https:\/\/blog.sierranortedeguadalajara.com\/?p=21731\" class=\"more-link\">Seguir leyendo<span class=\"screen-reader-text\"> \u00abRobledo de Corpes\u00bb<\/span><\/a><\/p>\n","protected":false},"author":1,"featured_media":0,"comment_status":"open","ping_status":"open","sticky":false,"template":"","format":"standard","meta":{"footnotes":""},"categories":[12,17,9],"tags":[2,4,7,29,10,16],"class_list":["post-21731","post","type-post","status-publish","format-standard","hentry","category-actualidad","category-paisajes-y-lugares-de-la-sierra-norte","category-rincones-de-la-sierra-norte","tag-actualidad","tag-cultura","tag-naturaleza","tag-pueblos","tag-sierra-norte","tag-tradiciones","entry"],"_links":{"self":[{"href":"https:\/\/blog.sierranortedeguadalajara.com\/index.php?rest_route=\/wp\/v2\/posts\/21731","targetHints":{"allow":["GET"]}}],"collection":[{"href":"https:\/\/blog.sierranortedeguadalajara.com\/index.php?rest_route=\/wp\/v2\/posts"}],"about":[{"href":"https:\/\/blog.sierranortedeguadalajara.com\/index.php?rest_route=\/wp\/v2\/types\/post"}],"author":[{"embeddable":true,"href":"https:\/\/blog.sierranortedeguadalajara.com\/index.php?rest_route=\/wp\/v2\/users\/1"}],"replies":[{"embeddable":true,"href":"https:\/\/blog.sierranortedeguadalajara.com\/index.php?rest_route=%2Fwp%2Fv2%2Fcomments&post=21731"}],"version-history":[{"count":1,"href":"https:\/\/blog.sierranortedeguadalajara.com\/index.php?rest_route=\/wp\/v2\/posts\/21731\/revisions"}],"predecessor-version":[{"id":25403,"href":"https:\/\/blog.sierranortedeguadalajara.com\/index.php?rest_route=\/wp\/v2\/posts\/21731\/revisions\/25403"}],"wp:attachment":[{"href":"https:\/\/blog.sierranortedeguadalajara.com\/index.php?rest_route=%2Fwp%2Fv2%2Fmedia&parent=21731"}],"wp:term":[{"taxonomy":"category","embeddable":true,"href":"https:\/\/blog.sierranortedeguadalajara.com\/index.php?rest_route=%2Fwp%2Fv2%2Fcategories&post=21731"},{"taxonomy":"post_tag","embeddable":true,"href":"https:\/\/blog.sierranortedeguadalajara.com\/index.php?rest_route=%2Fwp%2Fv2%2Ftags&post=21731"}],"curies":[{"name":"wp","href":"https:\/\/api.w.org\/{rel}","templated":true}]}}