{"id":21711,"date":"2019-09-13T00:05:18","date_gmt":"2019-09-12T22:05:18","guid":{"rendered":"http:\/\/blog.laveredadepuebla.com\/?p=21711"},"modified":"2023-02-10T11:46:53","modified_gmt":"2023-02-10T11:46:53","slug":"el-siglo-xx-en-la-sierra-norte-de-guadalajara-ii","status":"publish","type":"post","link":"https:\/\/blog.sierranortedeguadalajara.com\/?p=21711","title":{"rendered":"El siglo XX en la Sierra Norte de Guadalajara (II)"},"content":{"rendered":"<p align=\"LEFT\"><span style=\"font-size:small;\"><a href=\"https:\/\/laveredadepuebla.files.wordpress.com\/2019\/08\/190913-siglo-xx-1.jpg\"><img loading=\"lazy\" decoding=\"async\" class=\"alignleft size-medium wp-image-21714\" src=\"https:\/\/blog.sierranortedeguadalajara.com\/wp-content\/uploads\/2023\/02\/190913-siglo-xx-1.jpg\" alt=\"\" width=\"300\" height=\"203\"\/><\/a>La posguerra en esta comarca fue tan dura como en todas partes, si bien se atenu\u00f3 debido a que la tierra estaba <\/span><\/p>\n<p><span style=\"font-size:small;\">La posguerra en esta comarca fue tan dura como en todas partes, si bien se atenu\u00f3 debido a que la tierra estaba <\/span><span style=\"font-size:small;\"><i>(y est\u00e1) <\/i><\/span><span style=\"font-size:small;\">muy repartida. La pobreza es palpable y la gente sobrevivi\u00f3 gracias al estraperlo y al aprovechamiento de los recursos naturale<\/span><span style=\"color:#000000;\"><span style=\"font-size:small;\">s <\/span><\/span><span style=\"color:#7e0021;\"><span style=\"font-size:small;\"><i><b>(caza, pesca, frutos y verduras silvestres, &#8230;)<\/b><\/i><\/span><\/span><\/p>\n<p align=\"LEFT\"><span style=\"font-size:small;\">A mediados de los a\u00f1os 40 comenz\u00f3 la construcci\u00f3n de los<\/span><span style=\"font-size:small;\"><i><b><a href=\"https:\/\/blog.laveredadepuebla.com\/2009\/08\/22\/la-presa-del-vado\/\"> pantanos del Vado<\/a><\/b><\/i><i><b> y de <\/b><\/i><i><b><a href=\"https:\/\/blog.laveredadepuebla.com\/2015\/11\/24\/el-embalse-de-palmaces\/\">P\u00e1lmaces<\/a><\/b><\/i><i><b>.<\/b><\/i><\/span><span style=\"font-size:small;\"> Casi a la vez empez\u00f3 la reforestaci\u00f3n con pinos de grandes superficies en casi todos los pueblos serranos para sujetar la erosi\u00f3n. Esto supuso que se generaran centenares de puestos de trabajo que retrasaron algunos a\u00f1os la despoblaci\u00f3n, si bien no en todos los sitios.<\/span><\/p>\n<p align=\"LEFT\"><span style=\"color:#7e0021;\"><span style=\"font-size:small;\"><i><b><a href=\"https:\/\/laveredadepuebla.files.wordpress.com\/2019\/08\/190913-siglo-xx-2.jpg\"><img loading=\"lazy\" decoding=\"async\" class=\"alignright size-medium wp-image-21715\" src=\"https:\/\/blog.sierranortedeguadalajara.com\/wp-content\/uploads\/2023\/02\/190913-siglo-xx-2.jpg\" alt=\"\" width=\"300\" height=\"222\"\/><\/a><\/b><\/i><i><b><\/b><\/i><i><b>La Modernidad<\/b><\/i><\/span><\/span><\/p>\n<p><span style=\"color:#7e0021;\"><span style=\"font-size:small;\"><i><b><\/b><\/i><i><b>La Modernidad<\/b><\/i><\/span><\/span><span style=\"font-size:small;\"> lleg\u00f3 con cuenta gotas a algunos lugares <\/span><span style=\"font-size:small;\"><i>(los molinos se convierten en f\u00e1bricas de luz) <\/i><\/span><span style=\"font-size:small;\">por las nuevas construcciones <\/span><span style=\"font-size:small;\"><i>(tel\u00e9fono, carreteras asfaltadas, \u2026)<\/i> <\/span><span style=\"font-size:small;\">o no lleg\u00f3 \u2026 hasta los a\u00f1os 80 <\/span><span style=\"font-size:small;\"><i>(agua corriente, alcantarillado, \u2026)<\/i><\/span><span style=\"font-size:small;\"> En algunos casos no lo consigui\u00f3, ya que fueron abandonados antes <\/span><span style=\"font-size:small;\"><i><b>(<\/b><\/i><i><b><a href=\"https:\/\/blog.laveredadepuebla.com\/2015\/08\/04\/la-vereda\/\">La Vereda<\/a><\/b><\/i><i><b>). <\/b><\/i><\/span><\/p>\n<p align=\"LEFT\"><span style=\"font-size:small;\">El desarrollismo de los a\u00f1os 60 provoc\u00f3 la huida de los serranos a las ciudades; la <\/span><span style=\"font-size:small;\"><i><b><a href=\"https:\/\/blog.laveredadepuebla.com\/2016\/05\/10\/el-mapa-de-la-sierra-norte\/\">Sierra Norte de Guadalajara <\/a><\/b><\/i><\/span><span style=\"font-size:small;\">perdi\u00f3 el 90% de su poblaci\u00f3n. M\u00e1s de <\/span><span style=\"font-size:small;\"><i><b><a href=\"https:\/\/blog.laveredadepuebla.com\/2018\/02\/23\/hablemos-de-la-despoblacion-en-la-sierra-norte\/\">30 lugares quedaron abandonados<\/a><\/b><\/i><\/span><span style=\"font-size:small;\"> para siempre y otros quedaron al borden de la desaparici\u00f3n. El abandono de los campos merm\u00f3 la agricultura e hizo desaparecer la ganader\u00eda de muchos pueblos. Pero mantuvo la naturaleza salvaje y el sabor aut\u00e9ntico de la tierra.<\/span><\/p>\n<p align=\"LEFT\"><span style=\"font-size:small;\">A principios de los a\u00f1os 70, <\/span><span style=\"font-size:small;\"><i><b><a href=\"https:\/\/blog.laveredadepuebla.com\/2019\/02\/01\/tras-las-huellas-de-felix-rodriguez-de-la-fuente-en-la-sierra-norte\/\">Felix Rodr\u00edguez de la Fuente<\/a><\/b><\/i><i><b> <\/b><\/i><\/span><span style=\"font-size:small;\">eligi\u00f3 estos lugares para rodar sus documentales de l Hombre y la Tierra, de lo que nos sentimos orgullosos.<\/span><\/p>\n<hr \/>\n<p align=\"JUSTIFY\"><span style=\"color:#000099;\"><span style=\"font-size:small;\"><i><b>Lar-ami, <\/b><\/i><\/span><\/span><span style=\"color:#000099;\"><span style=\"font-size:small;\"><em class=\"western\"><i>gerente de <\/i><\/em><\/span><\/span><span style=\"color:#000099;\"><span style=\"font-size:small;\"><em class=\"western\"><i><b>CR<\/b><\/i><\/em><\/span><\/span><i> <\/i><span style=\"color:#0000ff;\"><span style=\"color:#000099;\"><span style=\"font-size:small;\"><span lang=\"zxx\"><u><i><b><a class=\"western\" href=\"http:\/\/www.laveredadepuebla.com\/\">La Vereda de Puebla<\/a><\/b><\/i><\/u><\/span><\/span><\/span><\/span><span style=\"color:#000099;\"><span style=\"font-size:small;\"><i><b>, entre <\/b><\/i><\/span><\/span><span style=\"color:#0000ff;\"><span style=\"color:#000099;\"><span style=\"font-size:small;\"><u><i><b><a class=\"western\" href=\"https:\/\/blog.laveredadepuebla.com\/?s=Puebla+y+carcavas\">c\u00e1rcavas<\/a><\/b><\/i><\/u><\/span><\/span><\/span><span style=\"color:#000099;\"><span style=\"font-size:small;\"><i><b> y o<\/b><\/i><\/span><\/span><span style=\"color:#0000ff;\"><span style=\"color:#000099;\"><span style=\"font-size:small;\"><u><i><b><a class=\"western\" href=\"https:\/\/blog.laveredadepuebla.com\/?s=olivos+mil\">livos milenarios<\/a><\/b><\/i><\/u><\/span><\/span><\/span><span style=\"color:#000099;\"><span style=\"font-size:small;\"><i><b>. <\/b><\/i><\/span><\/span><span style=\"color:#000099;\"><span style=\"font-size:small;\"><i>Todo sobre <\/i><\/span><\/span><span style=\"color:#000099;\"><span style=\"font-size:small;\"><strong class=\"western\"><i><a class=\"western\" href=\"https:\/\/blog.laveredadepuebla.com\/category\/actualidad\/\">Actualidad<\/a><\/i><\/strong><strong class=\"western\"><i>, <\/i><\/strong><strong class=\"western\"><i><a class=\"western\" href=\"https:\/\/blog.laveredadepuebla.com\/category\/costumbres\/\">Costumbres<\/a><\/i><\/strong><strong class=\"western\"><i>, <\/i><\/strong><strong class=\"western\"><i><a class=\"western\" href=\"https:\/\/blog.laveredadepuebla.com\/category\/fiestas\/\">Fiestas<\/a><\/i><\/strong><strong class=\"western\"><i>, <\/i><\/strong><strong class=\"western\"><i><a class=\"western\" href=\"https:\/\/blog.laveredadepuebla.com\/category\/mundo-rural\/\">Mundo Rural<\/a><\/i><\/strong><strong class=\"western\"><i> y <\/i><\/strong><strong class=\"western\"><i><a class=\"western\" href=\"https:\/\/blog.laveredadepuebla.com\/category\/paisajes-y-lugares\/\">Paisajes y Lugares<\/a><\/i><\/strong><strong class=\"western\"><i> <\/i><\/strong><\/span><\/span><span style=\"color:#000099;\"><span style=\"font-size:small;\"><i>de la <\/i><\/span><\/span><span style=\"color:#000099;\"><span style=\"font-size:small;\"><strong class=\"western\"><i>Sierra Norte de Guadalajara<\/i><\/strong><\/span><\/span><span style=\"color:#000099;\"><span style=\"font-size:small;\"><i>.<\/i><\/span><\/span><\/p>\n","protected":false},"excerpt":{"rendered":"<p>La posguerra en esta comarca fue tan dura como en todas partes, si bien se atenu\u00f3 debido a que la tierra estaba La posguerra en esta comarca fue tan dura como en todas partes, si bien se atenu\u00f3 debido a que la tierra estaba (y est\u00e1) muy repartida. La pobreza es palpable y la gente &hellip; <\/p>\n<p class=\"link-more\"><a href=\"https:\/\/blog.sierranortedeguadalajara.com\/?p=21711\" class=\"more-link\">Seguir leyendo<span class=\"screen-reader-text\"> \u00abEl siglo XX en la Sierra Norte de Guadalajara (II)\u00bb<\/span><\/a><\/p>\n","protected":false},"author":1,"featured_media":0,"comment_status":"open","ping_status":"open","sticky":false,"template":"","format":"standard","meta":{"footnotes":""},"categories":[3,17,9],"tags":[2,4,5,7,10,19],"class_list":["post-21711","post","type-post","status-publish","format-standard","hentry","category-costumbres-y-tradiciones","category-paisajes-y-lugares-de-la-sierra-norte","category-rincones-de-la-sierra-norte","tag-actualidad","tag-cultura","tag-historia","tag-naturaleza","tag-sierra-norte","tag-siglo-xx","entry"],"_links":{"self":[{"href":"https:\/\/blog.sierranortedeguadalajara.com\/index.php?rest_route=\/wp\/v2\/posts\/21711","targetHints":{"allow":["GET"]}}],"collection":[{"href":"https:\/\/blog.sierranortedeguadalajara.com\/index.php?rest_route=\/wp\/v2\/posts"}],"about":[{"href":"https:\/\/blog.sierranortedeguadalajara.com\/index.php?rest_route=\/wp\/v2\/types\/post"}],"author":[{"embeddable":true,"href":"https:\/\/blog.sierranortedeguadalajara.com\/index.php?rest_route=\/wp\/v2\/users\/1"}],"replies":[{"embeddable":true,"href":"https:\/\/blog.sierranortedeguadalajara.com\/index.php?rest_route=%2Fwp%2Fv2%2Fcomments&post=21711"}],"version-history":[{"count":1,"href":"https:\/\/blog.sierranortedeguadalajara.com\/index.php?rest_route=\/wp\/v2\/posts\/21711\/revisions"}],"predecessor-version":[{"id":25409,"href":"https:\/\/blog.sierranortedeguadalajara.com\/index.php?rest_route=\/wp\/v2\/posts\/21711\/revisions\/25409"}],"wp:attachment":[{"href":"https:\/\/blog.sierranortedeguadalajara.com\/index.php?rest_route=%2Fwp%2Fv2%2Fmedia&parent=21711"}],"wp:term":[{"taxonomy":"category","embeddable":true,"href":"https:\/\/blog.sierranortedeguadalajara.com\/index.php?rest_route=%2Fwp%2Fv2%2Fcategories&post=21711"},{"taxonomy":"post_tag","embeddable":true,"href":"https:\/\/blog.sierranortedeguadalajara.com\/index.php?rest_route=%2Fwp%2Fv2%2Ftags&post=21711"}],"curies":[{"name":"wp","href":"https:\/\/api.w.org\/{rel}","templated":true}]}}