{"id":21699,"date":"2019-09-23T00:05:12","date_gmt":"2019-09-22T22:05:12","guid":{"rendered":"http:\/\/blog.laveredadepuebla.com\/?p=21699"},"modified":"2023-02-10T11:46:51","modified_gmt":"2023-02-10T11:46:51","slug":"el-cambio-climatico-en-la-sierra-norte-de-guadalajara-2","status":"publish","type":"post","link":"https:\/\/blog.sierranortedeguadalajara.com\/?p=21699","title":{"rendered":"El cambio clim\u00e1tico en la Sierra Norte de Guadalajara"},"content":{"rendered":"<p align=\"LEFT\"><span style=\"font-size:small;\">No tenemos datos para hablar de como afecta el <\/span><span style=\"color:#7e0021;\"><span style=\"font-size:small;\"><i><b>cambio clim\u00e1tico<\/b><\/i><\/span><\/span><span style=\"font-size:small;\"> a la <\/span><a href=\"https:\/\/blog.laveredadepuebla.com\/2016\/05\/10\/el-mapa-de-la-sierra-norte\/\"><span style=\"font-size:small;\"><i><b>Sierra Norte de Guadalajara.<\/b><\/i><\/span><\/a><span style=\"font-size:small;\"> Pero podemos aportar informaci\u00f3n de nuestra comarca y de los otros cambios clim\u00e1ticos que ha sufrido el planeta a lo largo de la <\/span><span style=\"color:#800000;\"><span style=\"font-size:small;\"><i><b>Historia conocida<\/b><\/i><\/span><\/span><span style=\"font-size:small;\">. Y que<\/span><span style=\"color:#7e0021;\"><span style=\"font-size:small;\"><i><b> cada uno especule a modo.\u00a0 <\/b><\/i><\/span><\/span><\/p>\n<p align=\"LEFT\"><span style=\"color:#333333;\"><span style=\"font-size:small;\">La Historia <\/span><\/span><span style=\"color:#000000;\"><span style=\"font-size:small;\">cuenta que los cambios clim\u00e1ticos estuvieron relacionados con una serie de m\u00ednimos de manchas solares y grandes erupciones volc\u00e1nicas <\/span><\/span><span style=\"color:#7e0021;\"><span style=\"font-size:small;\"><i><b>(Santorini, Pinatubo, Eldgja, \u2026), <\/b><\/i><\/span><\/span><span style=\"color:#000000;\"><span style=\"font-size:small;\">pero que no afectaron por igual a todos los continentes. En Europa fue as\u00ed:<\/span><\/span><\/p>\n<ul>\n<li><span style=\"color:#7e0021;\"><span style=\"font-size:small;\"><i><b>El periodo c\u00e1lido<\/b><\/i><\/span><\/span><span style=\"font-size:small;\"> coincidi\u00f3 con el<\/span><span style=\"color:#7e0021;\"><span style=\"font-size:small;\"><i><b> Imperio Romano<\/b><\/i><\/span><\/span><span style=\"font-size:small;\">, del siglo I al VI<\/span><\/li>\n<li><span style=\"color:#7e0021;\"><span style=\"font-size:small;\"><i><b>El periodo frio,<\/b><\/i><\/span><\/span><span style=\"font-size:small;\"> la <\/span><span style=\"color:#7e0021;\"><span style=\"font-size:small;\"><i><b>Edad Oscura,<\/b><\/i><\/span><\/span><span style=\"font-size:small;\"> fue del siglo VI al X.<\/span><\/li>\n<li><span style=\"color:#7e0021;\"><span style=\"font-size:small;\"><i><b>El \u00f3ptimo clim\u00e1tico<\/b><\/i><\/span><\/span><span style=\"font-size:small;\"> se alcanz\u00f3 en la Baja Edad Media, del siglo X al XIV, con temperaturas similares a la actual.<\/span><\/li>\n<li><span style=\"color:#7e0021;\"><span style=\"font-size:small;\"><i><b>La Peque\u00f1a Edad del Hielo<\/b><\/i><\/span><\/span><span style=\"color:#000000;\"><span style=\"font-size:small;\"> del siglo XIV al XIX. Los a\u00f1os m\u00e1s frios en Europa y Am\u00e9rica del Norte fueron en el siglo XVII <\/span><\/span><a href=\"https:\/\/blog.laveredadepuebla.com\/2019\/06\/07\/el-barroco-y-el-siglo-xvii-en-la-sierra-norte\/\"><span style=\"color:#000000;\"><span style=\"font-size:small;\"><i><b>(Barroco)<\/b><\/i><\/span><\/span><\/a><span style=\"color:#000000;\"><span style=\"font-size:small;\">; en el Pacifico el XV y en el resto del planeta el XIX.<\/span><\/span><\/li>\n<\/ul>\n<p align=\"LEFT\"><span style=\"font-size:small;\"><a href=\"https:\/\/laveredadepuebla.files.wordpress.com\/2019\/08\/190909-cambio-climc3a1tico.jpg\"><img loading=\"lazy\" decoding=\"async\" class=\"alignright size-medium wp-image-21701\" src=\"https:\/\/blog.sierranortedeguadalajara.com\/wp-content\/uploads\/2023\/02\/190909-cambio-climc3a1tico.jpg\" alt=\"\" width=\"300\" height=\"225\" \/><\/a>En la Sierra se han perdido <\/span><span style=\"color:#000000;\"><span style=\"font-size:small;\"><i>fuentes y arroyos, los rios van escasos de caudal (en parte gracias a las presas), los baldios crecen, los bosques envejecen y merman, la ganaderia ha desaparecido en muchos pueblos, la agricultura se limita al cereal y poco m\u00e1s, los huertos cada vez son menos, la biodiversidad se reduce,<\/i><\/span><\/span><i><b> <\/b><\/i><span style=\"font-size:small;\"><b>\u2026<\/b><\/span><span style=\"font-size:small;\"> Y todo no es achacable a la despoblaci\u00f3n de los a\u00f1os 60.<\/span><\/p>\n<p align=\"LEFT\"><span style=\"font-size:small;\">La <\/span><span style=\"color:#7e0021;\"><span style=\"font-size:small;\"><i><b>poblacion se reduce cada a\u00f1o y va envejeciendo<\/b><\/i><\/span><\/span><i> <\/i><span style=\"font-size:small;\">a marchas forzadas, sin que haya reposici\u00f3n con j\u00f3venes; en muchos lugares <\/span><span style=\"color:#7e0021;\"><span style=\"font-size:small;\"><i><b>ya no hay ni\u00f1os <\/b><\/i><\/span><\/span><span style=\"font-size:small;\">\u2026 salvo en fin de semana \u2026 y cuando hace buen tiempo. Mirando el panorama del mundo actual y sus dirigentes no podemos ser optimistas. <\/span><span style=\"color:#7e0021;\"><span style=\"font-size:small;\"><i><b>\u00a1Y pardiez que nos gustaria!<\/b><\/i><\/span><\/span><\/p>\n<p align=\"JUSTIFY\"><span style=\"color:#000099;\"><span style=\"font-size:small;\"><i><b>Lar-ami, <\/b><\/i><\/span><\/span><em class=\"western\"><span style=\"color:#000099;\"><span style=\"font-size:small;\"><i>gerente de <\/i><\/span><\/span><\/em><em class=\"western\"><span style=\"color:#000099;\"><span style=\"font-size:small;\"><i><b>CR<\/b><\/i><\/span><\/span><\/em><i> <\/i><span style=\"color:#0000ff;\"><u><a class=\"western\" href=\"http:\/\/www.laveredadepuebla.com\/\"><span style=\"color:#000099;\"><span style=\"font-size:small;\"><span lang=\"zxx\"><i><b>La Vereda de Puebla<\/b><\/i><\/span><\/span><\/span><\/a><\/u><\/span><span style=\"color:#000099;\"><span style=\"font-size:small;\"><i><b>, entre <\/b><\/i><\/span><\/span><span style=\"color:#0000ff;\"><u><a class=\"western\" href=\"https:\/\/blog.laveredadepuebla.com\/?s=Puebla+y+carcavas\"><span style=\"color:#000099;\"><span style=\"font-size:small;\"><i><b>c\u00e1rcavas<\/b><\/i><\/span><\/span><\/a><\/u><\/span><span style=\"color:#000099;\"><span style=\"font-size:small;\"><i><b> y o<\/b><\/i><\/span><\/span><span style=\"color:#0000ff;\"><u><a class=\"western\" href=\"https:\/\/blog.laveredadepuebla.com\/?s=olivos+mil\"><span style=\"color:#000099;\"><span style=\"font-size:small;\"><i><b>livos milenarios<\/b><\/i><\/span><\/span><\/a><\/u><\/span><span style=\"color:#000099;\"><span style=\"font-size:small;\"><i><b>. <\/b><\/i><\/span><\/span><span style=\"color:#000099;\"><span style=\"font-size:small;\"><i>Todo sobre <\/i><\/span><\/span><strong class=\"western\"><span style=\"color:#000099;\"><span style=\"font-size:small;\"><i><a class=\"western\" href=\"https:\/\/blog.laveredadepuebla.com\/category\/actualidad\/\">Actualidad<\/a>, <a class=\"western\" href=\"https:\/\/blog.laveredadepuebla.com\/category\/costumbres\/\">Costumbres<\/a>, <a class=\"western\" href=\"https:\/\/blog.laveredadepuebla.com\/category\/fiestas\/\">Fiestas<\/a>, <a class=\"western\" href=\"https:\/\/blog.laveredadepuebla.com\/category\/mundo-rural\/\">Mundo Rural<\/a> y <a class=\"western\" href=\"https:\/\/blog.laveredadepuebla.com\/category\/paisajes-y-lugares\/\">Paisajes y Lugares<\/a> <\/i><\/span><\/span><\/strong><span style=\"color:#000099;\"><span style=\"font-size:small;\"><i>de la <\/i><\/span><\/span><strong class=\"western\"><span style=\"color:#000099;\"><span style=\"font-size:small;\"><i>Sierra Norte de Guadalajara<\/i><\/span><\/span><\/strong><\/p>\n","protected":false},"excerpt":{"rendered":"<p>No tenemos datos para hablar de como afecta el cambio clim\u00e1tico a la Sierra Norte de Guadalajara. Pero podemos aportar informaci\u00f3n de nuestra comarca y de los otros cambios clim\u00e1ticos que ha sufrido el planeta a lo largo de la Historia conocida. Y que cada uno especule a modo.\u00a0 La Historia cuenta que los cambios &hellip; <\/p>\n<p class=\"link-more\"><a href=\"https:\/\/blog.sierranortedeguadalajara.com\/?p=21699\" class=\"more-link\">Seguir leyendo<span class=\"screen-reader-text\"> \u00abEl cambio clim\u00e1tico en la Sierra Norte de Guadalajara\u00bb<\/span><\/a><\/p>\n","protected":false},"author":1,"featured_media":0,"comment_status":"open","ping_status":"open","sticky":false,"template":"","format":"standard","meta":{"footnotes":""},"categories":[12,6,17,9],"tags":[2,4,5,7,10,22],"class_list":["post-21699","post","type-post","status-publish","format-standard","hentry","category-actualidad","category-mundo-rural","category-paisajes-y-lugares-de-la-sierra-norte","category-rincones-de-la-sierra-norte","tag-actualidad","tag-cultura","tag-historia","tag-naturaleza","tag-sierra-norte","tag-siglo-xxi","entry"],"_links":{"self":[{"href":"https:\/\/blog.sierranortedeguadalajara.com\/index.php?rest_route=\/wp\/v2\/posts\/21699","targetHints":{"allow":["GET"]}}],"collection":[{"href":"https:\/\/blog.sierranortedeguadalajara.com\/index.php?rest_route=\/wp\/v2\/posts"}],"about":[{"href":"https:\/\/blog.sierranortedeguadalajara.com\/index.php?rest_route=\/wp\/v2\/types\/post"}],"author":[{"embeddable":true,"href":"https:\/\/blog.sierranortedeguadalajara.com\/index.php?rest_route=\/wp\/v2\/users\/1"}],"replies":[{"embeddable":true,"href":"https:\/\/blog.sierranortedeguadalajara.com\/index.php?rest_route=%2Fwp%2Fv2%2Fcomments&post=21699"}],"version-history":[{"count":1,"href":"https:\/\/blog.sierranortedeguadalajara.com\/index.php?rest_route=\/wp\/v2\/posts\/21699\/revisions"}],"predecessor-version":[{"id":25397,"href":"https:\/\/blog.sierranortedeguadalajara.com\/index.php?rest_route=\/wp\/v2\/posts\/21699\/revisions\/25397"}],"wp:attachment":[{"href":"https:\/\/blog.sierranortedeguadalajara.com\/index.php?rest_route=%2Fwp%2Fv2%2Fmedia&parent=21699"}],"wp:term":[{"taxonomy":"category","embeddable":true,"href":"https:\/\/blog.sierranortedeguadalajara.com\/index.php?rest_route=%2Fwp%2Fv2%2Fcategories&post=21699"},{"taxonomy":"post_tag","embeddable":true,"href":"https:\/\/blog.sierranortedeguadalajara.com\/index.php?rest_route=%2Fwp%2Fv2%2Ftags&post=21699"}],"curies":[{"name":"wp","href":"https:\/\/api.w.org\/{rel}","templated":true}]}}