{"id":21625,"date":"2019-08-21T00:05:03","date_gmt":"2019-08-20T22:05:03","guid":{"rendered":"http:\/\/blog.laveredadepuebla.com\/?p=21625"},"modified":"2023-02-10T11:47:00","modified_gmt":"2023-02-10T11:47:00","slug":"serranos-muertos-en-el-campo-de-mauthausen","status":"publish","type":"post","link":"https:\/\/blog.sierranortedeguadalajara.com\/?p=21625","title":{"rendered":"Serranos muertos en el campo de Mauthausen"},"content":{"rendered":"<p align=\"LEFT\"><span style=\"font-size:small;\">Todos los Medios de Comunicaci\u00f3n se han hecho eco de la relaci\u00f3n de<\/span><span style=\"font-size:small;\"><i><b><a href=\"https:\/\/elpais.com\/politica\/2019\/08\/08\/actualidad\/1565283557_304513.html\"> republicanos muertos en los campos de concentraci\u00f3n de Mauthausen y Gusen<\/a>,<\/b><\/i><\/span><span style=\"font-size:small;\"> publicada en el BOE del 9 de agosto. Una lista, que sin ser completa incluye un total de 4.427 muertos, entre ellos 77 de Guadalajara <\/span><span style=\"color:#800000;\"><strong><span style=\"font-size:small;\"><i>(10 de la <\/i><\/span><\/strong><a style=\"color:#800000;\" href=\"https:\/\/blog.laveredadepuebla.com\/2016\/05\/10\/el-mapa-de-la-sierra-norte\/\"><span style=\"font-size:small;\"><i><b>Sierra Norte de Guadalajara). <\/b><\/i><\/span><\/a><\/span><\/p>\n<p align=\"LEFT\"><span style=\"font-size:small;\"><i><b><a href=\"https:\/\/laveredadepuebla.files.wordpress.com\/2019\/08\/campos-nazis.jpg\"><img loading=\"lazy\" decoding=\"async\" class=\"alignright size-medium wp-image-21627\" src=\"https:\/\/blog.sierranortedeguadalajara.com\/wp-content\/uploads\/2023\/02\/campos-nazis.jpg\" alt=\"\" width=\"300\" height=\"186\" \/><\/a><a href=\"http:\/\/www.memoriales.net\/topographie\/Austria\/gusen.htm\">Los campos de Gusen<\/a><\/b><\/i><\/span> <span style=\"font-size:small;\"><i>(hubo 3) <\/i><\/span><span style=\"font-size:small;\">distaban 5 kms del<\/span><span style=\"color:#7e0021;\"><span style=\"font-size:small;\"><i><b> campo de Mauthausen<\/b><\/i><\/span><\/span><span style=\"font-size:small;\">, del que depend\u00edan. Estaban junto a la cantera de granito en la que trabajaban los presos, sin paga y con poco alimento. M\u00edtica y canalla era <\/span><span style=\"color:#7e0021;\"><span style=\"font-size:small;\"><i><b>la escalera de la muerte, <\/b><\/i><\/span><\/span><span style=\"font-size:small;\">con 190 escalones, que subian los presos llevando m\u00e1s 20 kgs de piedra. No es de extra\u00f1ar que el 80% de los espa\u00f1oles <\/span><span style=\"color:#7e0021;\"><span style=\"font-size:small;\"><i>(ap\u00e1tridas, gracias a Franco que les priv\u00f3 de la nacionalidad y asi <\/i><\/span><\/span><span style=\"color:#7e0021;\"><span style=\"font-size:small;\"><i><b>\u201cobtuvieron un trato privilegiado\u201d)<\/b><\/i><\/span><\/span><span style=\"font-size:small;\"> que llegaron a estos campos, murieran agotados, de hambre o asesinados. <\/span><\/p>\n<p align=\"LEFT\"><span style=\"font-size:small;\">La pel\u00edcula <\/span><a href=\"https:\/\/www.youtube.com\/watch?v=bha4q3CT2qA\"><span style=\"font-size:small;\"><i><b>\u201cEl fotografo de Mauthausen\u201d<\/b><\/i><\/span><\/a><span style=\"font-size:small;\"> retrata la vida en estos lugares perversos hasta su cierre el 6 mayo de 1.945. Como homenaje a <\/span><span style=\"color:#7e0021;\"><span style=\"font-size:small;\"><i><b>estos serranos, h\u00e9roes olvidados, <\/b><\/i><\/span><\/span><span style=\"font-size:small;\">detallamos sus nombres:<\/span><\/p>\n<ul>\n<li><span style=\"font-size:small;\">De Sig\u00fcenza: <\/span><span style=\"color:#7e0021;\"><span style=\"font-size:small;\"><i><b>Vicente Lafuente Barbarroja, (<\/b><\/i><\/span><\/span><span style=\"font-size:small;\">8-8-1941)<\/span><\/li>\n<li><span style=\"font-size:small;\">J\u00f3car: <\/span><span style=\"color:#7e0021;\"><span style=\"font-size:small;\"><i><b>Toribio Sanantonio Garcia <\/b><\/i><\/span><\/span><span style=\"font-size:small;\">(14-9.1941)<\/span><\/li>\n<li><span style=\"color:#000000;\"><span style=\"font-size:small;\">J\u00f3car:<\/span><\/span><i><b> <\/b><\/i><span style=\"color:#7e0021;\"><span style=\"font-size:small;\"><i><b>Cecilio Boyarizo Moreno,<\/b><\/i><\/span><\/span><span style=\"font-size:small;\"> de 39 a\u00f1os (24-9-1941)<\/span><\/li>\n<li><span style=\"font-size:small;\">Cantalojas: <\/span><span style=\"color:#7e0021;\"><span style=\"font-size:small;\"><i><b>Luis Mart\u00edn Escribano <\/b><\/i><\/span><\/span><span style=\"font-size:small;\">(6-10-1941)<\/span><\/li>\n<li><span style=\"font-size:small;\">Atienza: <\/span><span style=\"color:#7e0021;\"><span style=\"font-size:small;\"><i><b>Gil Ruiz Dominguez, <\/b><\/i><\/span><\/span><span style=\"font-size:small;\">de 40 a\u00f1os (4-11-1941)<\/span><\/li>\n<li><span style=\"font-size:small;\">Trijueque: <\/span><span style=\"color:#7e0021;\"><span style=\"font-size:small;\"><i><b>Estanislao Ruiz L\u00f3pez<\/b><\/i><\/span><\/span><span style=\"font-size:small;\">, de 22 a\u00f1os (12-11-1941)<\/span><\/li>\n<li><span style=\"font-size:small;\">Campisabalos: <\/span><span style=\"color:#7e0021;\"><span style=\"font-size:small;\"><i><b>Severiano Palacios Linares <\/b><\/i><\/span><\/span><span style=\"font-size:small;\">(12-11-1941)<\/span><\/li>\n<li><span style=\"font-size:small;\">Medranda: <\/span><span style=\"color:#7e0021;\"><span style=\"font-size:small;\"><i><b>Nicolas Abreu Merino<\/b><\/i><\/span><\/span><span style=\"font-size:small;\"> (17-11-1941)<\/span><\/li>\n<li><span style=\"font-size:small;\">Albendiego: <\/span><span style=\"color:#7e0021;\"><span style=\"font-size:small;\"><i><b>Eugenio Mart\u00edn Sanz,<\/b><\/i><\/span><\/span><span style=\"font-size:small;\"> de 40 a\u00f1os (25-11-1941)<\/span><\/li>\n<li><span style=\"font-size:small;\">Los Heros: <span style=\"color:#800000;\"><em><strong>Julian Duarte Marina<\/strong><\/em><\/span>, muerto en Mauthausen (13-3-1942)<\/span><\/li>\n<\/ul>\n<hr \/>\n<p align=\"JUSTIFY\"><span style=\"color:#000099;\"><span style=\"font-size:small;\"><i><b>Lar-ami, <\/b><\/i><\/span><\/span><em class=\"western\"><span style=\"color:#000099;\"><span style=\"font-size:small;\"><i>gerente de <\/i><\/span><\/span><\/em><em class=\"western\"><span style=\"color:#000099;\"><span style=\"font-size:small;\"><i><b>CR<\/b><\/i><\/span><\/span><\/em><i> <\/i><span style=\"color:#0000ff;\"><u><a class=\"western\" href=\"http:\/\/www.laveredadepuebla.com\/\"><span style=\"color:#000099;\"><span style=\"font-size:small;\"><span lang=\"zxx\"><i><b>La Vereda de Puebla<\/b><\/i><\/span><\/span><\/span><\/a><\/u><\/span><span style=\"color:#000099;\"><span style=\"font-size:small;\"><i><b>, entre <\/b><\/i><\/span><\/span><span style=\"color:#0000ff;\"><u><a class=\"western\" href=\"https:\/\/blog.laveredadepuebla.com\/?s=Puebla+y+carcavas\"><span style=\"color:#000099;\"><span style=\"font-size:small;\"><i><b>c\u00e1rcavas<\/b><\/i><\/span><\/span><\/a><\/u><\/span><span style=\"color:#000099;\"><span style=\"font-size:small;\"><i><b> y o<\/b><\/i><\/span><\/span><span style=\"color:#0000ff;\"><u><a class=\"western\" href=\"https:\/\/blog.laveredadepuebla.com\/?s=olivos+mil\"><span style=\"color:#000099;\"><span style=\"font-size:small;\"><i><b>livos milenarios<\/b><\/i><\/span><\/span><\/a><\/u><\/span><span style=\"color:#000099;\"><span style=\"font-size:small;\"><i><b>. <\/b><\/i><\/span><\/span><span style=\"color:#000099;\"><span style=\"font-size:small;\"><i>Todo sobre <\/i><\/span><\/span><strong class=\"western\"><span style=\"color:#000099;\"><span style=\"font-size:small;\"><i><a class=\"western\" href=\"https:\/\/blog.laveredadepuebla.com\/category\/actualidad\/\">Actualidad<\/a>, <a class=\"western\" href=\"https:\/\/blog.laveredadepuebla.com\/category\/costumbres\/\">Costumbres<\/a>, <a class=\"western\" href=\"https:\/\/blog.laveredadepuebla.com\/category\/fiestas\/\">Fiestas<\/a>, <a class=\"western\" href=\"https:\/\/blog.laveredadepuebla.com\/category\/mundo-rural\/\">Mundo Rural<\/a> y <a class=\"western\" href=\"https:\/\/blog.laveredadepuebla.com\/category\/paisajes-y-lugares\/\">Paisajes y Lugares<\/a> <\/i><\/span><\/span><\/strong><span style=\"color:#000099;\"><span style=\"font-size:small;\"><i>de la <\/i><\/span><\/span><strong class=\"western\"><span style=\"color:#000099;\"><span style=\"font-size:small;\"><i>Sierra Norte de Guadalajara<\/i><\/span><\/span><\/strong><span style=\"color:#000099;\"><span style=\"font-size:small;\"><i>. <\/i><\/span><\/span><\/p>\n","protected":false},"excerpt":{"rendered":"<p>Todos los Medios de Comunicaci\u00f3n se han hecho eco de la relaci\u00f3n de republicanos muertos en los campos de concentraci\u00f3n de Mauthausen y Gusen, publicada en el BOE del 9 de agosto. Una lista, que sin ser completa incluye un total de 4.427 muertos, entre ellos 77 de Guadalajara (10 de la Sierra Norte de &hellip; <\/p>\n<p class=\"link-more\"><a href=\"https:\/\/blog.sierranortedeguadalajara.com\/?p=21625\" class=\"more-link\">Seguir leyendo<span class=\"screen-reader-text\"> \u00abSerranos muertos en el campo de Mauthausen\u00bb<\/span><\/a><\/p>\n","protected":false},"author":1,"featured_media":0,"comment_status":"open","ping_status":"open","sticky":false,"template":"","format":"standard","meta":{"footnotes":""},"categories":[12,6],"tags":[2,4,14,127,5,10,19],"class_list":["post-21625","post","type-post","status-publish","format-standard","hentry","category-actualidad","category-mundo-rural","tag-actualidad","tag-cultura","tag-hijos-de-la-tierra","tag-hijos-del-pueblo","tag-historia","tag-sierra-norte","tag-siglo-xx","entry"],"_links":{"self":[{"href":"https:\/\/blog.sierranortedeguadalajara.com\/index.php?rest_route=\/wp\/v2\/posts\/21625","targetHints":{"allow":["GET"]}}],"collection":[{"href":"https:\/\/blog.sierranortedeguadalajara.com\/index.php?rest_route=\/wp\/v2\/posts"}],"about":[{"href":"https:\/\/blog.sierranortedeguadalajara.com\/index.php?rest_route=\/wp\/v2\/types\/post"}],"author":[{"embeddable":true,"href":"https:\/\/blog.sierranortedeguadalajara.com\/index.php?rest_route=\/wp\/v2\/users\/1"}],"replies":[{"embeddable":true,"href":"https:\/\/blog.sierranortedeguadalajara.com\/index.php?rest_route=%2Fwp%2Fv2%2Fcomments&post=21625"}],"version-history":[{"count":1,"href":"https:\/\/blog.sierranortedeguadalajara.com\/index.php?rest_route=\/wp\/v2\/posts\/21625\/revisions"}],"predecessor-version":[{"id":25435,"href":"https:\/\/blog.sierranortedeguadalajara.com\/index.php?rest_route=\/wp\/v2\/posts\/21625\/revisions\/25435"}],"wp:attachment":[{"href":"https:\/\/blog.sierranortedeguadalajara.com\/index.php?rest_route=%2Fwp%2Fv2%2Fmedia&parent=21625"}],"wp:term":[{"taxonomy":"category","embeddable":true,"href":"https:\/\/blog.sierranortedeguadalajara.com\/index.php?rest_route=%2Fwp%2Fv2%2Fcategories&post=21625"},{"taxonomy":"post_tag","embeddable":true,"href":"https:\/\/blog.sierranortedeguadalajara.com\/index.php?rest_route=%2Fwp%2Fv2%2Ftags&post=21625"}],"curies":[{"name":"wp","href":"https:\/\/api.w.org\/{rel}","templated":true}]}}