{"id":21518,"date":"2019-07-15T00:05:35","date_gmt":"2019-07-14T22:05:35","guid":{"rendered":"http:\/\/blog.laveredadepuebla.com\/?p=21518"},"modified":"2023-02-10T12:09:29","modified_gmt":"2023-02-10T12:09:29","slug":"malditos-piromanos","status":"publish","type":"post","link":"https:\/\/blog.sierranortedeguadalajara.com\/?p=21518","title":{"rendered":"\u00a1Malditos pir\u00f3manos!"},"content":{"rendered":"<p align=\"LEFT\"><span style=\"font-size:small;\"><a href=\"https:\/\/laveredadepuebla.files.wordpress.com\/2019\/07\/malditos-1.jpg\"><img loading=\"lazy\" decoding=\"async\" class=\"alignleft wp-image-21519 size-medium\" src=\"https:\/\/blog.sierranortedeguadalajara.com\/wp-content\/uploads\/2023\/02\/malditos-1.jpg\" alt=\"\" width=\"169\" height=\"300\" \/><\/a>Este 13 de julio de 2.019 quedar\u00e1 marcado a fuego <i>(nunca mejor dicho) <\/i>en la memoria de la<a href=\"https:\/\/blog.laveredadepuebla.com\/2016\/05\/10\/el-mapa-de-la-sierra-norte\/\"><i><b> Sierra Norte de Guadalajara<\/b><\/i><\/a>. Hasta 10 incendios se han declarado en un solo dia: <span style=\"color:#7e0021;\"><i>Pr\u00e1dena de Atienza, Bustares, Arroyo de Fraguas, Palancares (Tamaj\u00f3n), Tortuero (2 incendios), Monasterio, Cantalojas y Torrebele\u00f1a (Cogolludo<\/i><\/span>) son los <span style=\"color:#800000;\"><i><b>\u201cafortunados\u201d.\u00a0<\/b><\/i><\/span> <\/span><\/p>\n<p align=\"LEFT\"><span style=\"font-size:small;\">La r\u00e1pida intervenci\u00f3n de las brigadas de incendios de la provincia, con el apoyo enviado por el <span style=\"color:#7e0021;\"><i><b>Gobierno Central <\/b><\/i><\/span><i>(3 helicopteros de gran capacidad y brigadas de especialistas, seg\u00fan <\/i><span style=\"color:#7e0021;\"><i><b>informa Eupropress)<\/b><\/i><\/span><i> <\/i>han conseguido apagarlos, excepto dos que la ma\u00f1ana del 14 de julio segu\u00edan activos, Tortuero y Torrebele\u00f1a. Siendo este el m\u00e1s grave, cntrolado y perimetrado a media ma\u00f1ana, pero el desastre es terrible (50 Has),\u00a0 como reflejan las im\u00e1genes<em> (gracias Juan Alfonso).<\/em><\/span><\/p>\n<p align=\"LEFT\"><span style=\"font-size:small;\"><a href=\"https:\/\/laveredadepuebla.files.wordpress.com\/2019\/07\/190715-malditos-6.jpg\"><img loading=\"lazy\" decoding=\"async\" class=\"alignright size-medium wp-image-21527\" src=\"https:\/\/blog.sierranortedeguadalajara.com\/wp-content\/uploads\/2023\/02\/190715-malditos-6.jpg\" alt=\"\" width=\"300\" height=\"169\" \/><\/a>La cronolog\u00eda y la ubicaci\u00f3n de los incendios <i>(se podr\u00eda establecer una ruta) <\/i> hacen sospechar que casi todos han sido provocados. Y por gente que conoce el territorio. Cierto que la temperatura super\u00f3 los 36\u00ba, que habia viento y que la humedad del aire era &lt;30%, <i>(los tres 30),<\/i> pero esto no justifica que se declaren 10 incendios en un territorio que no supera los 1.200 kms.<\/span><\/p>\n<p align=\"LEFT\"><span style=\"color:#800000;\"><span style=\"font-size:small;\"><i><b>\u00a1Malditos pir\u00f3manos! <\/b><\/i><span style=\"color:#000000;\">Necesitamos m\u00e1s vigilancia y una reforma del codigo penal, que castigue estos delitos con el mayor rigor posible.<\/span> <i><b>\u00a1Est\u00e1n asesinando a la Sierra Norte de Guadalajara! <\/b><\/i><span style=\"color:#000000;\">Nuestro territorio no necesita gente asi,<\/span><b><i> \u00a1Sean malditos por siempre!<\/i><\/b><\/span><\/span><\/p>\n<hr \/>\n<p align=\"JUSTIFY\"><span style=\"color:#000099;\"><span style=\"font-size:small;\"><i><b>Lar-ami, <\/b><\/i><\/span><\/span><em class=\"western\"><span style=\"color:#000099;\"><span style=\"font-size:small;\"><i>gerente de <\/i><\/span><\/span><\/em><em class=\"western\"><span style=\"color:#000099;\"><span style=\"font-size:small;\"><i><b>CR<\/b><\/i><\/span><\/span><\/em><i> <\/i><span style=\"color:#0000ff;\"><u><a class=\"western\" href=\"http:\/\/www.laveredadepuebla.com\/\"><span style=\"color:#000099;\"><span style=\"font-size:small;\"><span lang=\"zxx\"><i><b>La Vereda de Puebla<\/b><\/i><\/span><\/span><\/span><\/a><\/u><\/span><span style=\"color:#000099;\"><span style=\"font-size:small;\"><i><b>, entre <\/b><\/i><\/span><\/span><span style=\"color:#0000ff;\"><u><a class=\"western\" href=\"https:\/\/blog.laveredadepuebla.com\/?s=Puebla+y+carcavas\"><span style=\"color:#000099;\"><span style=\"font-size:small;\"><i><b>c\u00e1rcavas<\/b><\/i><\/span><\/span><\/a><\/u><\/span><span style=\"color:#000099;\"><span style=\"font-size:small;\"><i><b> y o<\/b><\/i><\/span><\/span><span style=\"color:#0000ff;\"><u><a class=\"western\" href=\"https:\/\/blog.laveredadepuebla.com\/?s=olivos+mil\"><span style=\"color:#000099;\"><span style=\"font-size:small;\"><i><b>livos milenarios<\/b><\/i><\/span><\/span><\/a><\/u><\/span><span style=\"color:#000099;\"><span style=\"font-size:small;\"><i><b>. <\/b><\/i><\/span><\/span><span style=\"color:#000099;\"><span style=\"font-size:small;\"><i>Todo sobre <\/i><\/span><\/span><strong class=\"western\"><span style=\"color:#000099;\"><span style=\"font-size:small;\"><i><a class=\"western\" href=\"https:\/\/blog.laveredadepuebla.com\/category\/actualidad\/\">Actualidad<\/a>, <a class=\"western\" href=\"https:\/\/blog.laveredadepuebla.com\/category\/costumbres\/\">Costumbres<\/a>, <a class=\"western\" href=\"https:\/\/blog.laveredadepuebla.com\/category\/fiestas\/\">Fiestas<\/a>, <a class=\"western\" href=\"https:\/\/blog.laveredadepuebla.com\/category\/mundo-rural\/\">Mundo Rural<\/a> y <a class=\"western\" href=\"https:\/\/blog.laveredadepuebla.com\/category\/paisajes-y-lugares\/\">Paisajes y Lugares<\/a> <\/i><\/span><\/span><\/strong><span style=\"color:#000099;\"><span style=\"font-size:small;\"><i>de la <\/i><\/span><\/span><strong class=\"western\"><span style=\"color:#000099;\"><span style=\"font-size:small;\"><i>Sierra Norte de Guadalajara<\/i><\/span><\/span><\/strong><span style=\"color:#000099;\"><span style=\"font-size:small;\"><i>. <\/i><\/span><\/span><\/p>\n","protected":false},"excerpt":{"rendered":"<p>Este 13 de julio de 2.019 quedar\u00e1 marcado a fuego (nunca mejor dicho) en la memoria de la Sierra Norte de Guadalajara. Hasta 10 incendios se han declarado en un solo dia: Pr\u00e1dena de Atienza, Bustares, Arroyo de Fraguas, Palancares (Tamaj\u00f3n), Tortuero (2 incendios), Monasterio, Cantalojas y Torrebele\u00f1a (Cogolludo) son los \u201cafortunados\u201d.\u00a0 La r\u00e1pida intervenci\u00f3n &hellip; <\/p>\n<p class=\"link-more\"><a href=\"https:\/\/blog.sierranortedeguadalajara.com\/?p=21518\" class=\"more-link\">Seguir leyendo<span class=\"screen-reader-text\"> \u00ab\u00a1Malditos pir\u00f3manos!\u00bb<\/span><\/a><\/p>\n","protected":false},"author":1,"featured_media":0,"comment_status":"open","ping_status":"open","sticky":false,"template":"","format":"standard","meta":{"footnotes":""},"categories":[12,6,17],"tags":[2,4,14,5,7,10],"class_list":["post-21518","post","type-post","status-publish","format-standard","hentry","category-actualidad","category-mundo-rural","category-paisajes-y-lugares-de-la-sierra-norte","tag-actualidad","tag-cultura","tag-hijos-de-la-tierra","tag-historia","tag-naturaleza","tag-sierra-norte","entry"],"_links":{"self":[{"href":"https:\/\/blog.sierranortedeguadalajara.com\/index.php?rest_route=\/wp\/v2\/posts\/21518","targetHints":{"allow":["GET"]}}],"collection":[{"href":"https:\/\/blog.sierranortedeguadalajara.com\/index.php?rest_route=\/wp\/v2\/posts"}],"about":[{"href":"https:\/\/blog.sierranortedeguadalajara.com\/index.php?rest_route=\/wp\/v2\/types\/post"}],"author":[{"embeddable":true,"href":"https:\/\/blog.sierranortedeguadalajara.com\/index.php?rest_route=\/wp\/v2\/users\/1"}],"replies":[{"embeddable":true,"href":"https:\/\/blog.sierranortedeguadalajara.com\/index.php?rest_route=%2Fwp%2Fv2%2Fcomments&post=21518"}],"version-history":[{"count":1,"href":"https:\/\/blog.sierranortedeguadalajara.com\/index.php?rest_route=\/wp\/v2\/posts\/21518\/revisions"}],"predecessor-version":[{"id":25483,"href":"https:\/\/blog.sierranortedeguadalajara.com\/index.php?rest_route=\/wp\/v2\/posts\/21518\/revisions\/25483"}],"wp:attachment":[{"href":"https:\/\/blog.sierranortedeguadalajara.com\/index.php?rest_route=%2Fwp%2Fv2%2Fmedia&parent=21518"}],"wp:term":[{"taxonomy":"category","embeddable":true,"href":"https:\/\/blog.sierranortedeguadalajara.com\/index.php?rest_route=%2Fwp%2Fv2%2Fcategories&post=21518"},{"taxonomy":"post_tag","embeddable":true,"href":"https:\/\/blog.sierranortedeguadalajara.com\/index.php?rest_route=%2Fwp%2Fv2%2Ftags&post=21518"}],"curies":[{"name":"wp","href":"https:\/\/api.w.org\/{rel}","templated":true}]}}