{"id":21483,"date":"2019-07-12T00:05:41","date_gmt":"2019-07-11T22:05:41","guid":{"rendered":"http:\/\/blog.laveredadepuebla.com\/?p=21483"},"modified":"2023-02-10T12:09:29","modified_gmt":"2023-02-10T12:09:29","slug":"medranda-eso-es-un-pueblo","status":"publish","type":"post","link":"https:\/\/blog.sierranortedeguadalajara.com\/?p=21483","title":{"rendered":"\u00bfMedranda? \u00bfEso es un pueblo?"},"content":{"rendered":"<p align=\"LEFT\"><span style=\"font-size:small;\">Y de los m\u00e1s peculiares de la <\/span><a href=\"https:\/\/blog.laveredadepuebla.com\/2016\/05\/10\/el-mapa-de-la-sierra-norte\/\"><span style=\"font-size:small;\"><i><b>Sierra Norte de Guadalajara. <\/b><\/i><\/span><\/a><span style=\"font-size:small;\"> Situado en la vega del <\/span><a href=\"https:\/\/blog.laveredadepuebla.com\/2018\/12\/03\/hidrografia-de-la-sierra-norte-de-guadalajara\/\"><span style=\"font-size:small;\"><i><b>rio Ca\u00f1amares,<\/b><\/i><\/span><\/a> <span style=\"font-size:small;\">su nombre significa <span style=\"color:#993300;\"><strong><em>l\u00edmite y es de ascendencia celta<\/em><\/strong><\/span>, lo que podr\u00eda explicar su singular historia. <\/span><\/p>\n<p align=\"LEFT\"><span style=\"font-size:small;\">Desde su origen <\/span><span style=\"font-size:small;\"><i>(repoblaci\u00f3n de los siglos XII-XIII)<\/i><\/span><span style=\"font-size:small;\"> perteneci\u00f3 al Com\u00fan de las Tierras de Atienza, luego pas\u00f3 a Jadraque <\/span><span style=\"font-size:small;\"><i>(siglo XIV) <\/i><\/span><span style=\"font-size:small;\">y<\/span><i> <\/i><span style=\"font-size:small;\">termin\u00f3 como aldea en el <\/span><span style=\"color:#7e0021;\"><span style=\"font-size:small;\"><i><b>Se\u00f1or\u00edo de los Marqueses de Cenete<\/b><\/i><\/span><\/span><i><b> <\/b><\/i><span style=\"font-size:small;\">hasta mediados del siglo XIX cuando alcanz\u00f3 su independencia. <\/span><span style=\"font-size:small;\">En este \u00faltimo periodo<\/span><span style=\"color:#7e0021;\"><span style=\"font-size:small;\"><i><b> solo reconoci\u00f3 como se\u00f1or al rey de Castilla.<\/b><\/i><\/span><\/span> <span style=\"color:#000000;\"><span style=\"font-size:small;\">Dicen que este hecho no es m\u00e1s que una muestra del caracter de sus habitantes. <a href=\"https:\/\/laveredadepuebla.files.wordpress.com\/2019\/07\/190712-medranda-1.jpg\"><img loading=\"lazy\" decoding=\"async\" class=\"aligncenter wp-image-21484 size-large\" src=\"https:\/\/blog.sierranortedeguadalajara.com\/wp-content\/uploads\/2023\/02\/190712-medranda-1.jpg\" alt=\"\" width=\"500\" height=\"182\" \/><\/a><\/span><\/span><\/p>\n<p align=\"LEFT\"><span style=\"font-size:small;\">Por ello en fachadas de su casco urbano son visibles <\/span><span style=\"color:#7e0021;\"><span style=\"font-size:small;\"><i><b>\u00e1guilas, coronas y flores de lis caracter\u00edsticas del escudo real<\/b><\/i><\/span><\/span><span style=\"font-size:small;\">. Admirables son la plaza, con su fuente de tres cabezas, y la iglesia de Santa Mar\u00eda <\/span><span style=\"font-size:small;\"><i>(XVI)<\/i><\/span><span style=\"font-size:small;\">, con cerrajer\u00eda y verja de hierro forjado de la misma \u00e9poca, adem\u00e1s de un bonito retablo barroco. <\/span><span style=\"font-size:small;\">Sus 100 habitantes celebran las fiestas por San Juan <em>(24 de junio)<\/em> y disponen de bar.<\/span><\/p>\n<hr \/>\n<p align=\"JUSTIFY\"><span style=\"color:#000099;\"><span style=\"font-size:small;\"><i><b>Lar-ami, <\/b><\/i><\/span><\/span><em class=\"western\"><span style=\"color:#000099;\"><span style=\"font-size:small;\"><i>gerente de <\/i><\/span><\/span><\/em><em class=\"western\"><span style=\"color:#000099;\"><span style=\"font-size:small;\"><i><b>CR<\/b><\/i><\/span><\/span><\/em><i> <\/i><span style=\"color:#0000ff;\"><u><a class=\"western\" href=\"http:\/\/www.laveredadepuebla.com\/\"><span style=\"color:#000099;\"><span style=\"font-size:small;\"><span lang=\"zxx\"><i><b>La Vereda de Puebla<\/b><\/i><\/span><\/span><\/span><\/a><\/u><\/span><span style=\"color:#000099;\"><span style=\"font-size:small;\"><i><b>, entre <\/b><\/i><\/span><\/span><span style=\"color:#0000ff;\"><u><a class=\"western\" href=\"https:\/\/blog.laveredadepuebla.com\/?s=Puebla+y+carcavas\"><span style=\"color:#000099;\"><span style=\"font-size:small;\"><i><b>c\u00e1rcavas<\/b><\/i><\/span><\/span><\/a><\/u><\/span><span style=\"color:#000099;\"><span style=\"font-size:small;\"><i><b> y o<\/b><\/i><\/span><\/span><span style=\"color:#0000ff;\"><u><a class=\"western\" href=\"https:\/\/blog.laveredadepuebla.com\/?s=olivos+mil\"><span style=\"color:#000099;\"><span style=\"font-size:small;\"><i><b>livos milenarios<\/b><\/i><\/span><\/span><\/a><\/u><\/span><span style=\"color:#000099;\"><span style=\"font-size:small;\"><i><b>. <\/b><\/i><\/span><\/span><span style=\"color:#000099;\"><span style=\"font-size:small;\"><i>Todo sobre <\/i><\/span><\/span><strong class=\"western\"><span style=\"color:#000099;\"><span style=\"font-size:small;\"><i><a class=\"western\" href=\"https:\/\/blog.laveredadepuebla.com\/category\/actualidad\/\">Actualidad<\/a>, <a class=\"western\" href=\"https:\/\/blog.laveredadepuebla.com\/category\/costumbres\/\">Costumbres<\/a>, <a class=\"western\" href=\"https:\/\/blog.laveredadepuebla.com\/category\/fiestas\/\">Fiestas<\/a>, <a class=\"western\" href=\"https:\/\/blog.laveredadepuebla.com\/category\/mundo-rural\/\">Mundo Rural<\/a> y <a class=\"western\" href=\"https:\/\/blog.laveredadepuebla.com\/category\/paisajes-y-lugares\/\">Paisajes y Lugares<\/a> <\/i><\/span><\/span><\/strong><span style=\"color:#000099;\"><span style=\"font-size:small;\"><i>de la <\/i><\/span><\/span><strong class=\"western\"><span style=\"color:#000099;\"><span style=\"font-size:small;\"><i>Sierra Norte de Guadalajara<\/i><\/span><\/span><\/strong><span style=\"color:#000099;\"><span style=\"font-size:small;\"><i>. <\/i><\/span><\/span><\/p>\n","protected":false},"excerpt":{"rendered":"<p>Y de los m\u00e1s peculiares de la Sierra Norte de Guadalajara. Situado en la vega del rio Ca\u00f1amares, su nombre significa l\u00edmite y es de ascendencia celta, lo que podr\u00eda explicar su singular historia. Desde su origen (repoblaci\u00f3n de los siglos XII-XIII) perteneci\u00f3 al Com\u00fan de las Tierras de Atienza, luego pas\u00f3 a Jadraque (siglo &hellip; <\/p>\n<p class=\"link-more\"><a href=\"https:\/\/blog.sierranortedeguadalajara.com\/?p=21483\" class=\"more-link\">Seguir leyendo<span class=\"screen-reader-text\"> \u00ab\u00bfMedranda? \u00bfEso es un pueblo?\u00bb<\/span><\/a><\/p>\n","protected":false},"author":1,"featured_media":0,"comment_status":"open","ping_status":"open","sticky":false,"template":"","format":"standard","meta":{"footnotes":""},"categories":[12,17,9],"tags":[2,4,5,7,10],"class_list":["post-21483","post","type-post","status-publish","format-standard","hentry","category-actualidad","category-paisajes-y-lugares-de-la-sierra-norte","category-rincones-de-la-sierra-norte","tag-actualidad","tag-cultura","tag-historia","tag-naturaleza","tag-sierra-norte","entry"],"_links":{"self":[{"href":"https:\/\/blog.sierranortedeguadalajara.com\/index.php?rest_route=\/wp\/v2\/posts\/21483","targetHints":{"allow":["GET"]}}],"collection":[{"href":"https:\/\/blog.sierranortedeguadalajara.com\/index.php?rest_route=\/wp\/v2\/posts"}],"about":[{"href":"https:\/\/blog.sierranortedeguadalajara.com\/index.php?rest_route=\/wp\/v2\/types\/post"}],"author":[{"embeddable":true,"href":"https:\/\/blog.sierranortedeguadalajara.com\/index.php?rest_route=\/wp\/v2\/users\/1"}],"replies":[{"embeddable":true,"href":"https:\/\/blog.sierranortedeguadalajara.com\/index.php?rest_route=%2Fwp%2Fv2%2Fcomments&post=21483"}],"version-history":[{"count":1,"href":"https:\/\/blog.sierranortedeguadalajara.com\/index.php?rest_route=\/wp\/v2\/posts\/21483\/revisions"}],"predecessor-version":[{"id":25485,"href":"https:\/\/blog.sierranortedeguadalajara.com\/index.php?rest_route=\/wp\/v2\/posts\/21483\/revisions\/25485"}],"wp:attachment":[{"href":"https:\/\/blog.sierranortedeguadalajara.com\/index.php?rest_route=%2Fwp%2Fv2%2Fmedia&parent=21483"}],"wp:term":[{"taxonomy":"category","embeddable":true,"href":"https:\/\/blog.sierranortedeguadalajara.com\/index.php?rest_route=%2Fwp%2Fv2%2Fcategories&post=21483"},{"taxonomy":"post_tag","embeddable":true,"href":"https:\/\/blog.sierranortedeguadalajara.com\/index.php?rest_route=%2Fwp%2Fv2%2Ftags&post=21483"}],"curies":[{"name":"wp","href":"https:\/\/api.w.org\/{rel}","templated":true}]}}