{"id":21475,"date":"2019-07-08T00:05:14","date_gmt":"2019-07-07T22:05:14","guid":{"rendered":"http:\/\/blog.laveredadepuebla.com\/?p=21475"},"modified":"2023-02-10T12:09:29","modified_gmt":"2023-02-10T12:09:29","slug":"pozos-mineros-en-la-sierra-norte-de-guadalajara","status":"publish","type":"post","link":"https:\/\/blog.sierranortedeguadalajara.com\/?p=21475","title":{"rendered":"Pozos mineros en la Sierra Norte de Guadalajara"},"content":{"rendered":"<p align=\"LEFT\"><span style=\"font-size:small;\"><i><b><a href=\"https:\/\/www.guadaque.com\/provincia-guadaque\/confederacion-del-tajo-cerca-23-pozos-minero-sen-el-entorno-del-alcorlo\">La noticia<\/a> <\/b><\/i><\/span><span style=\"font-size:small;\">salt\u00f3 a finales de mayo <\/span><span style=\"color:#7e0021;\"><span style=\"font-size:small;\"><i><b>\u201cLa Conferederaci\u00f3n Hidrogr\u00e1fica del Tajo instala barreras alrededor de los pozos del embalse de Alcorlo para prevenir accidentes\u201d.\u00a0 <\/b><\/i><\/span><\/span><span style=\"font-size:small;\">Los medios de comunicaci\u00f3n explicaban que <\/span><span style=\"color:#993300;\"><span style=\"font-size:small;\"><i>\u201crealizando tareas de reforestaci\u00f3n y limpieza, en el monte vecino al embalse de Alcorlo, para prevenir la erosi\u00f3n y p\u00e9rdida de capacidad, se hab\u00edan encontrado 23 pozos con boca de 1,5 x1,5 mts y hasta 40 metros de profunidad, procediendo a su valladado para evitar accidentes\u201d<\/i><\/span><\/span><\/p>\n<p align=\"LEFT\"><span style=\"font-size:small;\"><a href=\"https:\/\/laveredadepuebla.files.wordpress.com\/2019\/07\/190708-pozo-1.jpg\"><img loading=\"lazy\" decoding=\"async\" class=\"alignleft wp-image-21477\" src=\"https:\/\/blog.sierranortedeguadalajara.com\/wp-content\/uploads\/2023\/02\/190708-pozo-1.jpg\" alt=\"\" width=\"240\" height=\"135\" \/><\/a><a href=\"https:\/\/laveredadepuebla.files.wordpress.com\/2019\/07\/190708-pozos-2.jpg\"><img loading=\"lazy\" decoding=\"async\" class=\"alignright wp-image-21478\" src=\"https:\/\/blog.sierranortedeguadalajara.com\/wp-content\/uploads\/2023\/02\/190708-pozos-2.jpg\" alt=\"\" width=\"240\" height=\"160\" \/><\/a>Conviene recordar que durante la<\/span><a href=\"https:\/\/blog.laveredadepuebla.com\/2017\/02\/10\/la-fiebre-de-la-plata-en-la-sierra-norte-de-guadalajara\/\"><span style=\"font-size:small;\"><i><b> fiebre de la Plata<\/b><\/i><\/span><\/a> <span style=\"font-size:small;\"><i>(desde 1.844 hasta bien entrado el siglo XX)<\/i><\/span><span style=\"font-size:small;\"> se realizaron un millar de catas en busca del preciado mineral <\/span><span style=\"font-size:small;\"><i>(eran barata<span style=\"color:#993300;\">s)<\/span><\/i><\/span><span style=\"font-size:small;color:#993300;\"> y se abrieron m\u00e1s de 200 minas <\/span><span style=\"font-size:small;\"><i><b><span style=\"color:#000000;\">(<a style=\"color:#000000;\" href=\"https:\/\/blog.laveredadepuebla.com\/2011\/04\/20\/las-minas-de-hiendelaencina\/\">Hiendelaencina,<\/a> <a style=\"color:#000000;\" href=\"https:\/\/blog.laveredadepuebla.com\/2017\/03\/08\/minas-de-plata-de-la-bodera-esplendor-y-abandono\/\">La Bodera<\/a>, <a style=\"color:#000000;\" href=\"https:\/\/blog.laveredadepuebla.com\/2018\/08\/24\/conoces-la-morenita\/\">Los Villares de Jadraque<\/a>,<\/span> <span style=\"color:#993300;\">Gascue\u00f1a de Bornova, Robledo de Corpes, Alcorlo, &#8230;)<\/span><\/b><\/i><\/span><span style=\"font-size:small;\"> La ausencia de plata y\/o la falta de rentabilidad<\/span><i> <\/i><span style=\"font-size:small;\">provocaron su abandono total.<\/span><\/p>\n<figure id=\"attachment_21476\" aria-describedby=\"caption-attachment-21476\" style=\"width: 180px\" class=\"wp-caption alignleft\"><a href=\"https:\/\/laveredadepuebla.files.wordpress.com\/2019\/07\/190708-mina-sta-catalina-hiendelaencina.jpg\"><img loading=\"lazy\" decoding=\"async\" class=\"wp-image-21476\" src=\"https:\/\/blog.sierranortedeguadalajara.com\/wp-content\/uploads\/2023\/02\/190708-mina-sta-catalina-hiendelaencina.jpg\" alt=\"\" width=\"180\" height=\"240\" \/><\/a><figcaption id=\"caption-attachment-21476\" class=\"wp-caption-text\"><em><strong>Mina Santa Catalina en Hiendelaencina<\/strong><\/em><\/figcaption><\/figure>\n<p align=\"LEFT\"><span style=\"font-size:small;\">La noticia nos llena de satisfacci\u00f3n pero que nos parece insuficiente&#8230; porque quedan 1.000 pozos como estos en la <\/span><a href=\"https:\/\/blog.laveredadepuebla.com\/2016\/05\/10\/el-mapa-de-la-sierra-norte\/\"><span style=\"font-size:small;\"><i><b>Sierra Norte de Guadalajara<\/b><\/i><\/span><\/a><span style=\"font-size:small;\">, sin ning\u00fan tipo de se\u00f1alizaci\u00f3n. Cierto que en el <\/span><span style=\"font-size:small;\"><i><b>P<a href=\"https:\/\/blog.laveredadepuebla.com\/2011\/04\/01\/parque-natural-sierra-norte-de-guadalajara\/\">arque Natural <\/a><\/b><\/i><\/span><span style=\"font-size:small;\">est\u00e1 <\/span><span style=\"font-size:small;\">prohibido andar por fuera de senderos se\u00f1alizados, que la inmensa mayoria no ofrecen ningun peligro porque est\u00e1n colmatados por la erosi\u00f3n \/o cubiertos por la maleza, \u2026<\/span><\/p>\n<p align=\"LEFT\">\u2026 <span style=\"font-size:small;\">Pero esto no es \u00f3bice para que desde esta bit\u00e1cora pidamos <\/span><span style=\"color:#000000;\"><span style=\"font-size:small;\">un<\/span><\/span><span style=\"color:#800000;\"><span style=\"font-size:small;\"><i><b> censo de las minas y catas de la Sierra Norte de Guadalajara<\/b><\/i><\/span><span style=\"font-size:small;color:#000000;\"> que permita se\u00f1alizar\/vallar aquellas que suponen un peligro. <\/span><\/span><span style=\"color:#7e0021;\"><span style=\"font-size:small;\"><span style=\"color:#800000;\"><span style=\"color:#000000;\">A\u00fan se recuerda la desaparici\u00f3n en los a\u00f1os 50\u00b4<\/span> <\/span><b><\/b><i><b><span style=\"color:#800000;\">de un pastor serrano sin dejar rastro,<\/span><\/b><\/i><span style=\"color:#000000;\"> y del que se sospecha yace en el pozo de una mina.<\/span><\/span><\/span><\/p>\n<hr \/>\n<p align=\"JUSTIFY\"><span style=\"color:#000099;\"><span style=\"font-size:small;\"><i><b>Lar-ami, <\/b><\/i><\/span><\/span><em class=\"western\"><span style=\"color:#000099;\"><span style=\"font-size:small;\"><i>gerente de <\/i><\/span><\/span><\/em><em class=\"western\"><span style=\"color:#000099;\"><span style=\"font-size:small;\"><i><b>CR<\/b><\/i><\/span><\/span><\/em><i> <\/i><span style=\"color:#0000ff;\"><u><a class=\"western\" href=\"http:\/\/www.laveredadepuebla.com\/\"><span style=\"color:#000099;\"><span style=\"font-size:small;\"><span lang=\"zxx\"><i><b>La Vereda de Puebla<\/b><\/i><\/span><\/span><\/span><\/a><\/u><\/span><span style=\"color:#000099;\"><span style=\"font-size:small;\"><i><b>, entre <\/b><\/i><\/span><\/span><span style=\"color:#0000ff;\"><u><a class=\"western\" href=\"https:\/\/blog.laveredadepuebla.com\/?s=Puebla+y+carcavas\"><span style=\"color:#000099;\"><span style=\"font-size:small;\"><i><b>c\u00e1rcavas<\/b><\/i><\/span><\/span><\/a><\/u><\/span><span style=\"color:#000099;\"><span style=\"font-size:small;\"><i><b> y o<\/b><\/i><\/span><\/span><span style=\"color:#0000ff;\"><u><a class=\"western\" href=\"https:\/\/blog.laveredadepuebla.com\/?s=olivos+mil\"><span style=\"color:#000099;\"><span style=\"font-size:small;\"><i><b>livos milenarios<\/b><\/i><\/span><\/span><\/a><\/u><\/span><span style=\"color:#000099;\"><span style=\"font-size:small;\"><i><b>. <\/b><\/i><\/span><\/span><span style=\"color:#000099;\"><span style=\"font-size:small;\"><i>Todo sobre <\/i><\/span><\/span><strong class=\"western\"><span style=\"color:#000099;\"><span style=\"font-size:small;\"><i><a class=\"western\" href=\"https:\/\/blog.laveredadepuebla.com\/category\/actualidad\/\">Actualidad<\/a>, <a class=\"western\" href=\"https:\/\/blog.laveredadepuebla.com\/category\/costumbres\/\">Costumbres<\/a>, <a class=\"western\" href=\"https:\/\/blog.laveredadepuebla.com\/category\/fiestas\/\">Fiestas<\/a>, <a class=\"western\" href=\"https:\/\/blog.laveredadepuebla.com\/category\/mundo-rural\/\">Mundo Rural<\/a> y <a class=\"western\" href=\"https:\/\/blog.laveredadepuebla.com\/category\/paisajes-y-lugares\/\">Paisajes y Lugares<\/a> <\/i><\/span><\/span><\/strong><span style=\"color:#000099;\"><span style=\"font-size:small;\"><i>de la <\/i><\/span><\/span><strong class=\"western\"><span style=\"color:#000099;\"><span style=\"font-size:small;\"><i>Sierra Norte de Guadalajara<\/i><\/span><\/span><\/strong><span style=\"color:#000099;\"><span style=\"font-size:small;\"><i>. <\/i><\/span><\/span><\/p>\n","protected":false},"excerpt":{"rendered":"<p>La noticia salt\u00f3 a finales de mayo \u201cLa Conferederaci\u00f3n Hidrogr\u00e1fica del Tajo instala barreras alrededor de los pozos del embalse de Alcorlo para prevenir accidentes\u201d.\u00a0 Los medios de comunicaci\u00f3n explicaban que \u201crealizando tareas de reforestaci\u00f3n y limpieza, en el monte vecino al embalse de Alcorlo, para prevenir la erosi\u00f3n y p\u00e9rdida de capacidad, se hab\u00edan &hellip; <\/p>\n<p class=\"link-more\"><a href=\"https:\/\/blog.sierranortedeguadalajara.com\/?p=21475\" class=\"more-link\">Seguir leyendo<span class=\"screen-reader-text\"> \u00abPozos mineros en la Sierra Norte de Guadalajara\u00bb<\/span><\/a><\/p>\n","protected":false},"author":1,"featured_media":0,"comment_status":"open","ping_status":"open","sticky":false,"template":"","format":"standard","meta":{"footnotes":""},"categories":[12,6,17,9],"tags":[2,4,5,158,7,10],"class_list":["post-21475","post","type-post","status-publish","format-standard","hentry","category-actualidad","category-mundo-rural","category-paisajes-y-lugares-de-la-sierra-norte","category-rincones-de-la-sierra-norte","tag-actualidad","tag-cultura","tag-historia","tag-minas","tag-naturaleza","tag-sierra-norte","entry"],"_links":{"self":[{"href":"https:\/\/blog.sierranortedeguadalajara.com\/index.php?rest_route=\/wp\/v2\/posts\/21475","targetHints":{"allow":["GET"]}}],"collection":[{"href":"https:\/\/blog.sierranortedeguadalajara.com\/index.php?rest_route=\/wp\/v2\/posts"}],"about":[{"href":"https:\/\/blog.sierranortedeguadalajara.com\/index.php?rest_route=\/wp\/v2\/types\/post"}],"author":[{"embeddable":true,"href":"https:\/\/blog.sierranortedeguadalajara.com\/index.php?rest_route=\/wp\/v2\/users\/1"}],"replies":[{"embeddable":true,"href":"https:\/\/blog.sierranortedeguadalajara.com\/index.php?rest_route=%2Fwp%2Fv2%2Fcomments&post=21475"}],"version-history":[{"count":1,"href":"https:\/\/blog.sierranortedeguadalajara.com\/index.php?rest_route=\/wp\/v2\/posts\/21475\/revisions"}],"predecessor-version":[{"id":25491,"href":"https:\/\/blog.sierranortedeguadalajara.com\/index.php?rest_route=\/wp\/v2\/posts\/21475\/revisions\/25491"}],"wp:attachment":[{"href":"https:\/\/blog.sierranortedeguadalajara.com\/index.php?rest_route=%2Fwp%2Fv2%2Fmedia&parent=21475"}],"wp:term":[{"taxonomy":"category","embeddable":true,"href":"https:\/\/blog.sierranortedeguadalajara.com\/index.php?rest_route=%2Fwp%2Fv2%2Fcategories&post=21475"},{"taxonomy":"post_tag","embeddable":true,"href":"https:\/\/blog.sierranortedeguadalajara.com\/index.php?rest_route=%2Fwp%2Fv2%2Ftags&post=21475"}],"curies":[{"name":"wp","href":"https:\/\/api.w.org\/{rel}","templated":true}]}}