{"id":21295,"date":"2019-05-06T00:05:58","date_gmt":"2019-05-05T22:05:58","guid":{"rendered":"http:\/\/blog.laveredadepuebla.com\/?p=21295"},"modified":"2023-02-10T12:09:30","modified_gmt":"2023-02-10T12:09:30","slug":"como-vivian-los-pueblos-de-la-sierra-en-la-edad-media","status":"publish","type":"post","link":"https:\/\/blog.sierranortedeguadalajara.com\/?p=21295","title":{"rendered":"\u00bfComo viv\u00edan los pueblos de la Sierra en la Edad Media?"},"content":{"rendered":"<p align=\"LEFT\"><span style=\"color:#7e0021;\"><span style=\"font-size:small;\"><i><b>\u00bfA que se dedicaban?<\/b><\/i><\/span><\/span> <span style=\"color:#000000;\"><span style=\"font-size:small;\">La vida no era f\u00e1cil, por lo agreste del terreno, las bestias <\/span><\/span><span style=\"color:#000000;\"><span style=\"font-size:small;\"><i>(osos y lobos seg\u00fan el <\/i><\/span><\/span><a href=\"https:\/\/blog.laveredadepuebla.com\/2010\/04\/18\/el-libro-de-la-monteria\/\"><span style=\"color:#000000;\"><span style=\"font-size:small;\"><i><b>Libro de la Monter\u00eda<\/b><\/i><\/span><\/span><\/a><span style=\"color:#000000;\"><span style=\"font-size:small;\"><i>), <\/i><\/span><\/span><span style=\"color:#000000;\"><span style=\"font-size:small;\">desconocimiento del terreno y escasos medios para alimentar a la familia <\/span><\/span><span style=\"color:#000000;\"><span style=\"font-size:small;\"><i>(en la \u00e9poca ten\u00eda 6 miembros de media)<\/i><\/span><\/span><span style=\"color:#000000;\"><span style=\"font-size:small;\">. Como las cr\u00f3nicas no se ocuparon de ello, acudimos a los <\/span><\/span><span style=\"font-size:small;\"><i><b><a href=\"https:\/\/www.youtube.com\/watch?v=T-iWa6gW0Fw\">mensarios de las iglesias rom\u00e1nicas de Bele\u00f1a<\/a> y C<a href=\"https:\/\/blog.laveredadepuebla.com\/2016\/07\/19\/campisabalos\/\">ampis\u00e1balo<\/a>s.<\/b><\/i><\/span><\/p>\n<p align=\"LEFT\"><span style=\"font-size:small;\"><a href=\"https:\/\/laveredadepuebla.files.wordpress.com\/2019\/04\/190506-vida-1.jpg\"><img loading=\"lazy\" decoding=\"async\" class=\"alignleft wp-image-21296\" src=\"https:\/\/blog.sierranortedeguadalajara.com\/wp-content\/uploads\/2023\/02\/190506-vida-1.jpg\" alt=\"\" width=\"240\" height=\"180\" \/><\/a>Aqu\u00ed se cultivaban cereales y vid, se criaban cerdos y se cazaba al jabali. Surgieron <\/span><a href=\"https:\/\/blog.laveredadepuebla.com\/2010\/04\/23\/bodegas-y-cocederos\/\"><span style=\"font-size:small;\"><i><b>bodegas<\/b><\/i><\/span><\/a><span style=\"font-size:small;\">, excavadas en la roca (<\/span><span style=\"color:#7e0021;\"><span style=\"font-size:small;\"><i><b>Alpedrete y Bele\u00f1a<\/b><\/i><\/span><\/span> <span style=\"font-size:small;\"><i>son bellos ejemplos)<\/i><\/span><span style=\"font-size:small;\"> y en la tierra (<\/span><span style=\"color:#7e0021;\"><span style=\"font-size:small;\"><i><b>Puebla de Valles<\/b><\/i><\/span><\/span><span style=\"font-size:small;\">), aprovechando laderas de los cerros circundantes. Tambi\u00e9n se ubicaban en ellas <\/span><span style=\"color:#800000;\"><span style=\"font-size:small;\"><i><b>las cortes<\/b><\/i><\/span><\/span><span style=\"font-size:small;\">, donde se guardaban a los cerdos.<\/span><\/p>\n<p align=\"LEFT\"><span style=\"font-size:small;\"><a href=\"https:\/\/laveredadepuebla.files.wordpress.com\/2019\/04\/190506-vida-2.jpg\"><img loading=\"lazy\" decoding=\"async\" class=\"alignright wp-image-21297\" src=\"https:\/\/blog.sierranortedeguadalajara.com\/wp-content\/uploads\/2023\/02\/190506-vida-2.jpg\" alt=\"\" width=\"240\" height=\"180\" \/><\/a>El esp\u00ecritu pionero<\/span><span style=\"color:#7e0021;\"><span style=\"font-size:small;\"><i> (hay que hacerlo todo y entre todos)<\/i><\/span><\/span><span style=\"font-size:small;\"> cre\u00f3 un clima de solidaridad entre vecinos para solucionar problemas propios y del pueblo <\/span><span style=\"font-size:small;\"><i>(as\u00ed nacieron las <\/i><\/span><a href=\"https:\/\/blog.laveredadepuebla.com\/2018\/05\/28\/hacenderas-en-la-sierra-norte-de-guadalajara\/\"><span style=\"font-size:small;\"><i><b>hacenderas<\/b><\/i><\/span><\/a><span style=\"font-size:small;\"><i>)<\/i><\/span><span style=\"font-size:small;\">. Fruto de ellos son las <\/span><a href=\"https:\/\/blog.laveredadepuebla.com\/2018\/12\/07\/lavaderos-de-la-sierra-norte\/\"><span style=\"font-size:small;\"><i><b>f<\/b><\/i><\/span><span style=\"color:#000000;\"><span style=\"font-size:small;\"><i><b>uentes y lavaderos<\/b><\/i><\/span><\/span><\/a><i> <\/i><span style=\"color:#800000;\"><span style=\"font-size:small;\"><i>(centro de reuni\u00f3n de las mujeres)<\/i><\/span><\/span><span style=\"color:#800000;\"><span style=\"font-size:small;\"><i><b>, <\/b><\/i><\/span><\/span><span style=\"color:#000000;\"><span style=\"font-size:small;\">que hoy son visibles en <\/span><\/span><span style=\"color:#800000;\"><span style=\"font-size:small;\"><i><b>El Espinar, Roblecasa, La Mierla, \u2026 <\/b><\/i><\/span><\/span><span style=\"color:#000000;\"><span style=\"font-size:small;\">De esta \u00e9poca han quedado algunas leyendas: <\/span><\/span><span style=\"color:#7e0021;\"><span style=\"font-size:small;\"><i><b>las l\u00e1grimas de la mora<\/b><\/i><\/span><\/span><span style=\"color:#000000;\"><span style=\"font-size:small;\">, <\/span><\/span><span style=\"color:#7e0021;\"><span style=\"font-size:small;\"><i><b>la cueva del aceite, los tres hermanos, &#8230;<\/b><\/i><\/span><\/span><\/p>\n<figure id=\"attachment_21298\" aria-describedby=\"caption-attachment-21298\" style=\"width: 240px\" class=\"wp-caption alignleft\"><a href=\"https:\/\/laveredadepuebla.files.wordpress.com\/2019\/04\/190506-vida-3.jpg\"><img loading=\"lazy\" decoding=\"async\" class=\"wp-image-21298\" src=\"https:\/\/blog.sierranortedeguadalajara.com\/wp-content\/uploads\/2023\/02\/190506-vida-3.jpg\" alt=\"\" width=\"240\" height=\"180\" \/><\/a><figcaption id=\"caption-attachment-21298\" class=\"wp-caption-text\">OLYMPUS DIGITAL CAMERA<\/figcaption><\/figure>\n<p align=\"LEFT\"><span style=\"color:#000000;\"><span style=\"font-size:small;\">A finales del siglo XIII y siguientes, los pueblos pasaron a depender de Se\u00f1ores <\/span><\/span><span style=\"color:#000000;\"><span style=\"font-size:small;\"><i>(duques, marqueses, condes,&#8230;)<\/i><\/span><\/span><span style=\"color:#000000;\"><span style=\"font-size:small;\"> que no respetaron rentas, plazos ni impuestos. Construyeron castillos y murallas, hoy en ruinas <\/span><\/span><span style=\"color:#7e0021;\"><span style=\"font-size:small;\"><i><b>(Cogolludo, Galve, Diempures) <\/b><\/i><\/span><\/span><span style=\"color:#7e0021;\"><span style=\"font-size:small;\">a <\/span><\/span><span style=\"color:#000000;\"><span style=\"font-size:small;\">costa del pueblo. Sequias, pestes y hambrunas diezmaron a la poblaci\u00f3n que abandon\u00f3 campos y pueblos <\/span><\/span><span style=\"color:#000000;\"><span style=\"font-size:small;\"><i><b>(<a href=\"https:\/\/blog.laveredadepuebla.com\/2009\/10\/21\/despoblados\/\">despoblados<\/a>).<\/b><\/i><\/span><\/span><i> <\/i><\/p>\n<p align=\"LEFT\"><span style=\"color:#000000;\"><span style=\"font-size:small;\">El pueblo invent\u00f3<\/span><\/span><span style=\"color:#000000;\"><span style=\"font-size:small;\"><a href=\"https:\/\/blog.laveredadepuebla.com\/2019\/04\/19\/leyendas-de-la-despoblacion-de-la-sierra-norte-de-guadalajara\/\"><i><b> leyendas <\/b><\/i><\/a>para esconder este hecho vergonzant<b><\/b><i><b>e:<\/b><\/i><\/span><\/span> <span style=\"color:#7e0021;\"><span style=\"font-size:small;\"><i><b>hormigas gigantes, Venenos que matan,&#8230;<\/b><\/i><\/span><\/span><span style=\"color:#000000;\"><span style=\"font-size:small;\"> Y los Se\u00f1ores otras para resaltar su poder<\/span><\/span><span style=\"color:#7e0021;\"><span style=\"font-size:small;\">:<\/span><\/span><b> <\/b><span style=\"color:#800000;\"><span style=\"font-size:small;\"><i><b>leyendas de Do\u00f1a Urraca, las l\u00e1grimas de una reina, &#8230;<\/b><\/i><\/span><\/span><\/p>\n<hr \/>\n<p align=\"JUSTIFY\"><span style=\"color:#000099;\"><span style=\"font-size:small;\"><i><b>Lar-ami, <\/b><\/i><\/span><\/span><em class=\"western\"><span style=\"color:#000099;\"><span style=\"font-size:small;\"><i>gerente de <\/i><\/span><\/span><\/em><em class=\"western\"><span style=\"color:#000099;\"><span style=\"font-size:small;\"><i><b>CR<\/b><\/i><\/span><\/span><\/em><i> <\/i><span style=\"color:#0000ff;\"><u><a class=\"western\" href=\"http:\/\/www.laveredadepuebla.com\/\"><span style=\"color:#000099;\"><span style=\"font-size:small;\"><span lang=\"zxx\"><i><b>La Vereda de Puebla<\/b><\/i><\/span><\/span><\/span><\/a><\/u><\/span><span style=\"color:#000099;\"><span style=\"font-size:small;\"><i><b>, entre <\/b><\/i><\/span><\/span><span style=\"color:#0000ff;\"><u><a class=\"western\" href=\"https:\/\/blog.laveredadepuebla.com\/?s=Puebla+y+carcavas\"><span style=\"color:#000099;\"><span style=\"font-size:small;\"><i><b>c\u00e1rcavas<\/b><\/i><\/span><\/span><\/a><\/u><\/span><span style=\"color:#000099;\"><span style=\"font-size:small;\"><i><b> y o<\/b><\/i><\/span><\/span><span style=\"color:#0000ff;\"><u><a class=\"western\" href=\"https:\/\/blog.laveredadepuebla.com\/?s=olivos+mil\"><span style=\"color:#000099;\"><span style=\"font-size:small;\"><i><b>livos milenarios<\/b><\/i><\/span><\/span><\/a><\/u><\/span><span style=\"color:#000099;\"><span style=\"font-size:small;\"><i><b>. <\/b><\/i><\/span><\/span><span style=\"color:#000099;\"><span style=\"font-size:small;\"><i>Todo sobre <\/i><\/span><\/span><strong class=\"western\"><span style=\"color:#000099;\"><span style=\"font-size:small;\"><i><a class=\"western\" href=\"https:\/\/blog.laveredadepuebla.com\/category\/actualidad\/\">Actualidad<\/a>, <a class=\"western\" href=\"https:\/\/blog.laveredadepuebla.com\/category\/costumbres\/\">Costumbres<\/a>, <a class=\"western\" href=\"https:\/\/blog.laveredadepuebla.com\/category\/fiestas\/\">Fiestas<\/a>, <a class=\"western\" href=\"https:\/\/blog.laveredadepuebla.com\/category\/mundo-rural\/\">Mundo Rural<\/a> y <a class=\"western\" href=\"https:\/\/blog.laveredadepuebla.com\/category\/paisajes-y-lugares\/\">Paisajes y Lugares<\/a> <\/i><\/span><\/span><\/strong><span style=\"color:#000099;\"><span style=\"font-size:small;\"><i>de la <\/i><\/span><\/span><strong class=\"western\"><span style=\"color:#000099;\"><span style=\"font-size:small;\"><i>Sierra Norte de Guadalajara<\/i><\/span><\/span><\/strong><span style=\"color:#000099;\"><span style=\"font-size:small;\"><i>. <\/i><\/span><\/span><\/p>\n","protected":false},"excerpt":{"rendered":"<p>\u00bfA que se dedicaban? La vida no era f\u00e1cil, por lo agreste del terreno, las bestias (osos y lobos seg\u00fan el Libro de la Monter\u00eda), desconocimiento del terreno y escasos medios para alimentar a la familia (en la \u00e9poca ten\u00eda 6 miembros de media). Como las cr\u00f3nicas no se ocuparon de ello, acudimos a los &hellip; <\/p>\n<p class=\"link-more\"><a href=\"https:\/\/blog.sierranortedeguadalajara.com\/?p=21295\" class=\"more-link\">Seguir leyendo<span class=\"screen-reader-text\"> \u00ab\u00bfComo viv\u00edan los pueblos de la Sierra en la Edad Media?\u00bb<\/span><\/a><\/p>\n","protected":false},"author":1,"featured_media":0,"comment_status":"open","ping_status":"open","sticky":false,"template":"","format":"standard","meta":{"footnotes":""},"categories":[3,6,9],"tags":[2,4,44,5,10],"class_list":["post-21295","post","type-post","status-publish","format-standard","hentry","category-costumbres-y-tradiciones","category-mundo-rural","category-rincones-de-la-sierra-norte","tag-actualidad","tag-cultura","tag-edad-media","tag-historia","tag-sierra-norte","entry"],"_links":{"self":[{"href":"https:\/\/blog.sierranortedeguadalajara.com\/index.php?rest_route=\/wp\/v2\/posts\/21295","targetHints":{"allow":["GET"]}}],"collection":[{"href":"https:\/\/blog.sierranortedeguadalajara.com\/index.php?rest_route=\/wp\/v2\/posts"}],"about":[{"href":"https:\/\/blog.sierranortedeguadalajara.com\/index.php?rest_route=\/wp\/v2\/types\/post"}],"author":[{"embeddable":true,"href":"https:\/\/blog.sierranortedeguadalajara.com\/index.php?rest_route=\/wp\/v2\/users\/1"}],"replies":[{"embeddable":true,"href":"https:\/\/blog.sierranortedeguadalajara.com\/index.php?rest_route=%2Fwp%2Fv2%2Fcomments&post=21295"}],"version-history":[{"count":1,"href":"https:\/\/blog.sierranortedeguadalajara.com\/index.php?rest_route=\/wp\/v2\/posts\/21295\/revisions"}],"predecessor-version":[{"id":25587,"href":"https:\/\/blog.sierranortedeguadalajara.com\/index.php?rest_route=\/wp\/v2\/posts\/21295\/revisions\/25587"}],"wp:attachment":[{"href":"https:\/\/blog.sierranortedeguadalajara.com\/index.php?rest_route=%2Fwp%2Fv2%2Fmedia&parent=21295"}],"wp:term":[{"taxonomy":"category","embeddable":true,"href":"https:\/\/blog.sierranortedeguadalajara.com\/index.php?rest_route=%2Fwp%2Fv2%2Fcategories&post=21295"},{"taxonomy":"post_tag","embeddable":true,"href":"https:\/\/blog.sierranortedeguadalajara.com\/index.php?rest_route=%2Fwp%2Fv2%2Ftags&post=21295"}],"curies":[{"name":"wp","href":"https:\/\/api.w.org\/{rel}","templated":true}]}}