{"id":21191,"date":"2019-04-12T00:05:12","date_gmt":"2019-04-11T22:05:12","guid":{"rendered":"http:\/\/blog.laveredadepuebla.com\/?p=21191"},"modified":"2023-02-10T12:09:30","modified_gmt":"2023-02-10T12:09:30","slug":"estructura-urbana-de-la-sierra-norte-de-guadalajara","status":"publish","type":"post","link":"https:\/\/blog.sierranortedeguadalajara.com\/?p=21191","title":{"rendered":"Estructura urbana de la Sierra Norte de Guadalajara"},"content":{"rendered":"<p><span style=\"color:#000000;\"><span style=\"font-size:small;\"><a href=\"https:\/\/laveredadepuebla.files.wordpress.com\/2019\/03\/190412-estructura-urbana.jpg\"><img loading=\"lazy\" decoding=\"async\" class=\"alignleft size-medium wp-image-21192\" src=\"https:\/\/blog.sierranortedeguadalajara.com\/wp-content\/uploads\/2023\/02\/190412-estructura-urbana.jpg\" alt=\"\" width=\"227\" height=\"300\" \/><\/a>El \u00e9xito de un proceso de colonizaci\u00f3n <\/span><\/span><span style=\"color:#7e0021;\"><span style=\"font-size:small;\"><i>(seg\u00fan cuenta <\/i><\/span><\/span><span style=\"color:#7e0021;\"><span style=\"font-size:small;\"><i><b>La Historia)<\/b><\/i><\/span><\/span><span style=\"color:#000000;\"><span style=\"font-size:small;\"> estriba en elegir un modelo urbano que sea f\u00e1cilmente replicable: la colonizaci\u00f3n de la campi\u00f1a andaluza en el siglo XVIII <\/span><\/span><span style=\"color:#7e0021;\"><span style=\"font-size:small;\"><i><b>(La Carlota, La Carolina, \u2026),<\/b><\/i><\/span><\/span><span style=\"color:#000000;\"><span style=\"font-size:small;\"> la de los 60`s <\/span><\/span><span style=\"color:#7e0021;\"><span style=\"font-size:small;\"><i><b>(Villafranca del Caudillo, Los Llanos del Caudillo,&#8230;) <\/b><\/i><span style=\"color:#000000;\">y <\/span><\/span><\/span><span style=\"color:#000000;\"><span style=\"font-size:small;\">las nuevas urbanizaciones <\/span><\/span><span style=\"color:#000000;\"><span style=\"font-size:small;\"><i>(siglos XX y XXI)<\/i> son ejemplos<\/span><\/span><span style=\"color:#000000;\"><span style=\"font-size:small;\">.<\/span><\/span><\/p>\n<p><span style=\"color:#000000;\"><span style=\"font-size:small;\">As\u00ed ocurri\u00f3 en <\/span><\/span><a href=\"https:\/\/blog.laveredadepuebla.com\/2016\/05\/10\/el-mapa-de-la-sierra-norte\/\"><span style=\"color:#000000;\"><span style=\"font-size:small;\"><i><b>la Sierra Norte de Guadalajara <\/b><\/i><\/span><\/span><\/a><span style=\"color:#000000;\"><span style=\"font-size:small;\">con la <\/span><\/span><span style=\"color:#000000;\"><span style=\"font-size:small;\"><i><b><a href=\"https:\/\/blog.laveredadepuebla.com\/2019\/03\/22\/repoblacion-y-despoblacion-en-la-sierra-norte-tras-la-reconquista\/\">repoblacion posterior a la Reconquista<\/a>:<\/b><\/i><\/span><\/span> <span style=\"color:#000000;\"><span style=\"font-size:small;\"><i>una plaza central presidida por la iglesia y de la que part\u00edan calles de forma radial. Una estructura visible en nuestros pueblos y pedan\u00eda, modelada por el paso del tiempo y de las gentes. Se constru\u00eda con los materiales que daba la tierra, por comodidad, eficiencia y coste.<\/i><\/span><\/span><\/p>\n<p><span style=\"color:#000000;\"><span style=\"font-size:small;\">Surgen los <\/span><\/span><a href=\"https:\/\/blog.laveredadepuebla.com\/2011\/11\/25\/esos-pueblos-negros\/\"><span style=\"color:#000000;\"><span style=\"font-size:small;\"><i><b>p<\/b><\/i><\/span><\/span><span style=\"color:#000000;\"><span style=\"font-size:small;\"><i><b>ueblos negros<\/b><\/i><\/span><\/span><\/a><span style=\"color:#000000;\"><span style=\"font-size:small;\"><i> (de pizarra), <\/i><\/span><\/span><a href=\"https:\/\/blog.laveredadepuebla.com\/2010\/06\/21\/los-pueblos%c2%a0coloraos\/\"><span style=\"color:#000000;\"><span style=\"font-size:small;\"><i><b>coloraos <\/b><\/i><\/span><\/span><\/a><span style=\"color:#000000;\"><span style=\"font-size:small;\"><i>(de arcilla roja) y <\/i><\/span><\/span><span style=\"color:#000000;\"><span style=\"font-size:small;\"><i><b><a href=\"https:\/\/blog.laveredadepuebla.com\/2016\/04\/18\/los-pueblos-de-la-arquitectura-dorada\/\">dorados<\/a> <\/b><\/i><\/span><\/span><span style=\"color:#000000;\"><span style=\"font-size:small;\"><i>(de gneis)<\/i><\/span><\/span><span style=\"color:#000000;\"><span style=\"font-size:small;\">. En otros lugares se mezclan materiales: <\/span><\/span><span style=\"color:#7e0021;\"><span style=\"font-size:small;\"><i><b>cuarcita, caliza, gorrones, arenisca, conglomerados, \u2026<\/b><\/i><\/span><\/span><span style=\"color:#000000;\"><span style=\"font-size:small;\"> Las vigas de madera: <\/span><\/span><span style=\"color:#7e0021;\"><span style=\"font-size:small;\"><i><b>de roble, fresno, sabina, pino,<\/b><\/i><\/span><\/span><span style=\"color:#000000;\"><span style=\"font-size:small;\"> &#8230; los interiores de adobe. Bajo cubierta retamas y ramas; en los tejados pizarra \u00f3 teja \u00e1rabe. Asi el pueblo <\/span><\/span><span style=\"color:#7e0021;\"><span style=\"font-size:small;\"><i><b>se mimetiza con el paisaje <\/b><\/i><\/span><\/span><\/p>\n<p align=\"LEFT\"><span style=\"color:#7e0021;\"><span style=\"font-size:small;\"><i><b><a href=\"https:\/\/laveredadepuebla.files.wordpress.com\/2019\/03\/190412-estructura-urbana-2.jpg\"><img loading=\"lazy\" decoding=\"async\" class=\"alignright size-medium wp-image-21193\" src=\"https:\/\/blog.sierranortedeguadalajara.com\/wp-content\/uploads\/2023\/02\/190412-estructura-urbana-2.jpg\" alt=\"\" width=\"300\" height=\"225\" \/><\/a>\u00bfCual era el edificio m\u00e1s importante? <\/b><\/i><\/span><\/span><span style=\"color:#000000;\"><span style=\"font-size:small;\">Como corresponde a una <\/span><\/span><span style=\"color:#7e0021;\"><span style=\"font-size:small;\">s<\/span><\/span><span style=\"color:#000000;\"><span style=\"font-size:small;\">ociedad rural y muy religiosa, <\/span><\/span><span style=\"color:#7e0021;\"><span style=\"font-size:small;\"><i><b>la iglesia era lo primero que se constru\u00eda<\/b><\/i><\/span><\/span><span style=\"color:#000000;\"><span style=\"font-size:small;\">, en estilo <\/span><\/span><a href=\"http:\/\/www.romanicodigital.com\/listado-Pdf.aspx#GUADALAJARA\"><span style=\"color:#000000;\"><span style=\"font-size:small;\"><i><b>Rom\u00e1nico <\/b><\/i><\/span><\/span><\/a><span style=\"color:#000000;\"><span style=\"font-size:small;\">y seg\u00fan posibilidades econ\u00f3micas, ya que era un simbolo de la pujanza del pueblo. Cumplia una funci\u00f3n social <\/span><\/span><span style=\"color:#000000;\"><span style=\"font-size:small;\"><i>(las campanas eran el medio de comunicaci\u00f3n de la \u00e9poca) <\/i><\/span><\/span><span style=\"color:#000000;\"><span style=\"font-size:small;\">y en el p\u00f3rtico se reun\u00eda el Concejo. Por eso el<\/span><\/span><a href=\"https:\/\/www.youtube.com\/watch?v=NIHSwcvG1n0\"><span style=\"color:#000000;\"><span style=\"font-size:small;\"><i><b> pueblo la siente como suya<\/b><\/i><\/span><\/span><\/a><span style=\"color:#000000;\"><span style=\"font-size:small;\">. <\/span><\/span><\/p>\n<hr \/>\n<p align=\"JUSTIFY\"><span style=\"color:#000099;\"><span style=\"font-size:small;\"><i><b>Lar-ami, <\/b><\/i><\/span><\/span><em class=\"western\"><span style=\"color:#000099;\"><span style=\"font-size:small;\"><i>gerente de <\/i><\/span><\/span><\/em><em class=\"western\"><span style=\"color:#000099;\"><span style=\"font-size:small;\"><i><b>CR<\/b><\/i><\/span><\/span><\/em><i> <\/i><span style=\"color:#0000ff;\"><u><a class=\"western\" href=\"http:\/\/www.laveredadepuebla.com\/\"><span style=\"color:#000099;\"><span style=\"font-size:small;\"><span lang=\"zxx\"><i><b>La Vereda de Puebla<\/b><\/i><\/span><\/span><\/span><\/a><\/u><\/span><span style=\"color:#000099;\"><span style=\"font-size:small;\"><i><b>, entre <\/b><\/i><\/span><\/span><span style=\"color:#0000ff;\"><u><a class=\"western\" href=\"https:\/\/blog.laveredadepuebla.com\/?s=Puebla+y+carcavas\"><span style=\"color:#000099;\"><span style=\"font-size:small;\"><i><b>c\u00e1rcavas<\/b><\/i><\/span><\/span><\/a><\/u><\/span><span style=\"color:#000099;\"><span style=\"font-size:small;\"><i><b> y o<\/b><\/i><\/span><\/span><span style=\"color:#0000ff;\"><u><a class=\"western\" href=\"https:\/\/blog.laveredadepuebla.com\/?s=olivos+mil\"><span style=\"color:#000099;\"><span style=\"font-size:small;\"><i><b>livos milenarios<\/b><\/i><\/span><\/span><\/a><\/u><\/span><span style=\"color:#000099;\"><span style=\"font-size:small;\"><i><b>. <\/b><\/i><\/span><\/span><span style=\"color:#000099;\"><span style=\"font-size:small;\"><i>Todo sobre <\/i><\/span><\/span><strong class=\"western\"><span style=\"color:#000099;\"><span style=\"font-size:small;\"><i><a class=\"western\" href=\"https:\/\/blog.laveredadepuebla.com\/category\/actualidad\/\">Actualidad<\/a>, <a class=\"western\" href=\"https:\/\/blog.laveredadepuebla.com\/category\/costumbres\/\">Costumbres<\/a>, <a class=\"western\" href=\"https:\/\/blog.laveredadepuebla.com\/category\/fiestas\/\">Fiestas<\/a>, <a class=\"western\" href=\"https:\/\/blog.laveredadepuebla.com\/category\/mundo-rural\/\">Mundo Rural<\/a> y <a class=\"western\" href=\"https:\/\/blog.laveredadepuebla.com\/category\/paisajes-y-lugares\/\">Paisajes y Lugares<\/a> <\/i><\/span><\/span><\/strong><span style=\"color:#000099;\"><span style=\"font-size:small;\"><i>de la <\/i><\/span><\/span><strong class=\"western\"><span style=\"color:#000099;\"><span style=\"font-size:small;\"><i>Sierra Norte de Guadalajara<\/i><\/span><\/span><\/strong><span style=\"color:#000099;\"><span style=\"font-size:small;\"><i>. <\/i><\/span><\/span><\/p>\n","protected":false},"excerpt":{"rendered":"<p>El \u00e9xito de un proceso de colonizaci\u00f3n (seg\u00fan cuenta La Historia) estriba en elegir un modelo urbano que sea f\u00e1cilmente replicable: la colonizaci\u00f3n de la campi\u00f1a andaluza en el siglo XVIII (La Carlota, La Carolina, \u2026), la de los 60`s (Villafranca del Caudillo, Los Llanos del Caudillo,&#8230;) y las nuevas urbanizaciones (siglos XX y XXI) &hellip; <\/p>\n<p class=\"link-more\"><a href=\"https:\/\/blog.sierranortedeguadalajara.com\/?p=21191\" class=\"more-link\">Seguir leyendo<span class=\"screen-reader-text\"> \u00abEstructura urbana de la Sierra Norte de Guadalajara\u00bb<\/span><\/a><\/p>\n","protected":false},"author":1,"featured_media":0,"comment_status":"open","ping_status":"open","sticky":false,"template":"","format":"standard","meta":{"footnotes":""},"categories":[17,9],"tags":[2,49,4,44,5,7,183,37],"class_list":["post-21191","post","type-post","status-publish","format-standard","hentry","category-paisajes-y-lugares-de-la-sierra-norte","category-rincones-de-la-sierra-norte","tag-actualidad","tag-arquitectura-dorada","tag-cultura","tag-edad-media","tag-historia","tag-naturaleza","tag-pueblos-coloraos","tag-pueblos-negros","entry"],"_links":{"self":[{"href":"https:\/\/blog.sierranortedeguadalajara.com\/index.php?rest_route=\/wp\/v2\/posts\/21191","targetHints":{"allow":["GET"]}}],"collection":[{"href":"https:\/\/blog.sierranortedeguadalajara.com\/index.php?rest_route=\/wp\/v2\/posts"}],"about":[{"href":"https:\/\/blog.sierranortedeguadalajara.com\/index.php?rest_route=\/wp\/v2\/types\/post"}],"author":[{"embeddable":true,"href":"https:\/\/blog.sierranortedeguadalajara.com\/index.php?rest_route=\/wp\/v2\/users\/1"}],"replies":[{"embeddable":true,"href":"https:\/\/blog.sierranortedeguadalajara.com\/index.php?rest_route=%2Fwp%2Fv2%2Fcomments&post=21191"}],"version-history":[{"count":1,"href":"https:\/\/blog.sierranortedeguadalajara.com\/index.php?rest_route=\/wp\/v2\/posts\/21191\/revisions"}],"predecessor-version":[{"id":25618,"href":"https:\/\/blog.sierranortedeguadalajara.com\/index.php?rest_route=\/wp\/v2\/posts\/21191\/revisions\/25618"}],"wp:attachment":[{"href":"https:\/\/blog.sierranortedeguadalajara.com\/index.php?rest_route=%2Fwp%2Fv2%2Fmedia&parent=21191"}],"wp:term":[{"taxonomy":"category","embeddable":true,"href":"https:\/\/blog.sierranortedeguadalajara.com\/index.php?rest_route=%2Fwp%2Fv2%2Fcategories&post=21191"},{"taxonomy":"post_tag","embeddable":true,"href":"https:\/\/blog.sierranortedeguadalajara.com\/index.php?rest_route=%2Fwp%2Fv2%2Ftags&post=21191"}],"curies":[{"name":"wp","href":"https:\/\/api.w.org\/{rel}","templated":true}]}}