{"id":21188,"date":"2019-04-10T00:05:03","date_gmt":"2019-04-09T22:05:03","guid":{"rendered":"http:\/\/blog.laveredadepuebla.com\/?p=21188"},"modified":"2023-02-10T12:09:30","modified_gmt":"2023-02-10T12:09:30","slug":"nuestros-bosques","status":"publish","type":"post","link":"https:\/\/blog.sierranortedeguadalajara.com\/?p=21188","title":{"rendered":"Nuestros bosques"},"content":{"rendered":"<p align=\"LEFT\"><span style=\"font-size:small;\"><a href=\"https:\/\/laveredadepuebla.files.wordpress.com\/2019\/03\/190410-arbol-listo.jpg\"><img loading=\"lazy\" decoding=\"async\" class=\"alignright size-medium wp-image-21189\" src=\"https:\/\/blog.sierranortedeguadalajara.com\/wp-content\/uploads\/2023\/02\/190410-arbol-listo.jpg\" alt=\"\" width=\"267\" height=\"300\" \/><\/a>La <\/span><span style=\"color:#0000ff;\"><u><a class=\"western\" href=\"https:\/\/blog.laveredadepuebla.com\/2016\/05\/10\/el-mapa-de-la-sierra-norte\/\"><span style=\"font-size:small;\"><i><b>Sierra Norte de Guadalajara <\/b><\/i><\/span><\/a><\/u><\/span><i><b> <\/b><\/i><span style=\"font-size:small;\">tiene un 32% de superficie dedicada a <\/span><span style=\"font-size:small;\"><i><b><a href=\"https:\/\/blog.laveredadepuebla.com\/2017\/07\/28\/los-bosques-de-la-sierra-norte-de-guadalajara\/\">bosques<\/a> <\/b><\/i><\/span><span style=\"font-size:small;\"><i>(unos 1.000 Kms), <\/i><\/span><span style=\"font-size:small;\">siendo el<\/span><span style=\"color:#800000;\"><span style=\"font-size:small;\"><i><b> pulm\u00f3n izquierdo de la Comunidad de Madrid<\/b><\/i><\/span><\/span><span style=\"font-size:small;\">, a la que tambien suministramos agua<\/span><span style=\"font-size:small;\"><i> (&gt;200 Hms al a\u00f1o), <\/i><\/span><span style=\"font-size:small;\">sin nada a cambio. Una raz\u00f3n m\u00e1s que explica la existencia de esta<\/span><a href=\"https:\/\/www.abc.es\/sociedad\/abci-espana-vacia-revuelve-201903290142_noticia.html\"><span style=\"font-size:small;\"><i><b> Espa\u00f1a vaciada<\/b><\/i><\/span><\/a><span style=\"font-size:small;\">, que se revuelve, cansada de dar sin recibir mientras ve como se va muriendo<\/span><a href=\"https:\/\/www.20minutos.es\/opiniones\/francisco-burillo-mozota-tribuna-demotanasia-serrania-celtiberica-3000936\/\"><span style=\"font-size:small;\"><i><b> (demotanasia)<\/b><\/i><\/span><span style=\"font-size:small;\">.<\/span><\/a><\/p>\n<p><span style=\"color:#000000;\"><span style=\"font-size:small;\">Por todo ello y dado el volumen de visitantes que recibimos, se hace imprescindible <\/span><\/span><span style=\"color:#7e0021;\"><span style=\"font-size:small;\"><i><b>fomentar el respeto y el cuidado a bosques, \u00e1rboles y a la naturaleza<\/b><\/i><\/span><\/span><span style=\"color:#000000;\"><span style=\"font-size:small;\">, si queremos que las nuevas generaciones los disfruten, al menos en similares condiciones <\/span><\/span><span style=\"color:#000000;\"><span style=\"font-size:small;\"><i>(mejor si puede ser).<\/i><\/span><\/span><span style=\"color:#000000;\"><span style=\"font-size:small;\"> Sea esta nuestra peque\u00f1a aportaci\u00f3n.<\/span><\/span><\/p>\n<p><iframe loading=\"lazy\" title=\"Dice el \u00e1rbol - Poema\" width=\"640\" height=\"360\" src=\"https:\/\/www.youtube.com\/embed\/n1_aZgULP9M?feature=oembed\" frameborder=\"0\" allow=\"accelerometer; autoplay; clipboard-write; encrypted-media; gyroscope; picture-in-picture; web-share\" referrerpolicy=\"strict-origin-when-cross-origin\" allowfullscreen><\/iframe><\/p>\n<hr \/>\n<p align=\"JUSTIFY\"><span style=\"color:#000099;\"><span style=\"font-size:small;\"><i><b>Lar-ami, <\/b><\/i><\/span><\/span><em class=\"western\"><span style=\"color:#000099;\"><span style=\"font-size:small;\"><i>gerente de <\/i><\/span><\/span><\/em><em class=\"western\"><span style=\"color:#000099;\"><span style=\"font-size:small;\"><i><b>CR<\/b><\/i><\/span><\/span><\/em><i> <\/i><span style=\"color:#0000ff;\"><u><a class=\"western\" href=\"http:\/\/www.laveredadepuebla.com\/\"><span style=\"color:#000099;\"><span style=\"font-size:small;\"><span lang=\"zxx\"><i><b>La Vereda de Puebla<\/b><\/i><\/span><\/span><\/span><\/a><\/u><\/span><span style=\"color:#000099;\"><span style=\"font-size:small;\"><i><b>, entre <\/b><\/i><\/span><\/span><span style=\"color:#0000ff;\"><u><a class=\"western\" href=\"https:\/\/blog.laveredadepuebla.com\/?s=Puebla+y+carcavas\"><span style=\"color:#000099;\"><span style=\"font-size:small;\"><i><b>c\u00e1rcavas<\/b><\/i><\/span><\/span><\/a><\/u><\/span><span style=\"color:#000099;\"><span style=\"font-size:small;\"><i><b> y o<\/b><\/i><\/span><\/span><span style=\"color:#0000ff;\"><u><a class=\"western\" href=\"https:\/\/blog.laveredadepuebla.com\/?s=olivos+mil\"><span style=\"color:#000099;\"><span style=\"font-size:small;\"><i><b>livos milenarios<\/b><\/i><\/span><\/span><\/a><\/u><\/span><span style=\"color:#000099;\"><span style=\"font-size:small;\"><i><b>. <\/b><\/i><\/span><\/span><span style=\"color:#000099;\"><span style=\"font-size:small;\"><i>Todo sobre <\/i><\/span><\/span><strong class=\"western\"><span style=\"color:#000099;\"><span style=\"font-size:small;\"><i><a class=\"western\" href=\"https:\/\/blog.laveredadepuebla.com\/category\/actualidad\/\">Actualidad<\/a>, <a class=\"western\" href=\"https:\/\/blog.laveredadepuebla.com\/category\/costumbres\/\">Costumbres<\/a>, <a class=\"western\" href=\"https:\/\/blog.laveredadepuebla.com\/category\/fiestas\/\">Fiestas<\/a>, <a class=\"western\" href=\"https:\/\/blog.laveredadepuebla.com\/category\/mundo-rural\/\">Mundo Rural<\/a> y <a class=\"western\" href=\"https:\/\/blog.laveredadepuebla.com\/category\/paisajes-y-lugares\/\">Paisajes y Lugares<\/a> <\/i><\/span><\/span><\/strong><span style=\"color:#000099;\"><span style=\"font-size:small;\"><i>de la <\/i><\/span><\/span><strong class=\"western\"><span style=\"color:#000099;\"><span style=\"font-size:small;\"><i>Sierra Norte de Guadalajara<\/i><\/span><\/span><\/strong><span style=\"color:#000099;\"><span style=\"font-size:small;\"><i>. <\/i><\/span><\/span><\/p>\n","protected":false},"excerpt":{"rendered":"<p>La Sierra Norte de Guadalajara tiene un 32% de superficie dedicada a bosques (unos 1.000 Kms), siendo el pulm\u00f3n izquierdo de la Comunidad de Madrid, a la que tambien suministramos agua (&gt;200 Hms al a\u00f1o), sin nada a cambio. Una raz\u00f3n m\u00e1s que explica la existencia de esta Espa\u00f1a vaciada, que se revuelve, cansada de &hellip; <\/p>\n<p class=\"link-more\"><a href=\"https:\/\/blog.sierranortedeguadalajara.com\/?p=21188\" class=\"more-link\">Seguir leyendo<span class=\"screen-reader-text\"> \u00abNuestros bosques\u00bb<\/span><\/a><\/p>\n","protected":false},"author":1,"featured_media":0,"comment_status":"open","ping_status":"open","sticky":false,"template":"","format":"standard","meta":{"footnotes":""},"categories":[12,6],"tags":[2,4,7,10],"class_list":["post-21188","post","type-post","status-publish","format-standard","hentry","category-actualidad","category-mundo-rural","tag-actualidad","tag-cultura","tag-naturaleza","tag-sierra-norte","entry"],"_links":{"self":[{"href":"https:\/\/blog.sierranortedeguadalajara.com\/index.php?rest_route=\/wp\/v2\/posts\/21188","targetHints":{"allow":["GET"]}}],"collection":[{"href":"https:\/\/blog.sierranortedeguadalajara.com\/index.php?rest_route=\/wp\/v2\/posts"}],"about":[{"href":"https:\/\/blog.sierranortedeguadalajara.com\/index.php?rest_route=\/wp\/v2\/types\/post"}],"author":[{"embeddable":true,"href":"https:\/\/blog.sierranortedeguadalajara.com\/index.php?rest_route=\/wp\/v2\/users\/1"}],"replies":[{"embeddable":true,"href":"https:\/\/blog.sierranortedeguadalajara.com\/index.php?rest_route=%2Fwp%2Fv2%2Fcomments&post=21188"}],"version-history":[{"count":1,"href":"https:\/\/blog.sierranortedeguadalajara.com\/index.php?rest_route=\/wp\/v2\/posts\/21188\/revisions"}],"predecessor-version":[{"id":25620,"href":"https:\/\/blog.sierranortedeguadalajara.com\/index.php?rest_route=\/wp\/v2\/posts\/21188\/revisions\/25620"}],"wp:attachment":[{"href":"https:\/\/blog.sierranortedeguadalajara.com\/index.php?rest_route=%2Fwp%2Fv2%2Fmedia&parent=21188"}],"wp:term":[{"taxonomy":"category","embeddable":true,"href":"https:\/\/blog.sierranortedeguadalajara.com\/index.php?rest_route=%2Fwp%2Fv2%2Fcategories&post=21188"},{"taxonomy":"post_tag","embeddable":true,"href":"https:\/\/blog.sierranortedeguadalajara.com\/index.php?rest_route=%2Fwp%2Fv2%2Ftags&post=21188"}],"curies":[{"name":"wp","href":"https:\/\/api.w.org\/{rel}","templated":true}]}}