{"id":20669,"date":"2018-11-07T00:05:13","date_gmt":"2018-11-06T22:05:13","guid":{"rendered":"http:\/\/blog.laveredadepuebla.com\/?p=20669"},"modified":"2023-02-10T12:09:32","modified_gmt":"2023-02-10T12:09:32","slug":"los-condemios","status":"publish","type":"post","link":"https:\/\/blog.sierranortedeguadalajara.com\/?p=20669","title":{"rendered":"Los Condemios"},"content":{"rendered":"<p><span style=\"color:#800000;\"><span style=\"font-size:small;\"><i><b>Condemios de Arriba y Condemios de Abajo<\/b><\/i><\/span><\/span><span style=\"font-size:small;\"> se mantienen como municipios independientes desde mediados del siglo XIX, a pesar de la distancia entre ellos<em> (&lt; 1 km)<\/em> y una historia com\u00fan. Ambos <\/span><span style=\"font-size:small;\">pertenecieron al <\/span><span style=\"color:#7e0021;\"><span style=\"font-size:small;\"><i><b>Com\u00fan de Atienza<\/b><\/i><\/span><\/span> <span style=\"font-size:small;\"><i>(aunque su origen podr\u00eda ser anterior; el nombre es de ascendencia celta) <\/i><\/span><span style=\"font-size:small;\">y en el siglo XIV pasaron al <\/span><span style=\"color:#7e0021;\"><span style=\"font-size:small;\"><i><b>Se\u00f1or\u00edo de Miedes<\/b><\/i><\/span><\/span><span style=\"font-size:small;\"> hasta su independencia.<\/span><\/p>\n<p><span style=\"font-size:small;\">En sus cercan\u00edas hay parajes singulares: <\/span><a href=\"http:\/\/www.senderismoguadalajara.es\/ruta-spg-52-la-ruta-de-las-estatuas-de-condemios-de-arriba\/\"><span style=\"color:#800000;\"><span style=\"font-size:small;\"><i><b>l<\/b><\/i><\/span><\/span><\/a><span style=\"color:#000000;\"><span style=\"font-size:small;\"><i><b><a href=\"http:\/\/www.senderismoguadalajara.es\/ruta-spg-52-la-ruta-de-las-estatuas-de-condemios-de-arriba\/\">a ruta de las estatuas<\/a>,<\/b><\/i><\/span><\/span><i><b> <\/b><\/i><a href=\"https:\/\/blog.laveredadepuebla.com\/2018\/09\/12\/reserva-fluvial-del-rio-pelagallinas\/\"><span style=\"color:#000000;\"><span style=\"font-size:small;\"><i><b>la reserva fluvial del rio Pelagallinas<\/b><\/i><\/span><\/span><\/a><span style=\"color:#800000;\"><span style=\"font-size:small;\"><i><b> y la pedan\u00eda Aldeanueva de Atienza<\/b><\/i><\/span><\/span><span style=\"font-size:small;\"> encajonada en un valle. Sus habitantes vivieron del aprovechamiento forestal <\/span><span style=\"font-size:small;\"><i>(pinares) <\/i><\/span><span style=\"font-size:small;\">y ganadero, adem\u00e1s de los huertos para consumo propio. <\/span><\/p>\n<p><span style=\"color:#800000;\"><span style=\"font-size:small;\"><i><b><a href=\"https:\/\/laveredadepuebla.files.wordpress.com\/2018\/11\/181107-condarriba.jpg\"><img loading=\"lazy\" decoding=\"async\" class=\"alignleft wp-image-20672\" src=\"https:\/\/blog.sierranortedeguadalajara.com\/wp-content\/uploads\/2023\/02\/181107-condarriba.jpg\" alt=\"\" width=\"240\" height=\"180\" \/><\/a>Condemios de Arriba <\/b><\/i><span style=\"color:#800000;\"><span style=\"color:#000000;\">conserva viviendas<\/span><\/span> <b><span style=\"color:#800000;\">tradicionales de 2 plantas<\/span><\/b><i><b>, <\/b><\/i><span style=\"color:#000000;\">de cuarcita <em>(cuadras y zagu\u00e1n en la baja, el hogar junto con los dormitorios en la primera planta y el altillo para conservar los alimentos). <\/em><\/span><\/span><\/span><span style=\"color:#800000;\"><span style=\"font-size:small;\"><span style=\"color:#000000;\">Destacan la<\/span><b><\/b><i><b> iglesia parroquial del siglo XVI, la fachada del palacio barroco, el horno y la fragua.<\/b><\/i><\/span><\/span><span style=\"font-size:small;\">\u00a0 Sus 150 habs celebran San Vicente <\/span><span style=\"font-size:small;\"><i>(22 enero) <\/i><\/span><span style=\"font-size:small;\">y las fiestas patronales el 15 de agosto, con <\/span><a href=\"https:\/\/blog.laveredadepuebla.com\/2016\/10\/07\/los-danzantes-de-condemios-de-arriba\/\"><span style=\"font-size:small;\"><i><b>danzas espectaculares<\/b><\/i><\/span><\/a><span style=\"font-size:small;\">. Hay pan, bar, restaurante, alojamiento y gasolinera<\/span>.<\/p>\n<p><span style=\"font-size:small;\"><a href=\"https:\/\/laveredadepuebla.files.wordpress.com\/2018\/11\/181107-condemios-abajo.jpg\"><img loading=\"lazy\" decoding=\"async\" class=\"alignright wp-image-20673\" src=\"https:\/\/blog.sierranortedeguadalajara.com\/wp-content\/uploads\/2023\/02\/181107-condemios-abajo.jpg\" alt=\"\" width=\"240\" height=\"180\" \/><\/a>En el casco urbano de <\/span><span style=\"color:#800000;\"><span style=\"font-size:small;\"><i><b>Condemios de Abajo<\/b><\/i><\/span><\/span> <span style=\"font-size:small;\">se aprecian construcciones de piedra y adobe, de color rojizo <\/span><span style=\"font-size:small;\"><i>(t\u00edpico de Ayll\u00f3n por los conglomerados y la arcilla)<\/i><\/span><span style=\"font-size:small;\">, con tejado a dos aguas. <\/span><span style=\"color:#800000;\"><span style=\"font-size:small;\"><i><b>Destaca la iglesia de S. Juan Bautista, un bello ejemplo de la arquitectura de la zona. <\/b><\/i><\/span><\/span><span style=\"font-size:small;\">Sus escasos vecinos celebran las fiestas el 8 de septiembre y San Antonio <\/span><span style=\"font-size:small;\"><i>(a mediados de julio)<\/i><\/span><span style=\"font-size:small;\">. Disponen de alojamiento.<\/span><\/p>\n<p align=\"LEFT\"><span style=\"color:#000000;\"><span style=\"font-size:small;\">Dos pueblos tan cercanos y tan diferentes. Otra curiosidad de la<\/span><\/span><i><b> <\/b><\/i><span style=\"color:#000000;\"><span style=\"font-size:small;\"><i><b>Sierra Norte de Guadalajara.<\/b><\/i><\/span><\/span><span style=\"color:#800000;\"><span style=\"font-size:small;\"><i><b> Recuerda que tus comentarios nos enriquecen a todos.<\/b><\/i><\/span><\/span><\/p>\n<hr \/>\n<p align=\"JUSTIFY\"><span style=\"color:#000099;\"><span style=\"font-size:small;\"><i><b>Lar-ami, <\/b><\/i><\/span><\/span><em class=\"western\"><span style=\"color:#000099;\"><span style=\"font-size:small;\"><i>gerente de <\/i><\/span><\/span><\/em><em class=\"western\"><span style=\"color:#000099;\"><span style=\"font-size:small;\"><i><b>CR<\/b><\/i><\/span><\/span><\/em><i> <\/i><span style=\"color:#000080;\"><span lang=\"zxx\"><u><a class=\"western\" href=\"http:\/\/www.laveredadepuebla.com\/\"><span style=\"color:#000099;\"><span style=\"font-size:small;\"><i><b>La Vereda de Puebla<\/b><\/i><\/span><\/span><\/a><\/u><\/span><\/span><span style=\"color:#000099;\"><span style=\"font-size:small;\"><i><b>, entre <\/b><\/i><\/span><\/span><span style=\"color:#000080;\"><span lang=\"zxx\"><u><a class=\"western\" href=\"https:\/\/blog.laveredadepuebla.com\/?s=Puebla+y+carcavas\"><span style=\"color:#000099;\"><span style=\"font-size:small;\"><i><b>c\u00e1rcavas<\/b><\/i><\/span><\/span><\/a><\/u><\/span><\/span><span style=\"color:#000099;\"><span style=\"font-size:small;\"><i><b> y o<\/b><\/i><\/span><\/span><span style=\"color:#000080;\"><span lang=\"zxx\"><u><a class=\"western\" href=\"https:\/\/blog.laveredadepuebla.com\/?s=olivos+mil\"><span style=\"color:#000099;\"><span style=\"font-size:small;\"><i><b>livos milenarios<\/b><\/i><\/span><\/span><\/a><\/u><\/span><\/span><span style=\"color:#000099;\"><span style=\"font-size:small;\"><i><b>. <\/b><\/i><\/span><\/span><\/p>\n<p><span style=\"color:#000099;\"><span style=\"font-size:small;\"><i>Todo sobre <\/i><\/span><\/span><strong class=\"western\"><span style=\"color:#000099;\"><span style=\"font-size:small;\"><i><a class=\"western\" href=\"https:\/\/blog.laveredadepuebla.com\/category\/actualidad\/\">Actualidad<\/a>, <a class=\"western\" href=\"https:\/\/blog.laveredadepuebla.com\/category\/costumbres\/\">Costumbres<\/a>, <a class=\"western\" href=\"https:\/\/blog.laveredadepuebla.com\/category\/fiestas\/\">Fiestas<\/a>, <a class=\"western\" href=\"https:\/\/blog.laveredadepuebla.com\/category\/mundo-rural\/\">Mundo Rural<\/a> y <a class=\"western\" href=\"https:\/\/blog.laveredadepuebla.com\/category\/paisajes-y-lugares\/\">Paisajes y Lugares<\/a> <\/i><\/span><\/span><\/strong><span style=\"color:#000099;\"><span style=\"font-size:small;\"><i>de la <\/i><\/span><\/span><strong class=\"western\"><span style=\"color:#000099;\"><span style=\"font-size:small;\"><i>Sierra Norte de Guadalajara<\/i><\/span><\/span><\/strong><span style=\"color:#000099;\"><span style=\"font-size:small;\"><i>. <\/i><\/span><\/span><\/p>\n","protected":false},"excerpt":{"rendered":"<p>Condemios de Arriba y Condemios de Abajo se mantienen como municipios independientes desde mediados del siglo XIX, a pesar de la distancia entre ellos (&lt; 1 km) y una historia com\u00fan. Ambos pertenecieron al Com\u00fan de Atienza (aunque su origen podr\u00eda ser anterior; el nombre es de ascendencia celta) y en el siglo XIV pasaron &hellip; <\/p>\n<p class=\"link-more\"><a href=\"https:\/\/blog.sierranortedeguadalajara.com\/?p=20669\" class=\"more-link\">Seguir leyendo<span class=\"screen-reader-text\"> \u00abLos Condemios\u00bb<\/span><\/a><\/p>\n","protected":false},"author":1,"featured_media":0,"comment_status":"open","ping_status":"open","sticky":false,"template":"","format":"standard","meta":{"footnotes":""},"categories":[6,17,15],"tags":[2,4,44,5,7,10,18],"class_list":["post-20669","post","type-post","status-publish","format-standard","hentry","category-mundo-rural","category-paisajes-y-lugares-de-la-sierra-norte","category-rincones-de-guadalajara","tag-actualidad","tag-cultura","tag-edad-media","tag-historia","tag-naturaleza","tag-sierra-norte","tag-siglo-xix","entry"],"_links":{"self":[{"href":"https:\/\/blog.sierranortedeguadalajara.com\/index.php?rest_route=\/wp\/v2\/posts\/20669","targetHints":{"allow":["GET"]}}],"collection":[{"href":"https:\/\/blog.sierranortedeguadalajara.com\/index.php?rest_route=\/wp\/v2\/posts"}],"about":[{"href":"https:\/\/blog.sierranortedeguadalajara.com\/index.php?rest_route=\/wp\/v2\/types\/post"}],"author":[{"embeddable":true,"href":"https:\/\/blog.sierranortedeguadalajara.com\/index.php?rest_route=\/wp\/v2\/users\/1"}],"replies":[{"embeddable":true,"href":"https:\/\/blog.sierranortedeguadalajara.com\/index.php?rest_route=%2Fwp%2Fv2%2Fcomments&post=20669"}],"version-history":[{"count":1,"href":"https:\/\/blog.sierranortedeguadalajara.com\/index.php?rest_route=\/wp\/v2\/posts\/20669\/revisions"}],"predecessor-version":[{"id":25813,"href":"https:\/\/blog.sierranortedeguadalajara.com\/index.php?rest_route=\/wp\/v2\/posts\/20669\/revisions\/25813"}],"wp:attachment":[{"href":"https:\/\/blog.sierranortedeguadalajara.com\/index.php?rest_route=%2Fwp%2Fv2%2Fmedia&parent=20669"}],"wp:term":[{"taxonomy":"category","embeddable":true,"href":"https:\/\/blog.sierranortedeguadalajara.com\/index.php?rest_route=%2Fwp%2Fv2%2Fcategories&post=20669"},{"taxonomy":"post_tag","embeddable":true,"href":"https:\/\/blog.sierranortedeguadalajara.com\/index.php?rest_route=%2Fwp%2Fv2%2Ftags&post=20669"}],"curies":[{"name":"wp","href":"https:\/\/api.w.org\/{rel}","templated":true}]}}