{"id":20581,"date":"2018-10-22T00:05:35","date_gmt":"2018-10-21T22:05:35","guid":{"rendered":"http:\/\/blog.laveredadepuebla.com\/?p=20581"},"modified":"2023-02-10T12:09:32","modified_gmt":"2023-02-10T12:09:32","slug":"el-canon-del-rio-vallosera","status":"publish","type":"post","link":"https:\/\/blog.sierranortedeguadalajara.com\/?p=20581","title":{"rendered":"El ca\u00f1\u00f3n del r\u00edo Vallosera"},"content":{"rendered":"<p align=\"LEFT\"><span style=\"font-size:small;\"><a href=\"https:\/\/laveredadepuebla.files.wordpress.com\/2018\/10\/4-cvallosera-1.jpg\"><img loading=\"lazy\" decoding=\"async\" class=\"alignleft wp-image-20582\" src=\"https:\/\/blog.sierranortedeguadalajara.com\/wp-content\/uploads\/2023\/02\/4-cvallosera-1.jpg\" alt=\"\" width=\"240\" height=\"180\" \/><\/a><a href=\"https:\/\/laveredadepuebla.files.wordpress.com\/2018\/10\/4-cvallosera-2.jpg\"><img loading=\"lazy\" decoding=\"async\" class=\"alignright wp-image-20583\" src=\"https:\/\/blog.sierranortedeguadalajara.com\/wp-content\/uploads\/2023\/02\/4-cvallosera-2.jpg\" alt=\"\" width=\"240\" height=\"180\" \/><\/a>En la <\/span><a href=\"https:\/\/blog.laveredadepuebla.com\/2015\/07\/23\/el-camino-a-la-vereda\/\"><span style=\"font-size:small;\"><i><b>pista que va a La Vereda<\/b><\/i><\/span><\/a><span style=\"font-size:small;\"> hay dos miradores que merecen atenci\u00f3n. Desde uno se ve la desembocadura del<\/span><a href=\"https:\/\/blog.laveredadepuebla.com\/2018\/10\/15\/vallosera-rio-o-arroyo\/\"><span style=\"font-size:small;\"><i><b> Vallosera <\/b><\/i><\/span><\/a><span style=\"font-size:small;\">a los pies de la <\/span><a href=\"https:\/\/blog.laveredadepuebla.com\/2015\/07\/24\/el-vado-y-la-iglesia-de-santa-maria\/\"><span style=\"font-size:small;\"><i><b>iglesia de Santa Mar\u00eda<\/b><\/i><\/span><\/a><span style=\"font-size:small;\">; desde el otro los meandros, la pista y el pueblo. Qui\u00e9n disfruta de estas vistas, no tiene dudas: es el <\/span><span style=\"color:#7e0021;\"><span style=\"font-size:small;\"><i><b>ca\u00f1\u00f3n del Vallosera.<\/b><\/i><\/span><\/span><\/p>\n<p align=\"LEFT\"><span style=\"font-size:small;\">Pero si le quedan dudas, le invitamos a esta ruta que arranca junto al <\/span><a href=\"https:\/\/blog.laveredadepuebla.com\/2015\/08\/07\/el-molino-de-la-vereda\/\"><span style=\"font-size:small;\"><i><b>molino de La Vereda <\/b><\/i><\/span><\/a><span style=\"font-size:small;\">y sigue el r\u00edo aguas arriba por la caz. El cauce aparece encajonado entre paredes de pizarras y calizas a los pies de <\/span><a href=\"https:\/\/blog.laveredadepuebla.com\/2015\/08\/18\/casas-y-casillos-de-la-vereda\/\"><span style=\"font-size:small;\"><i><b>La Vereda<\/b><\/i><\/span><\/a><span style=\"font-size:small;\">. Bajo alisos, chopos y sauces <\/span><span style=\"color:#7e0021;\"><span style=\"font-size:small;\"><i><b>(y hasta un tejo),<\/b><\/i><\/span><\/span><span style=\"font-size:small;\"> este paseo sonoro de 15`resulta muy agradable.<\/span><\/p>\n<p align=\"LEFT\"><span style=\"font-size:small;\"><a href=\"https:\/\/laveredadepuebla.files.wordpress.com\/2018\/10\/4-cvallosera-3.jpg\"><img loading=\"lazy\" decoding=\"async\" class=\"alignright size-medium wp-image-20584\" src=\"https:\/\/blog.sierranortedeguadalajara.com\/wp-content\/uploads\/2023\/02\/4-cvallosera-3.jpg\" alt=\"\" width=\"300\" height=\"225\" \/><\/a>La ruta termina en la <\/span><span style=\"font-size:small;color:#800000;\"><i><b>presa (con 2 saltos) <\/b><\/i><\/span><span style=\"font-size:small;\">que alimentaba al molino, un lugar encantador y m\u00e1gico. Luego <\/span><span style=\"color:#7e0021;\"><span style=\"font-size:small;\"><i><b>desde el pueblo <\/b><\/i><span style=\"color:#000000;\">se observa lo agreste del ca\u00f1\u00f3n<\/span><\/span><\/span><span style=\"font-size:small;\"> que baja desde la <\/span><a href=\"https:\/\/blog.laveredadepuebla.com\/2015\/06\/25\/las-sierras-de-la-sierra-norte\/\"><span style=\"font-size:small;\"><i><b>Sierra de Concha<\/b><\/i><\/span><\/a> <span style=\"color:#7e0021;\"><span style=\"font-size:small;\"><i>(Pe\u00f1a Cebollera y El Tornero)<\/i><\/span><\/span><span style=\"font-size:small;\"> en toda su belleza.\u00a0<\/span><\/p>\n<hr \/>\n<p align=\"JUSTIFY\"><span style=\"color:#000099;\"><span style=\"font-size:small;\"><i><b>Lar-ami, <\/b><\/i><\/span><\/span><em class=\"western\"><span style=\"color:#000099;\"><span style=\"font-size:small;\"><i>gerente de la<\/i><\/span><\/span><\/em><a class=\"western\" href=\"http:\/\/www.laveredadepuebla.com\/\"><i><u><b> <\/b><\/u><\/i><span style=\"color:#000099;\"><span style=\"font-size:small;\"><span lang=\"zxx\"><i><u><b>Casa rural La Vereda de Puebla<\/b><\/u><\/i><\/span><\/span><\/span><\/a><span style=\"color:#000099;\"><span style=\"font-size:small;\"><i><b>, <\/b>situada en<\/i><\/span><\/span><a class=\"western\" href=\"https:\/\/blog.laveredadepuebla.com\/?s=Puebla+de+Valles\" target=\"_blank\" rel=\"noopener\"><span style=\"color:#000099;\"><span style=\"font-size:small;\"><span lang=\"zxx\"><i><u><b>Puebla de Valles<\/b><\/u><\/i><\/span><\/span><\/span><\/a><span style=\"color:#000099;\"><span style=\"font-size:small;\"><i><b>, <\/b><\/i><\/span><\/span><span style=\"color:#000099;\"><span style=\"font-size:small;\"><i>entre c\u00e1rcavas y olivos. <\/i><\/span><\/span><\/p>\n<p><span style=\"color:#000099;\"><span style=\"font-size:small;\"><i>Todo sobre <\/i><\/span><\/span><strong class=\"western\"><span style=\"color:#000099;\"><span style=\"font-size:small;\"><i><a class=\"western\" href=\"https:\/\/blog.laveredadepuebla.com\/category\/actualidad\/\">Actualidad<\/a>, <a class=\"western\" href=\"https:\/\/blog.laveredadepuebla.com\/category\/costumbres\/\">Costumbres<\/a>, <a class=\"western\" href=\"https:\/\/blog.laveredadepuebla.com\/category\/fiestas\/\">Fiestas<\/a>, <a class=\"western\" href=\"https:\/\/blog.laveredadepuebla.com\/category\/mundo-rural\/\">Mundo Rural<\/a> y <a class=\"western\" href=\"https:\/\/blog.laveredadepuebla.com\/category\/paisajes-y-lugares\/\">Paisajes y Lugares<\/a> <\/i><\/span><\/span><\/strong><span style=\"color:#000099;\"><span style=\"font-size:small;\"><i>de la <\/i><\/span><\/span><a href=\"https:\/\/blog.laveredadepuebla.com\/?s=Sierra+Norte\"><strong class=\"western\"><span style=\"color:#000099;\"><span style=\"font-size:small;\"><i>Sierra Norte de Guadalajara<\/i><\/span><\/span><\/strong><\/a><span style=\"color:#000099;\"><span style=\"font-size:small;\"><i>. <span style=\"color:#800000;\">Recuerda que tus comentarios nos enriquecen a todos<\/span><\/i><\/span><\/span><\/p>\n","protected":false},"excerpt":{"rendered":"<p>En la pista que va a La Vereda hay dos miradores que merecen atenci\u00f3n. Desde uno se ve la desembocadura del Vallosera a los pies de la iglesia de Santa Mar\u00eda; desde el otro los meandros, la pista y el pueblo. Qui\u00e9n disfruta de estas vistas, no tiene dudas: es el ca\u00f1\u00f3n del Vallosera. Pero &hellip; <\/p>\n<p class=\"link-more\"><a href=\"https:\/\/blog.sierranortedeguadalajara.com\/?p=20581\" class=\"more-link\">Seguir leyendo<span class=\"screen-reader-text\"> \u00abEl ca\u00f1\u00f3n del r\u00edo Vallosera\u00bb<\/span><\/a><\/p>\n","protected":false},"author":1,"featured_media":0,"comment_status":"open","ping_status":"open","sticky":false,"template":"","format":"standard","meta":{"footnotes":""},"categories":[12,17,15],"tags":[2,4,26,7,37,10],"class_list":["post-20581","post","type-post","status-publish","format-standard","hentry","category-actualidad","category-paisajes-y-lugares-de-la-sierra-norte","category-rincones-de-guadalajara","tag-actualidad","tag-cultura","tag-el-vado","tag-naturaleza","tag-pueblos-negros","tag-sierra-norte","entry"],"_links":{"self":[{"href":"https:\/\/blog.sierranortedeguadalajara.com\/index.php?rest_route=\/wp\/v2\/posts\/20581","targetHints":{"allow":["GET"]}}],"collection":[{"href":"https:\/\/blog.sierranortedeguadalajara.com\/index.php?rest_route=\/wp\/v2\/posts"}],"about":[{"href":"https:\/\/blog.sierranortedeguadalajara.com\/index.php?rest_route=\/wp\/v2\/types\/post"}],"author":[{"embeddable":true,"href":"https:\/\/blog.sierranortedeguadalajara.com\/index.php?rest_route=\/wp\/v2\/users\/1"}],"replies":[{"embeddable":true,"href":"https:\/\/blog.sierranortedeguadalajara.com\/index.php?rest_route=%2Fwp%2Fv2%2Fcomments&post=20581"}],"version-history":[{"count":1,"href":"https:\/\/blog.sierranortedeguadalajara.com\/index.php?rest_route=\/wp\/v2\/posts\/20581\/revisions"}],"predecessor-version":[{"id":25844,"href":"https:\/\/blog.sierranortedeguadalajara.com\/index.php?rest_route=\/wp\/v2\/posts\/20581\/revisions\/25844"}],"wp:attachment":[{"href":"https:\/\/blog.sierranortedeguadalajara.com\/index.php?rest_route=%2Fwp%2Fv2%2Fmedia&parent=20581"}],"wp:term":[{"taxonomy":"category","embeddable":true,"href":"https:\/\/blog.sierranortedeguadalajara.com\/index.php?rest_route=%2Fwp%2Fv2%2Fcategories&post=20581"},{"taxonomy":"post_tag","embeddable":true,"href":"https:\/\/blog.sierranortedeguadalajara.com\/index.php?rest_route=%2Fwp%2Fv2%2Ftags&post=20581"}],"curies":[{"name":"wp","href":"https:\/\/api.w.org\/{rel}","templated":true}]}}