{"id":20498,"date":"2018-10-01T00:05:33","date_gmt":"2018-09-30T22:05:33","guid":{"rendered":"http:\/\/blog.laveredadepuebla.com\/?p=20498"},"modified":"2023-02-10T12:09:32","modified_gmt":"2023-02-10T12:09:32","slug":"octubre-2018-fiestas-y-eventos-en-la-sierra-norte","status":"publish","type":"post","link":"https:\/\/blog.sierranortedeguadalajara.com\/?p=20498","title":{"rendered":"Octubre 2018:  fiestas y eventos en la Sierra Norte"},"content":{"rendered":"<p><span style=\"font-size:small;\"><a href=\"https:\/\/laveredadepuebla.files.wordpress.com\/2018\/09\/181001-fiestas-octubre-1.jpg\"><img loading=\"lazy\" decoding=\"async\" class=\"alignright wp-image-20500\" src=\"https:\/\/blog.sierranortedeguadalajara.com\/wp-content\/uploads\/2023\/02\/181001-fiestas-octubre-1.jpg\" alt=\"\" width=\"240\" height=\"240\" \/><\/a>Los comienzos del oto\u00f1o siempre fueron celebrados en la <\/span><a href=\"https:\/\/blog.laveredadepuebla.com\/2016\/05\/10\/el-mapa-de-la-sierra-norte\/\"><span style=\"font-size:small;\"><i><b>Sierra Norte de Guadalajara<\/b><\/i><\/span><\/a><span style=\"font-size:small;\">. Han surgido nuevos eventos que est\u00e1n adquiriendo solera y ya resultan imprescindibles. Sean estos las fiestas m\u00e1s significativas <\/span><span style=\"font-size:small;\"><i>(si faltase alguna agradecemos que lo indiqu\u00e9is):<\/i><\/span><\/p>\n<ul>\n<li><span style=\"font-size:small;\"><i><b>D\u00eda 6 y 7: <\/b><\/i><\/span><span style=\"font-size:small;\">en <\/span><span style=\"color:#7e0021;\"><span style=\"font-size:small;\"><i><b>Robledo de Corpes<\/b><\/i><\/span><\/span><span style=\"color:#7e0021;\"><span style=\"font-size:small;\"><i>,<\/i><\/span><\/span><i> <\/i><span style=\"font-size:small;\">fiestas de la Virgen del Rosario<\/span><\/li>\n<li><span style=\"font-size:small;\"><i><b>D\u00eda 6: <\/b><\/i><\/span><span style=\"color:#7e0021;\"><span style=\"font-size:small;\"><i><b>Mercadillo del Trueque<\/b><\/i><\/span><\/span><i><b> <\/b><\/i><span style=\"font-size:small;\"><i>en Majalerayo<\/i><\/span><\/li>\n<li><span style=\"font-size:small;\"><i><b>Dia 7: <\/b><\/i><\/span><span style=\"color:#7e0021;\"><span style=\"font-size:small;\"><i><b>Carrera de Monta\u00f1a Ruta Templarios<\/b><\/i><\/span><\/span><i><b> <\/b><\/i><span style=\"color:#000000;\"><span style=\"font-size:small;\"><i>(Condemios de Arriba)<\/i><\/span><\/span><\/li>\n<li><span style=\"color:#000000;\"><span style=\"font-size:small;\"><i><b>Dia 12: <\/b><\/i><\/span><\/span><span style=\"color:#000000;\"><span style=\"font-size:small;\"><i>Carrera rupestre en <\/i><\/span><\/span><a href=\"https:\/\/blog.laveredadepuebla.com\/2015\/09\/23\/puebla-de-valles-y-sus-carcavas\/\"><span style=\"color:#000000;\"><span style=\"font-size:small;\"><i><b>Puebla de Valles<\/b><\/i><\/span><\/span><\/a><\/li>\n<li><span style=\"font-size:small;\"><i><b>D\u00eda 12: <\/b><\/i><\/span><span style=\"font-size:small;\"><i> Feria de ganado en <\/i><\/span><a href=\"https:\/\/blog.laveredadepuebla.com\/2018\/09\/24\/feria-de-ganado-en-cantalojas\/\"><span style=\"font-size:small;\"><i><b>Cantalojas<\/b><\/i><\/span><\/a><\/li>\n<li><span style=\"font-size:small;\"><i><b>D\u00eda 12 y 13: <\/b><\/i><\/span> <span style=\"font-size:small;\"><i><b><a href=\"http:\/\/www.cantalojazz.com\/\">XIV edici\u00f3n de Cantalojazz,<\/a> <\/b><\/i><\/span><span style=\"font-size:small;\">este a\u00f1o con <\/span><i><b> <\/b><\/i><span style=\"color:#7e0021;\"><span style=\"font-size:small;\"><i><b>GRANT STEWART QUARTET y CRIS KASE (d\u00eda 13).<\/b><\/i><\/span><\/span><\/li>\n<li><span style=\"font-size:small;\"><i><b>D\u00eda 20: <a href=\"http:\/\/serraniadeguadalajara.com\/\">XI edici\u00f3n del Dia de la Sierra<\/a><\/b><\/i><\/span><span style=\"font-size:small;\">, este a\u00f1o en <\/span><span style=\"color:#7e0021;\"><span style=\"font-size:small;\"><i><b>Tamaj\u00f3n<a href=\"https:\/\/laveredadepuebla.files.wordpress.com\/2018\/09\/181001-fiestas-octubre-2.jpg\"><img loading=\"lazy\" decoding=\"async\" class=\"alignleft wp-image-20501\" src=\"https:\/\/blog.sierranortedeguadalajara.com\/wp-content\/uploads\/2023\/02\/181001-fiestas-octubre-2.jpg\" alt=\"\" width=\"240\" height=\"181\" \/><\/a><\/b><\/i><\/span><\/span><\/li>\n<li><span style=\"font-size:small;\"><i><b>Dia 27: <\/b><\/i><\/span><span style=\"font-size:small;\">en<\/span><i><b> <\/b><\/i><span style=\"font-size:small;\">Zarzuela de Galve,<\/span><a href=\"https:\/\/blog.laveredadepuebla.com\/2014\/12\/24\/castanos-en-la-sierra-norte\/\"><span style=\"font-size:small;\"><i><b> V edici\u00f3n Toma Casta\u00f1a<\/b><\/i><\/span><\/a><\/li>\n<li><span style=\"font-size:small;\"><i><b>D\u00eda 27: <\/b><\/i><\/span><span style=\"font-size:small;\">la <\/span><a href=\"https:\/\/laveredadepuebla.wordpress.com\/?p=20489&amp;preview=true\"><span style=\"font-size:small;\"><i><b>carrera del Cabro <\/b><\/i><\/span><\/a><span style=\"font-size:small;\">en <\/span><span style=\"color:#7e0021;\"><span style=\"font-size:small;\"><i><b>Membrilera<\/b><\/i><\/span><\/span><\/li>\n<\/ul>\n<p><span style=\"font-size:small;\">Si a estos sumas los maravillosos contrastes de color que aqu\u00ed se acent\u00faan en el oto\u00f1o, argumentos no te faltan para venir a estas tierras<\/span><span style=\"font-size:small;\"><i><b>. <\/b><\/i><\/span><span style=\"font-size:small;\">D<\/span><span style=\"font-size:small;\">escubrir\u00e1s por qu\u00e9 es<\/span><i><b> <\/b><\/i><a href=\"http:\/\/www.sierranortedeguadalajara.com\"><span style=\"color:#000000;\"><span style=\"font-size:small;\"><i><b>un para\u00edso a tu alcance. <\/b><\/i><\/span><\/span><\/a><\/p>\n<p align=\"JUSTIFY\"><i><b>Lar-ami<\/b><\/i><\/p>\n","protected":false},"excerpt":{"rendered":"<p>Los comienzos del oto\u00f1o siempre fueron celebrados en la Sierra Norte de Guadalajara. Han surgido nuevos eventos que est\u00e1n adquiriendo solera y ya resultan imprescindibles. Sean estos las fiestas m\u00e1s significativas (si faltase alguna agradecemos que lo indiqu\u00e9is): D\u00eda 6 y 7: en Robledo de Corpes, fiestas de la Virgen del Rosario D\u00eda 6: Mercadillo &hellip; <\/p>\n<p class=\"link-more\"><a href=\"https:\/\/blog.sierranortedeguadalajara.com\/?p=20498\" class=\"more-link\">Seguir leyendo<span class=\"screen-reader-text\"> \u00abOctubre 2018:  fiestas y eventos en la Sierra Norte\u00bb<\/span><\/a><\/p>\n","protected":false},"author":1,"featured_media":0,"comment_status":"open","ping_status":"open","sticky":false,"template":"","format":"standard","meta":{"footnotes":""},"categories":[12,42,15],"tags":[2,100,4,14,5,10],"class_list":["post-20498","post","type-post","status-publish","format-standard","hentry","category-actualidad","category-fiestas-y-eventos","category-rincones-de-guadalajara","tag-actualidad","tag-costumbres-y-tradiciones","tag-cultura","tag-hijos-de-la-tierra","tag-historia","tag-sierra-norte","entry"],"_links":{"self":[{"href":"https:\/\/blog.sierranortedeguadalajara.com\/index.php?rest_route=\/wp\/v2\/posts\/20498","targetHints":{"allow":["GET"]}}],"collection":[{"href":"https:\/\/blog.sierranortedeguadalajara.com\/index.php?rest_route=\/wp\/v2\/posts"}],"about":[{"href":"https:\/\/blog.sierranortedeguadalajara.com\/index.php?rest_route=\/wp\/v2\/types\/post"}],"author":[{"embeddable":true,"href":"https:\/\/blog.sierranortedeguadalajara.com\/index.php?rest_route=\/wp\/v2\/users\/1"}],"replies":[{"embeddable":true,"href":"https:\/\/blog.sierranortedeguadalajara.com\/index.php?rest_route=%2Fwp%2Fv2%2Fcomments&post=20498"}],"version-history":[{"count":1,"href":"https:\/\/blog.sierranortedeguadalajara.com\/index.php?rest_route=\/wp\/v2\/posts\/20498\/revisions"}],"predecessor-version":[{"id":25869,"href":"https:\/\/blog.sierranortedeguadalajara.com\/index.php?rest_route=\/wp\/v2\/posts\/20498\/revisions\/25869"}],"wp:attachment":[{"href":"https:\/\/blog.sierranortedeguadalajara.com\/index.php?rest_route=%2Fwp%2Fv2%2Fmedia&parent=20498"}],"wp:term":[{"taxonomy":"category","embeddable":true,"href":"https:\/\/blog.sierranortedeguadalajara.com\/index.php?rest_route=%2Fwp%2Fv2%2Fcategories&post=20498"},{"taxonomy":"post_tag","embeddable":true,"href":"https:\/\/blog.sierranortedeguadalajara.com\/index.php?rest_route=%2Fwp%2Fv2%2Ftags&post=20498"}],"curies":[{"name":"wp","href":"https:\/\/api.w.org\/{rel}","templated":true}]}}