{"id":20433,"date":"2018-08-30T06:15:24","date_gmt":"2018-08-30T04:15:24","guid":{"rendered":"http:\/\/blog.laveredadepuebla.com\/?p=20433"},"modified":"2023-02-10T12:09:33","modified_gmt":"2023-02-10T12:09:33","slug":"septiembre-2-018-fiestas-y-eventos-en-la-sierra-norte-de-guadalajara","status":"publish","type":"post","link":"https:\/\/blog.sierranortedeguadalajara.com\/?p=20433","title":{"rendered":"Septiembre 2.018, fiestas y eventos en la Sierra Norte de Guadalajara"},"content":{"rendered":"<p><span style=\"font-size:small;\">Este era mes de romer\u00edas y vendimia <\/span><span style=\"font-size:small;\"><i>(como indican los <\/i><\/span><span style=\"color:#7e0021;\"><span style=\"font-size:small;\"><i><b>mensarios de Bele\u00f1a y Campis\u00e1balos<\/b><\/i><\/span><\/span><span style=\"font-size:small;\"><i>) <\/i><\/span><span style=\"font-size:small;\">en la<\/span><i> <\/i><a href=\"https:\/\/blog.laveredadepuebla.com\/2016\/05\/10\/el-mapa-de-la-sierra-norte\/\"><span style=\"font-size:small;\"><i><b>Sierra Norte de Guadalajara<\/b><\/i><\/span><\/a><span style=\"font-size:small;\"><i>.<\/i><\/span><span style=\"font-size:small;\"> Salvo en <\/span><span style=\"color:#7e0021;\"><span style=\"font-size:small;\"><i><b>Cogolludo y La Toba<\/b><\/i><\/span><\/span><span style=\"font-size:small;\"> la vendimia ya solo es un recuerdo, pero quedan las fiestas, complementadas con eventos interesantes <\/span><span style=\"font-size:small;\"><i>(si faltase alguno agradecemos que lo indiqu\u00e9is).\u00a0 <\/i>Ven a conocerla Sierra Norte,<i><a href=\"http:\/\/www.sierranortedeguadalajara.com\"><b> \u00a1un para\u00edso al alcance de todos!<\/b><\/a><br \/>\n<\/i><\/span><\/p>\n<ul>\n<li><span style=\"font-size:small;\"><i><b>D\u00eda 1: <\/b><\/i><\/span> <a href=\"https:\/\/blog.laveredadepuebla.com\/2015\/09\/16\/la-romeria-del-alto-rey\/\"><span style=\"font-size:small;\"><i><b>Romer\u00eda del Santo de Altorey<\/b><\/i><\/span><\/a><span style=\"font-size:small;\"><br \/>\n<\/span><\/li>\n<li><span style=\"font-size:small;\"><i><b>2: <\/b><\/i><\/span><span style=\"color:#7e0021;\"><span style=\"font-size:small;\"><i><b>Marcha Cicloturista los 100 del Altorey <\/b><\/i><\/span><\/span><span style=\"font-size:small;\"><i>(IV edici\u00f3n)<\/i><\/span><span style=\"font-size:small;\"> desde Hiendelaencina<a href=\"https:\/\/laveredadepuebla.files.wordpress.com\/2018\/08\/180831-fiestas-septiembre.jpg\"><img loading=\"lazy\" decoding=\"async\" class=\"alignright size-medium wp-image-20434\" src=\"https:\/\/blog.sierranortedeguadalajara.com\/wp-content\/uploads\/2023\/02\/180831-fiestas-septiembre.jpg\" alt=\"\" width=\"212\" height=\"300\" \/><\/a><\/span><\/li>\n<li><span style=\"font-size:small;\"><i><b>1 y 2: <\/b><\/i><\/span><span style=\"font-size:small;\">Fiesta del Santo Ni\u00f1o y danzantes de<\/span><span style=\"font-size:small;\"><i><b><a href=\"https:\/\/www.youtube.com\/watch?v=tyvgJwneAMY\"> Majaelrayo<\/a>.<\/b><\/i><\/span><\/li>\n<li><span style=\"font-size:small;\"><i><b>8: <\/b><\/i><\/span><span style=\"color:#7e0021;\"><span style=\"font-size:small;\"><i><b>Ca\u00f1amares<\/b><\/i><\/span><\/span><span style=\"font-size:small;\"><i><b>, <\/b><\/i><\/span><span style=\"font-size:small;\">procesi\u00f3n de la Natividad<\/span><i><b> <\/b><\/i><\/li>\n<li><span style=\"font-size:small;\"><i><b>9: <\/b><\/i><\/span><span style=\"font-size:small;\">Romer\u00eda de la <\/span><span style=\"color:#800000;\"><span style=\"font-size:small;\"><b>Virgen de los Enebrales<\/b><\/span><\/span><i><b> <\/b><\/i><span style=\"font-size:small;\">en Tamaj\u00f3n.<\/span><\/li>\n<li><span style=\"font-size:small;\"><i><b>9: <\/b><\/i><\/span><span style=\"color:#7e0021;\"><span style=\"font-size:small;\"><i><b>Santo Cristo<\/b><\/i><\/span><\/span><span style=\"font-size:small;\"> en Monasterio<\/span><\/li>\n<li><span style=\"font-size:small;\"><i><b>9:<\/b><\/i><\/span><span style=\"font-size:small;\"> Marcha al Santuario de la Virgen de la Salud en <\/span><span style=\"color:#7e0021;\"><span style=\"font-size:small;\"><i><b>Barbatona<\/b><\/i><\/span><\/span><\/li>\n<li><span style=\"font-size:small;\"><i><b>14: <\/b><\/i><\/span><span style=\"font-size:small;\"> Fiestas del Santo Cristo de la Cruz Acuestas en <\/span><span style=\"color:#800000;\"><span style=\"font-size:small;\"><b>Jadraque.<\/b><\/span><\/span><\/li>\n<li><span style=\"font-size:small;\"><i><b>14: <\/b><\/i><\/span><span style=\"font-size:small;\"> Fiestas patronales de <\/span><a href=\"https:\/\/blog.laveredadepuebla.com\/2016\/07\/29\/atienza\/\"><span style=\"font-size:small;\"><i><b>Atienza<\/b><\/i><\/span><\/a><\/li>\n<li><span style=\"font-size:small;\"><i><b>15 y 16: <\/b><\/i><\/span><span style=\"font-size:small;\">Fiestas de la Virgen del Buen Suceso en<\/span><i><b> <\/b><\/i><span style=\"color:#7e0021;\"><span style=\"font-size:small;\"><b>Zarzuela de Galve<\/b><\/span><\/span><\/li>\n<li><span style=\"font-size:small;\"><i><b>16: <\/b><\/i><\/span><span style=\"font-size:small;\"> Romer\u00eda de la Virgen del Val en <\/span><span style=\"color:#800000;\"><span style=\"font-size:small;\"><b>Cogolludo<\/b><\/span><\/span><\/li>\n<li><span style=\"font-size:small;\"><i><b>29: <\/b><\/i><\/span><span style=\"font-size:small;\">Chocolate de San Miguel en <\/span><a href=\"https:\/\/blog.laveredadepuebla.com\/2016\/06\/14\/mi-puebla-de-valles\/\"><span style=\"font-size:small;\"><i><b>Puebla de Valles<\/b><\/i><\/span><\/a><\/li>\n<li><span style=\"font-size:small;\"><i><b>29: <\/b><\/i><\/span><span style=\"font-size:small;\">Fiestas de San Miguel en <\/span><span style=\"color:#7e0021;\"><span style=\"font-size:small;\"><i><b>Cogolludo<\/b><\/i><\/span><\/span><\/li>\n<\/ul>\n<p><i><b>Lar-ami<\/b><\/i><\/p>\n","protected":false},"excerpt":{"rendered":"<p>Este era mes de romer\u00edas y vendimia (como indican los mensarios de Bele\u00f1a y Campis\u00e1balos) en la Sierra Norte de Guadalajara. Salvo en Cogolludo y La Toba la vendimia ya solo es un recuerdo, pero quedan las fiestas, complementadas con eventos interesantes (si faltase alguno agradecemos que lo indiqu\u00e9is).\u00a0 Ven a conocerla Sierra Norte, \u00a1un &hellip; <\/p>\n<p class=\"link-more\"><a href=\"https:\/\/blog.sierranortedeguadalajara.com\/?p=20433\" class=\"more-link\">Seguir leyendo<span class=\"screen-reader-text\"> \u00abSeptiembre 2.018, fiestas y eventos en la Sierra Norte de Guadalajara\u00bb<\/span><\/a><\/p>\n","protected":false},"author":1,"featured_media":0,"comment_status":"open","ping_status":"open","sticky":false,"template":"","format":"standard","meta":{"footnotes":""},"categories":[12,42,6,15],"tags":[2,100,4,5,10],"class_list":["post-20433","post","type-post","status-publish","format-standard","hentry","category-actualidad","category-fiestas-y-eventos","category-mundo-rural","category-rincones-de-guadalajara","tag-actualidad","tag-costumbres-y-tradiciones","tag-cultura","tag-historia","tag-sierra-norte","entry"],"_links":{"self":[{"href":"https:\/\/blog.sierranortedeguadalajara.com\/index.php?rest_route=\/wp\/v2\/posts\/20433","targetHints":{"allow":["GET"]}}],"collection":[{"href":"https:\/\/blog.sierranortedeguadalajara.com\/index.php?rest_route=\/wp\/v2\/posts"}],"about":[{"href":"https:\/\/blog.sierranortedeguadalajara.com\/index.php?rest_route=\/wp\/v2\/types\/post"}],"author":[{"embeddable":true,"href":"https:\/\/blog.sierranortedeguadalajara.com\/index.php?rest_route=\/wp\/v2\/users\/1"}],"replies":[{"embeddable":true,"href":"https:\/\/blog.sierranortedeguadalajara.com\/index.php?rest_route=%2Fwp%2Fv2%2Fcomments&post=20433"}],"version-history":[{"count":1,"href":"https:\/\/blog.sierranortedeguadalajara.com\/index.php?rest_route=\/wp\/v2\/posts\/20433\/revisions"}],"predecessor-version":[{"id":25897,"href":"https:\/\/blog.sierranortedeguadalajara.com\/index.php?rest_route=\/wp\/v2\/posts\/20433\/revisions\/25897"}],"wp:attachment":[{"href":"https:\/\/blog.sierranortedeguadalajara.com\/index.php?rest_route=%2Fwp%2Fv2%2Fmedia&parent=20433"}],"wp:term":[{"taxonomy":"category","embeddable":true,"href":"https:\/\/blog.sierranortedeguadalajara.com\/index.php?rest_route=%2Fwp%2Fv2%2Fcategories&post=20433"},{"taxonomy":"post_tag","embeddable":true,"href":"https:\/\/blog.sierranortedeguadalajara.com\/index.php?rest_route=%2Fwp%2Fv2%2Ftags&post=20433"}],"curies":[{"name":"wp","href":"https:\/\/api.w.org\/{rel}","templated":true}]}}