{"id":20277,"date":"2018-07-18T00:05:41","date_gmt":"2018-07-17T22:05:41","guid":{"rendered":"http:\/\/blog.laveredadepuebla.com\/?p=20277"},"modified":"2023-02-10T12:09:34","modified_gmt":"2023-02-10T12:09:34","slug":"retiendas-celebra-el-bicentenario-de-su-independencia","status":"publish","type":"post","link":"https:\/\/blog.sierranortedeguadalajara.com\/?p=20277","title":{"rendered":"Retiendas celebra el bicentenario de su independencia"},"content":{"rendered":"<p align=\"LEFT\"><span style=\"font-size:small;\">El 20 de julio de 1.818, hace 200 a\u00f1os, <span style=\"color:#800000;\"><b>\u201cel Comisionado Real D. Jos\u00e9 Riegas di\u00f3 posesi\u00f3n a la villa de Retiendas de jurisdicci\u00f3n en ella y en su t\u00e9rmino, con arreglo al Real Privilegio de Villazgo y Exenci\u00f3n\u201d, <\/b><\/span>seg\u00fan el<a href=\"http:\/\/es.calameo.com\/read\/002082604e62d848ebe6d\"><i><b> libro de actas <\/b><\/i><\/a>que se conserva. Los<span style=\"color:#800000;\"><em><strong> hijos de la tierra<\/strong><\/em><\/span> lo celebran con actividades historiadas y l\u00fadicas interesantes.<a href=\"https:\/\/blog.sierranortedeguadalajara.com\/wp-content\/uploads\/2023\/02\/180718-ind-retiendas.jpg\"><img loading=\"lazy\" decoding=\"async\" class=\"aligncenter size-full wp-image-20278\" src=\"https:\/\/blog.sierranortedeguadalajara.com\/wp-content\/uploads\/2023\/02\/180718-ind-retiendas.jpg\" alt=\"\" width=\"500\" height=\"650\" \/><\/a><\/span><span style=\"font-size:small;\">Conviene recordar que, aunque la segregaci\u00f3n de <\/span><a href=\"https:\/\/www.minube.com\/que_ver\/espana\/guadalajara\/retiendas\"><span style=\"font-size:small;\"><i><b>Retiendas <\/b><\/i><\/span><\/a><span style=\"font-size:small;\">no fue un acto exclusivo en la \u00e9poca <\/span><span style=\"font-size:small;\"><i>(al menos se conocen 5 casos similares),<\/i><\/span><span style=\"font-size:small;\"> ninguno conserva el libro manuscrito original, tan detallado que permite reconstruir los hechos fielmente. Desde la <\/span><a href=\"https:\/\/blog.laveredadepuebla.com\/2016\/05\/10\/el-mapa-de-la-sierra-norte\/\"><span style=\"font-size:small;\"><i><b>Sierra Norte de Guadalajara<\/b><\/i><\/span><\/a><span style=\"font-size:small;\"> nos unimos a esta celebraci\u00f3n y les felicitamos. <\/span><span style=\"color:#800000;\"><span style=\"font-size:small;\"><i><b>Por el hecho y por las actividades. <\/b><\/i><\/span><\/span><\/p>\n<p align=\"JUSTIFY\"><i><b>Lar-ami<\/b><\/i><\/p>\n","protected":false},"excerpt":{"rendered":"<p>El 20 de julio de 1.818, hace 200 a\u00f1os, \u201cel Comisionado Real D. Jos\u00e9 Riegas di\u00f3 posesi\u00f3n a la villa de Retiendas de jurisdicci\u00f3n en ella y en su t\u00e9rmino, con arreglo al Real Privilegio de Villazgo y Exenci\u00f3n\u201d, seg\u00fan el libro de actas que se conserva. Los hijos de la tierra lo celebran con &hellip; <\/p>\n<p class=\"link-more\"><a href=\"https:\/\/blog.sierranortedeguadalajara.com\/?p=20277\" class=\"more-link\">Seguir leyendo<span class=\"screen-reader-text\"> \u00abRetiendas celebra el bicentenario de su independencia\u00bb<\/span><\/a><\/p>\n","protected":false},"author":1,"featured_media":0,"comment_status":"open","ping_status":"open","sticky":false,"template":"","format":"standard","meta":{"footnotes":""},"categories":[12,42,17],"tags":[2,4,116,14,5,34,10],"class_list":["post-20277","post","type-post","status-publish","format-standard","hentry","category-actualidad","category-fiestas-y-eventos","category-paisajes-y-lugares-de-la-sierra-norte","tag-actualidad","tag-cultura","tag-fiesytas","tag-hijos-de-la-tierra","tag-historia","tag-retiendas","tag-sierra-norte","entry"],"_links":{"self":[{"href":"https:\/\/blog.sierranortedeguadalajara.com\/index.php?rest_route=\/wp\/v2\/posts\/20277","targetHints":{"allow":["GET"]}}],"collection":[{"href":"https:\/\/blog.sierranortedeguadalajara.com\/index.php?rest_route=\/wp\/v2\/posts"}],"about":[{"href":"https:\/\/blog.sierranortedeguadalajara.com\/index.php?rest_route=\/wp\/v2\/types\/post"}],"author":[{"embeddable":true,"href":"https:\/\/blog.sierranortedeguadalajara.com\/index.php?rest_route=\/wp\/v2\/users\/1"}],"replies":[{"embeddable":true,"href":"https:\/\/blog.sierranortedeguadalajara.com\/index.php?rest_route=%2Fwp%2Fv2%2Fcomments&post=20277"}],"version-history":[{"count":1,"href":"https:\/\/blog.sierranortedeguadalajara.com\/index.php?rest_route=\/wp\/v2\/posts\/20277\/revisions"}],"predecessor-version":[{"id":25949,"href":"https:\/\/blog.sierranortedeguadalajara.com\/index.php?rest_route=\/wp\/v2\/posts\/20277\/revisions\/25949"}],"wp:attachment":[{"href":"https:\/\/blog.sierranortedeguadalajara.com\/index.php?rest_route=%2Fwp%2Fv2%2Fmedia&parent=20277"}],"wp:term":[{"taxonomy":"category","embeddable":true,"href":"https:\/\/blog.sierranortedeguadalajara.com\/index.php?rest_route=%2Fwp%2Fv2%2Fcategories&post=20277"},{"taxonomy":"post_tag","embeddable":true,"href":"https:\/\/blog.sierranortedeguadalajara.com\/index.php?rest_route=%2Fwp%2Fv2%2Ftags&post=20277"}],"curies":[{"name":"wp","href":"https:\/\/api.w.org\/{rel}","templated":true}]}}