{"id":20261,"date":"2018-07-16T00:05:10","date_gmt":"2018-07-15T22:05:10","guid":{"rendered":"http:\/\/blog.laveredadepuebla.com\/?p=20261"},"modified":"2023-02-10T12:09:34","modified_gmt":"2023-02-10T12:09:34","slug":"puebla-de-valles-esta-guapa","status":"publish","type":"post","link":"https:\/\/blog.sierranortedeguadalajara.com\/?p=20261","title":{"rendered":"\u00a1Puebla de Valles est\u00e1 guapa!"},"content":{"rendered":"<p><span style=\"font-size:small;\">El efecto <\/span><span style=\"color:#7e0021;\"><span style=\"font-size:small;\"><i><b>\u201cprimavera y verano como los de antes\u201d <\/b><\/i><\/span><\/span><span style=\"color:#111111;\"><span style=\"font-size:small;\">tambi\u00e9n incide en <\/span><\/span><a href=\"https:\/\/blog.laveredadepuebla.com\/2015\/09\/23\/puebla-de-valles-y-sus-carcavas\/\"><span style=\"color:#111111;\"><span style=\"font-size:small;\"><i><b>Puebla de Valles,<\/b><\/i><\/span><\/span><\/a><span style=\"color:#111111;\"><span style=\"font-size:small;\"> que muestra su cara m\u00e1s hermosa.\u00a0 <\/span><\/span><span style=\"color:#111111;\"><span style=\"font-size:small;\">Los verdes, ocres y rojos se vuelven m\u00e1s intensos. Los contrastes de paisaje y de color se muestran m\u00e1s contundentes. <\/span><\/span><span style=\"font-size:small;\">Hasta el canto de los p\u00e1jaros resulta m\u00e1s alegre, quiz\u00e1s porque son m\u00e1s visibles. <\/span><\/p>\n<p><span style=\"font-size:small;\"><a href=\"https:\/\/laveredadepuebla.files.wordpress.com\/2018\/07\/180716-puebla-2.jpg\"><img loading=\"lazy\" decoding=\"async\" class=\"alignright wp-image-20263\" src=\"https:\/\/blog.sierranortedeguadalajara.com\/wp-content\/uploads\/2023\/02\/180716-puebla-2.jpg\" alt=\"\" width=\"240\" height=\"180\" \/><\/a><a href=\"https:\/\/laveredadepuebla.files.wordpress.com\/2018\/07\/180716-puebla-1.jpg\"><img loading=\"lazy\" decoding=\"async\" class=\"alignleft wp-image-20262\" src=\"https:\/\/blog.sierranortedeguadalajara.com\/wp-content\/uploads\/2023\/02\/180716-puebla-1.jpg\" alt=\"\" width=\"240\" height=\"180\" \/><\/a>Los anocheceres resultan embriagadores por los cambios constantes de color y de forma, que cada d\u00eda son diferentes. Resulta emocionante escuchar como se apaga el canto de los p\u00e1jaros y comienza el cric de los grillos. <\/span><\/p>\n<p align=\"LEFT\"><span style=\"font-size:small;\"><a href=\"https:\/\/laveredadepuebla.files.wordpress.com\/2018\/07\/180716-puebla-3.jpg\"><img loading=\"lazy\" decoding=\"async\" class=\"alignleft wp-image-20264\" src=\"https:\/\/blog.sierranortedeguadalajara.com\/wp-content\/uploads\/2023\/02\/180716-puebla-3.jpg\" alt=\"\" width=\"240\" height=\"180\" \/><\/a><a href=\"https:\/\/laveredadepuebla.files.wordpress.com\/2018\/07\/180716-puebla-4.jpg\"><img loading=\"lazy\" decoding=\"async\" class=\"alignright wp-image-20265\" src=\"https:\/\/blog.sierranortedeguadalajara.com\/wp-content\/uploads\/2023\/02\/180716-puebla-4.jpg\" alt=\"\" width=\"240\" height=\"180\" \/><\/a>Puebla est\u00e1 realmente guapa, como muestran estas im\u00e1genes tomadas el primer fin de semana de julio <\/span><span style=\"color:#7e0021;\"><span style=\"font-size:small;\"><i><b>(para que luego no se diga que nos mueve la pasi\u00f3n).<\/b><\/i><\/span><\/span><\/p>\n<p align=\"JUSTIFY\"><i><b>Lar-ami<\/b><\/i><\/p>\n","protected":false},"excerpt":{"rendered":"<p>El efecto \u201cprimavera y verano como los de antes\u201d tambi\u00e9n incide en Puebla de Valles, que muestra su cara m\u00e1s hermosa.\u00a0 Los verdes, ocres y rojos se vuelven m\u00e1s intensos. Los contrastes de paisaje y de color se muestran m\u00e1s contundentes. Hasta el canto de los p\u00e1jaros resulta m\u00e1s alegre, quiz\u00e1s porque son m\u00e1s visibles. &hellip; <\/p>\n<p class=\"link-more\"><a href=\"https:\/\/blog.sierranortedeguadalajara.com\/?p=20261\" class=\"more-link\">Seguir leyendo<span class=\"screen-reader-text\"> \u00ab\u00a1Puebla de Valles est\u00e1 guapa!\u00bb<\/span><\/a><\/p>\n","protected":false},"author":1,"featured_media":0,"comment_status":"open","ping_status":"open","sticky":false,"template":"","format":"standard","meta":{"footnotes":""},"categories":[12,17,15,9],"tags":[2,4,7,8,10],"class_list":["post-20261","post","type-post","status-publish","format-standard","hentry","category-actualidad","category-paisajes-y-lugares-de-la-sierra-norte","category-rincones-de-guadalajara","category-rincones-de-la-sierra-norte","tag-actualidad","tag-cultura","tag-naturaleza","tag-puebla-de-valles","tag-sierra-norte","entry"],"_links":{"self":[{"href":"https:\/\/blog.sierranortedeguadalajara.com\/index.php?rest_route=\/wp\/v2\/posts\/20261","targetHints":{"allow":["GET"]}}],"collection":[{"href":"https:\/\/blog.sierranortedeguadalajara.com\/index.php?rest_route=\/wp\/v2\/posts"}],"about":[{"href":"https:\/\/blog.sierranortedeguadalajara.com\/index.php?rest_route=\/wp\/v2\/types\/post"}],"author":[{"embeddable":true,"href":"https:\/\/blog.sierranortedeguadalajara.com\/index.php?rest_route=\/wp\/v2\/users\/1"}],"replies":[{"embeddable":true,"href":"https:\/\/blog.sierranortedeguadalajara.com\/index.php?rest_route=%2Fwp%2Fv2%2Fcomments&post=20261"}],"version-history":[{"count":1,"href":"https:\/\/blog.sierranortedeguadalajara.com\/index.php?rest_route=\/wp\/v2\/posts\/20261\/revisions"}],"predecessor-version":[{"id":25954,"href":"https:\/\/blog.sierranortedeguadalajara.com\/index.php?rest_route=\/wp\/v2\/posts\/20261\/revisions\/25954"}],"wp:attachment":[{"href":"https:\/\/blog.sierranortedeguadalajara.com\/index.php?rest_route=%2Fwp%2Fv2%2Fmedia&parent=20261"}],"wp:term":[{"taxonomy":"category","embeddable":true,"href":"https:\/\/blog.sierranortedeguadalajara.com\/index.php?rest_route=%2Fwp%2Fv2%2Fcategories&post=20261"},{"taxonomy":"post_tag","embeddable":true,"href":"https:\/\/blog.sierranortedeguadalajara.com\/index.php?rest_route=%2Fwp%2Fv2%2Ftags&post=20261"}],"curies":[{"name":"wp","href":"https:\/\/api.w.org\/{rel}","templated":true}]}}