{"id":20237,"date":"2018-07-13T00:05:08","date_gmt":"2018-07-12T22:05:08","guid":{"rendered":"http:\/\/blog.laveredadepuebla.com\/?p=20237"},"modified":"2023-02-10T12:09:34","modified_gmt":"2023-02-10T12:09:34","slug":"leyendas-y-curiosidades-de-bocigano","status":"publish","type":"post","link":"https:\/\/blog.sierranortedeguadalajara.com\/?p=20237","title":{"rendered":"Leyendas y curiosidades de Boc\u00edgano"},"content":{"rendered":"<p align=\"LEFT\"><span style=\"font-size:small;\">No nos referimos a las leyendas del <\/span><a href=\"https:\/\/blog.laveredadepuebla.com\/2017\/01\/20\/el-monasterio-de-santuy-en-la-edad-media\/\"><span style=\"font-size:small;\"><i><b>Monasterio de Santuy<\/b><\/i><\/span><\/a><span style=\"font-size:small;\">, del que ya solo queda el recuerdo, sino a otras recogidas en un <\/span><a href=\"https:\/\/bocigano.blogia.com\/\"><span style=\"font-size:small;\"><i><b>blog sobre este pueblo<\/b><\/i><\/span> <\/a><span style=\"font-size:small;\"><i>(que pudo ser libro, como reconoce su autor) <\/i><\/span><span style=\"font-size:small;\">y que merecen ser conocidas para que no caigan en el olvido:<\/span><\/p>\n<figure id=\"attachment_20238\" aria-describedby=\"caption-attachment-20238\" style=\"width: 300px\" class=\"wp-caption alignright\"><a href=\"http:\/\/guplazamayor.blogspot.com\/2009\/01\/bocgano.html\"><img loading=\"lazy\" decoding=\"async\" class=\"wp-image-20238 size-medium\" src=\"https:\/\/blog.sierranortedeguadalajara.com\/wp-content\/uploads\/2023\/02\/180709-leyendas-bocc3adgano-1.jpg\" alt=\"\" width=\"300\" height=\"208\" \/><\/a><figcaption id=\"caption-attachment-20238\" class=\"wp-caption-text\"><em><strong>Cortesia Jose Serrano Belinch\u00f3n<\/strong><\/em><\/figcaption><\/figure>\n<p align=\"LEFT\"><span style=\"font-size:small;\">Una leyenda cuenta que <span style=\"color:#800000;\"><strong>Boc\u00edgano fue fundado por los supervivientes de un envenenamiento masivo y casua<\/strong><\/span>l <\/span><span style=\"font-size:small;\"><i>(por una salamanquesa, que cay\u00f3 al caldero)<\/i><\/span><span style=\"font-size:small;\"> en un banquete de bodas de un lugar cercano. <\/span><span style=\"color:#000000;\"><span style=\"font-size:small;\"> Leyendas parecidas se repiten en la<\/span><\/span><i> <\/i><span style=\"color:#000000;\"><span style=\"font-size:small;\"><i><b><a href=\"https:\/\/blog.laveredadepuebla.com\/2016\/05\/10\/el-mapa-de-la-sierra-norte\/\">Sierra Norte de Guadalajara<\/a>,<\/b><\/i><\/span><\/span><i> <\/i><span style=\"color:#000000;\"><span style=\"font-size:small;\">como recogen <\/span><\/span><a href=\"https:\/\/aache.com\/alcarrians\/ranz_yubero.htm\"><span style=\"color:#000000;\"><span style=\"font-size:small;\"><i><b>Jos\u00e9 Antonio Ranz<\/b><\/i><\/span><\/span><i> <\/i><\/a><span style=\"color:#000000;\"><span style=\"font-size:small;\"><i><b>y <a href=\"http:\/\/aache.com\/jose-ramon-lopez-de-los-mozos\/\">Jose Ram\u00f3n Lopez de los Mozos <\/a><\/b><\/i><\/span><\/span><span style=\"color:#000000;\"><span style=\"font-size:small;\"><i>(q.e.p.d.)<\/i><\/span><\/span><i> <\/i><span style=\"color:#000000;\"><span style=\"font-size:small;\">en su libro<\/span><\/span><i> <\/i><a href=\"http:\/\/librosdeguadalajara.blogspot.com\/2012\/02\/despoblados-de-la-provincia-de.html\"><span style=\"color:#000000;\"><span style=\"font-size:small;\"><i><b>\u201cDespoblados de Guadalajara\u201d<\/b><\/i><\/span><\/span><b> <\/b><\/a><span style=\"color:#000000;\"><span style=\"font-size:small;\">con algunas variantes:<\/span><\/span><i> <\/i><span style=\"color:#800000;\"><span style=\"font-size:small;\"><i>sirven para explicar el abandono del lugar y el envenenamiento es intencionado. <\/i><\/span><\/span><\/p>\n<p align=\"LEFT\"><strong><span style=\"color:#800000;\"><span style=\"font-size:small;\"><i> Nosotros nos inclinamos a pensar que, como en otros casos,<\/i><\/span><\/span><i> <\/i><span style=\"color:#800000;\"><span style=\"font-size:small;\"><i>est\u00e1 leyenda enmascara una <\/i><\/span><\/span><span style=\"color:#800000;\"><span style=\"font-size:small;\"><i>epidemia de peste (muy frecuentes a partir de mediados del siglo XIV) que provoc\u00f3 la llegada de gentes de otros lugares. Otra hip\u00f3tesis plausible es que con el auge de La Mesta, la trashumancia requer\u00eda nuevos pastos y se fundaban poblados de temporada que acabaron siendo permanentes.<\/i><\/span><\/span><\/strong><\/p>\n<ul>\n<li>\n<figure id=\"attachment_20239\" aria-describedby=\"caption-attachment-20239\" style=\"width: 300px\" class=\"wp-caption alignleft\"><a href=\"http:\/\/cronicaparda.blogspot.com\/2014\/10\/el-bocigano-la-muerte-del-albarquero.html\"><img loading=\"lazy\" decoding=\"async\" class=\"wp-image-20239 size-medium\" src=\"https:\/\/blog.sierranortedeguadalajara.com\/wp-content\/uploads\/2023\/02\/180711-leyendas-bocigano-2.jpg\" alt=\"\" width=\"300\" height=\"200\" \/><\/a><figcaption id=\"caption-attachment-20239\" class=\"wp-caption-text\"><em><strong>Cortesia Tom\u00e1s Gismera<\/strong><\/em><\/figcaption><\/figure>\n<p><span style=\"color:#000000;\"><span style=\"font-size:small;\">El monta\u00f1ero Jes\u00fas Garcia Perdices recogi\u00f3 en los a\u00f1os 70 esta historia:<\/span><\/span><i> <\/i><span style=\"color:#800000;\"><span style=\"font-size:small;\"><i>soldados polacos del ej\u00e9rcito franc\u00e9s desertaron en la Guerra de Independencia. Al pasar por Buitrago de Lozoya, huyeron atravesando la Sierra de Ayll\u00f3n, llegando a Boc\u00edgano, donde se asentaron y rehicieron sus vidas.<\/i><\/span><\/span><span style=\"color:#000000;\"><span style=\"font-size:small;\"> Dicen que este es el posible origen de algunos apellidos curiosos del pueblo.<\/span><\/span><\/li>\n<li><span style=\"color:#000000;\"><span style=\"font-size:small;\">En 1.998, Bocigano apareci\u00f3 en la prensa <\/span><\/span><a href=\"https:\/\/elpais.com\/tag\/fecha\/19980129\"><span style=\"color:#000000;\"><span style=\"font-size:small;\"><i><b>(El Pais, 29 enero)<\/b><\/i><\/span><\/span><\/a><span style=\"color:#000000;\"><span style=\"font-size:small;\"> debido al rescate de dos monta\u00f1eros madrile\u00f1os que se extraviaron cuando bajaban del Pico del Lobo y estuvieron perdidos 3 d\u00edas <\/span><\/span><\/li>\n<\/ul>\n<p align=\"JUSTIFY\"><i><b>Lar-ami<\/b><\/i><\/p>\n","protected":false},"excerpt":{"rendered":"<p>No nos referimos a las leyendas del Monasterio de Santuy, del que ya solo queda el recuerdo, sino a otras recogidas en un blog sobre este pueblo (que pudo ser libro, como reconoce su autor) y que merecen ser conocidas para que no caigan en el olvido: Una leyenda cuenta que Boc\u00edgano fue fundado por &hellip; <\/p>\n<p class=\"link-more\"><a href=\"https:\/\/blog.sierranortedeguadalajara.com\/?p=20237\" class=\"more-link\">Seguir leyendo<span class=\"screen-reader-text\"> \u00abLeyendas y curiosidades de Boc\u00edgano\u00bb<\/span><\/a><\/p>\n","protected":false},"author":1,"featured_media":0,"comment_status":"open","ping_status":"open","sticky":false,"template":"","format":"standard","meta":{"footnotes":""},"categories":[12,3,6,15],"tags":[2,4,25,7,10,16],"class_list":["post-20237","post","type-post","status-publish","format-standard","hentry","category-actualidad","category-costumbres-y-tradiciones","category-mundo-rural","category-rincones-de-guadalajara","tag-actualidad","tag-cultura","tag-leyendas","tag-naturaleza","tag-sierra-norte","tag-tradiciones","entry"],"_links":{"self":[{"href":"https:\/\/blog.sierranortedeguadalajara.com\/index.php?rest_route=\/wp\/v2\/posts\/20237","targetHints":{"allow":["GET"]}}],"collection":[{"href":"https:\/\/blog.sierranortedeguadalajara.com\/index.php?rest_route=\/wp\/v2\/posts"}],"about":[{"href":"https:\/\/blog.sierranortedeguadalajara.com\/index.php?rest_route=\/wp\/v2\/types\/post"}],"author":[{"embeddable":true,"href":"https:\/\/blog.sierranortedeguadalajara.com\/index.php?rest_route=\/wp\/v2\/users\/1"}],"replies":[{"embeddable":true,"href":"https:\/\/blog.sierranortedeguadalajara.com\/index.php?rest_route=%2Fwp%2Fv2%2Fcomments&post=20237"}],"version-history":[{"count":1,"href":"https:\/\/blog.sierranortedeguadalajara.com\/index.php?rest_route=\/wp\/v2\/posts\/20237\/revisions"}],"predecessor-version":[{"id":25957,"href":"https:\/\/blog.sierranortedeguadalajara.com\/index.php?rest_route=\/wp\/v2\/posts\/20237\/revisions\/25957"}],"wp:attachment":[{"href":"https:\/\/blog.sierranortedeguadalajara.com\/index.php?rest_route=%2Fwp%2Fv2%2Fmedia&parent=20237"}],"wp:term":[{"taxonomy":"category","embeddable":true,"href":"https:\/\/blog.sierranortedeguadalajara.com\/index.php?rest_route=%2Fwp%2Fv2%2Fcategories&post=20237"},{"taxonomy":"post_tag","embeddable":true,"href":"https:\/\/blog.sierranortedeguadalajara.com\/index.php?rest_route=%2Fwp%2Fv2%2Ftags&post=20237"}],"curies":[{"name":"wp","href":"https:\/\/api.w.org\/{rel}","templated":true}]}}