{"id":20226,"date":"2018-07-04T00:05:23","date_gmt":"2018-07-03T22:05:23","guid":{"rendered":"http:\/\/blog.laveredadepuebla.com\/?p=20226"},"modified":"2023-02-10T12:09:34","modified_gmt":"2023-02-10T12:09:34","slug":"bocigano","status":"publish","type":"post","link":"https:\/\/blog.sierranortedeguadalajara.com\/?p=20226","title":{"rendered":"Boc\u00edgano"},"content":{"rendered":"<p align=\"LEFT\"><span style=\"font-size:small;\">Este hermoso lugar de la <\/span><a href=\"https:\/\/blog.laveredadepuebla.com\/2016\/05\/10\/el-mapa-de-la-sierra-norte\/\"><span style=\"font-size:small;\"><i><b>Sierra Norte de Guadalajara<\/b><\/i><\/span><\/a><span style=\"font-size:small;\"> pertenece a <\/span><a href=\"http:\/\/www.cardosodelasierra.com\/\"><span style=\"font-size:small;\"><i><b>El Cardoso de la Sierra<\/b><\/i><\/span><\/a><span style=\"font-size:small;\"> y es famoso por <\/span><a href=\"http:\/\/biblioteca2.uclm.es\/biblioteca\/CECLM\/ARTREVISTAS\/Wad\/wad08LopezDescripcion.pdf\"><span style=\"font-size:small;\"><i><b>\u201cLa Machada\u201d <\/b><\/i><\/span><\/a><span style=\"font-size:small;\">fiesta ancestral de origen pastoril que se celebra en agosto<\/span><span style=\"font-size:small;\"><i><b>. <\/b><\/i><\/span><span style=\"color:#800000;\"><span style=\"font-size:small;\"><i><b>Tierra de bueyes<\/b><\/i><\/span><\/span><i><b> <\/b><\/i><span style=\"font-size:small;\"><i>(eso significa Boc\u00edgano)<\/i><\/span><i><b> <\/b><\/i><span style=\"font-size:small;\">tambi\u00e9n<\/span><i><b> <\/b><\/i><span style=\"font-size:small;\">es conocido por el<\/span> <a href=\"https:\/\/blog.laveredadepuebla.com\/2017\/01\/09\/santuy-un-pico-singular-de-la-sierra-norte-de-guadalajara\/\"><span style=\"font-size:small;\"><i><b>Pico Santuy<\/b><\/i><\/span><\/a><span style=\"font-size:small;\"> y el <\/span><a href=\"https:\/\/blog.laveredadepuebla.com\/2017\/01\/18\/el-monasterio-de-santuy-los-origenes\/\"><span style=\"font-size:small;\"><i><b>monasterio<\/b><\/i><\/span><\/a><span style=\"font-size:small;\"> que estuvo situado en su falda.\u00a0 <\/span><a href=\"https:\/\/bocigano.blogia.com\/\"><span style=\"font-size:small;\"><i><b>Un libro delicioso (on-line) <\/b><\/i><\/span><\/a><span style=\"font-size:small;\">recopila datos del pueblo con aportaciones muy interesantes:<\/span><\/p>\n<ul>\n<li><span style=\"font-size:small;\">Aqui nacen Jarama, Jaramilla y Bebellido <\/span><span style=\"font-size:small;\"><i>(las mejores truchas de la sierra)<\/i><\/span><\/li>\n<li><span style=\"font-size:small;\">Altitud media de sus monta\u00f1as &gt; 1.500 mts, con <\/span><span style=\"color:#800000;\"><span style=\"font-size:small;\"><b>el Roc\u00edn <\/b><span style=\"color:#000000;\">de <\/span><\/span><\/span><span style=\"font-size:small;\"><i>2.049 mts.<\/i><\/span><\/li>\n<li><span style=\"font-size:small;\">Seg\u00fan parece, su origen podr\u00eda remontarse a la repoblaci\u00f3n posterior a la Reconquista <\/span><span style=\"font-size:small;\"><i>(siglo XII)<\/i><\/span><span style=\"font-size:small;\"> como poblado de pastores.<\/span><\/li>\n<li><span style=\"color:#000000;\"><span style=\"font-size:small;\">Aparece por primera vez en las <\/span><\/span><span style=\"color:#7e0021;\"><span style=\"font-size:small;\"><b>\u201cContadur\u00edas Generales de Castilla\u201d <\/b><\/span><\/span><span style=\"color:#000000;\"><span style=\"font-size:small;\">de 1.530.<a href=\"https:\/\/laveredadepuebla.files.wordpress.com\/2018\/06\/180704-bocc3adgano.jpg\"><img loading=\"lazy\" decoding=\"async\" class=\"alignright size-medium wp-image-20227\" src=\"https:\/\/blog.sierranortedeguadalajara.com\/wp-content\/uploads\/2023\/02\/180704-bocc3adgano.jpg\" alt=\"\" width=\"300\" height=\"189\" \/><\/a><\/span><\/span><\/li>\n<li><span style=\"color:#000000;\"><span style=\"font-size:small;\">En el <\/span><\/span><a href=\"https:\/\/blog.laveredadepuebla.com\/2013\/06\/28\/el-catastro-del-marques-de-la-ensenada\/\"><span style=\"color:#000000;\"><span style=\"font-size:small;\"><i><b>Catastro del Marques de la Ensenada<\/b><\/i><\/span><\/span> <\/a><span style=\"color:#000000;\"><span style=\"font-size:small;\"><i>(1.750)<\/i><\/span><\/span><span style=\"color:#000000;\"><span style=\"font-size:small;\"> se evidencia que hab\u00eda muchos <\/span><\/span><span style=\"color:#7e0021;\"><span style=\"font-size:small;\"><b>hijos tardanos<\/b><\/span><\/span> <span style=\"color:#000000;\"><span style=\"font-size:small;\"><i>(de padres mayores)<\/i><\/span><\/span><span style=\"color:#000000;\"><span style=\"font-size:small;\"> que el autor achaca a errores en la toma de datos, aunque quiz\u00e1s se deba a la trashumancia <\/span><\/span><span style=\"color:#000000;\"><span style=\"font-size:small;\"><i>(los j\u00f3venes se pasaban la mayor parte del a\u00f1o pastoreando el ganado en la monta\u00f1a)<\/i><\/span><\/span><\/li>\n<li><span style=\"color:#000000;\"><span style=\"font-size:small;\">A mediados del siglo XVIII la mayor\u00eda de los habitantes del lugar sab\u00edan leer y escribir, cuando el analfabetismo de la Sierra siempre fue muy alto.<\/span><\/span><\/li>\n<li><span style=\"color:#000000;\"><span style=\"font-size:small;\">L<\/span><\/span><span style=\"color:#7e0021;\"><span style=\"font-size:small;\"><b>a fiesta de Los Pedros<\/b><\/span><\/span><span style=\"color:#000000;\"><span style=\"font-size:small;\">, que se celebraba por San Ant\u00f3n, resulta peculiar. Grupos de mozas casaderas persegu\u00edan a los mozos para mantearlos; luego eran los mozos los que realizaban el manteo a la moza que pillaban desprevenida.<\/span><\/span><\/li>\n<\/ul>\n<p><span style=\"color:#000000;\"><span style=\"font-size:small;\">Ahora si que no tienes excusa para no venir a este<\/span><\/span><span style=\"color:#800000;\"><span style=\"font-size:small;\"><i><b> maravilloso rinc\u00f3n de la Sierra Norte.<\/b><\/i><\/span><\/span><\/p>\n<p align=\"JUSTIFY\"><i><b>Lar-ami<\/b><\/i><\/p>\n","protected":false},"excerpt":{"rendered":"<p>Este hermoso lugar de la Sierra Norte de Guadalajara pertenece a El Cardoso de la Sierra y es famoso por \u201cLa Machada\u201d fiesta ancestral de origen pastoril que se celebra en agosto. Tierra de bueyes (eso significa Boc\u00edgano) tambi\u00e9n es conocido por el Pico Santuy y el monasterio que estuvo situado en su falda.\u00a0 Un &hellip; <\/p>\n<p class=\"link-more\"><a href=\"https:\/\/blog.sierranortedeguadalajara.com\/?p=20226\" class=\"more-link\">Seguir leyendo<span class=\"screen-reader-text\"> \u00abBoc\u00edgano\u00bb<\/span><\/a><\/p>\n","protected":false},"author":1,"featured_media":0,"comment_status":"open","ping_status":"open","sticky":false,"template":"","format":"standard","meta":{"footnotes":""},"categories":[12,3,17,15],"tags":[2,4,14,7,10],"class_list":["post-20226","post","type-post","status-publish","format-standard","hentry","category-actualidad","category-costumbres-y-tradiciones","category-paisajes-y-lugares-de-la-sierra-norte","category-rincones-de-guadalajara","tag-actualidad","tag-cultura","tag-hijos-de-la-tierra","tag-naturaleza","tag-sierra-norte","entry"],"_links":{"self":[{"href":"https:\/\/blog.sierranortedeguadalajara.com\/index.php?rest_route=\/wp\/v2\/posts\/20226","targetHints":{"allow":["GET"]}}],"collection":[{"href":"https:\/\/blog.sierranortedeguadalajara.com\/index.php?rest_route=\/wp\/v2\/posts"}],"about":[{"href":"https:\/\/blog.sierranortedeguadalajara.com\/index.php?rest_route=\/wp\/v2\/types\/post"}],"author":[{"embeddable":true,"href":"https:\/\/blog.sierranortedeguadalajara.com\/index.php?rest_route=\/wp\/v2\/users\/1"}],"replies":[{"embeddable":true,"href":"https:\/\/blog.sierranortedeguadalajara.com\/index.php?rest_route=%2Fwp%2Fv2%2Fcomments&post=20226"}],"version-history":[{"count":1,"href":"https:\/\/blog.sierranortedeguadalajara.com\/index.php?rest_route=\/wp\/v2\/posts\/20226\/revisions"}],"predecessor-version":[{"id":25971,"href":"https:\/\/blog.sierranortedeguadalajara.com\/index.php?rest_route=\/wp\/v2\/posts\/20226\/revisions\/25971"}],"wp:attachment":[{"href":"https:\/\/blog.sierranortedeguadalajara.com\/index.php?rest_route=%2Fwp%2Fv2%2Fmedia&parent=20226"}],"wp:term":[{"taxonomy":"category","embeddable":true,"href":"https:\/\/blog.sierranortedeguadalajara.com\/index.php?rest_route=%2Fwp%2Fv2%2Fcategories&post=20226"},{"taxonomy":"post_tag","embeddable":true,"href":"https:\/\/blog.sierranortedeguadalajara.com\/index.php?rest_route=%2Fwp%2Fv2%2Ftags&post=20226"}],"curies":[{"name":"wp","href":"https:\/\/api.w.org\/{rel}","templated":true}]}}