{"id":20212,"date":"2018-07-02T00:06:24","date_gmt":"2018-07-01T22:06:24","guid":{"rendered":"http:\/\/blog.laveredadepuebla.com\/?p=20212"},"modified":"2023-02-10T12:09:34","modified_gmt":"2023-02-10T12:09:34","slug":"2-018-y-las-fiestas-de-julio-en-la-sierra-norte-de-guadalajara","status":"publish","type":"post","link":"https:\/\/blog.sierranortedeguadalajara.com\/?p=20212","title":{"rendered":"2.018 y las fiestas de julio en la Sierra Norte de Guadalajara"},"content":{"rendered":"<p><span style=\"font-size:small;\">Julio es el mes de la siega, de los huertos y de las labores agr\u00edcolas m\u00e1s duras en la <\/span><a href=\"https:\/\/blog.laveredadepuebla.com\/2016\/05\/10\/el-mapa-de-la-sierra-norte\/\"><span style=\"font-size:small;\"><i><b>Sierra Norte de Guadalajara<\/b><\/i><\/span><\/a><span style=\"font-size:small;\">. Los d\u00edas son m\u00e1s largos y se aprovechan a tope. Se nota por la escasez de fiestas tradicionales. <\/span><\/p>\n<p><span style=\"font-size:small;\"><a href=\"https:\/\/laveredadepuebla.files.wordpress.com\/2018\/06\/180702-fiestas-julio.jpg\"><img loading=\"lazy\" decoding=\"async\" class=\"alignright wp-image-20213\" src=\"https:\/\/blog.sierranortedeguadalajara.com\/wp-content\/uploads\/2023\/02\/180702-fiestas-julio.jpg\" alt=\"\" width=\"300\" height=\"200\" \/><\/a>Pero en la sociedad actual, julio es verano y vacaciones; los ni\u00f1os ya no tienen cole y los abuelos vuelven a su pueblo, que se llena de vida. Por ello, adem\u00e1s de las deliciosas <span style=\"color:#800000;\"><strong>tertulias nocturnas en las plazas<\/strong><\/span>, han surgido eventos que completan un calendario muy atractivo <\/span><span style=\"font-size:small;\"><i>(si faltase alguno agradecemos que lo indiqu\u00e9is).<\/i><\/span><\/p>\n<ul>\n<li><span style=\"font-size:small;\"><i><b>1 <\/b><\/i><\/span><span style=\"font-size:small;\">Fiestas de San Pedro en<\/span><a href=\"http:\/\/www.robleluengo.es\/fiestassanpedro.html\"><span style=\"font-size:small;\"><i><b> Robleluengo<\/b><\/i><\/span><\/a><\/li>\n<li><span style=\"font-size:small;\"><i><b>7-8 <\/b><\/i><\/span><span style=\"font-size:small;\">Jornadas medievales en <\/span><span style=\"font-size:small;\"><i><b><a href=\"http:\/\/www.asociacionmedievalseguntina.es\/\">Sig\u00fcenza<\/a>.<\/b><\/i><\/span><\/li>\n<li><span style=\"font-size:small;\"><i><b>10<\/b><\/i><\/span><b> <\/b><span style=\"font-size:small;\">Fiesta de San Crist\u00f3bal en<\/span> <a href=\"http:\/\/www.jadraque.org\/\"><span style=\"color:#000000;\"><span style=\"font-size:small;\"><i><b>Jadraque<\/b><\/i><\/span><\/span><\/a><\/li>\n<li><strong><em>14 julio: <\/em><\/strong>poemas en danza en <span style=\"color:#800000;\"><strong><em>Arbanc\u00f3n<a href=\"https:\/\/laveredadepuebla.files.wordpress.com\/2018\/07\/arbancon-jul-18.jpg\"><img loading=\"lazy\" decoding=\"async\" class=\"alignleft size-medium wp-image-20243\" src=\"https:\/\/blog.sierranortedeguadalajara.com\/wp-content\/uploads\/2023\/02\/arbancon-jul-18.jpg\" alt=\"\" width=\"212\" height=\"300\" \/><\/a><\/em><\/strong><\/span><\/li>\n<li><span style=\"font-size:small;\"><i><b>21-22 <\/b><\/i><\/span><span style=\"font-size:small;\">Fiestas patronales en Campillejo<\/span><\/li>\n<li><span style=\"color:#000000;\"><span style=\"font-size:small;\"><i><b>28 <a href=\"http:\/\/www.triatlonpalmaces.es\/\">XXV Triatl\u00f3n de P\u00e1lmaces<\/a><\/b><\/i><\/span><\/span><span style=\"color:#000000;\"><span style=\"font-size:small;\">, en <\/span><\/span><a href=\"http:\/\/www.palmaces.com\"><span style=\"color:#000000;\"><span style=\"font-size:small;\"><i><b>P\u00e1lmaces de Jadraque<\/b><\/i><\/span><\/span><\/a><\/li>\n<li><span style=\"color:#000000;\"><span style=\"font-size:small;\"><i><b>29 <\/b><\/i><\/span><\/span><span style=\"color:#000000;\"><span style=\"font-size:small;\">Santa Marta<\/span><\/span><i><b> <\/b><\/i><span style=\"color:#7e0021;\"><span style=\"font-size:small;\"><i><b>en Sig\u00fcenza<\/b><\/i><\/span><\/span><\/li>\n<li><span style=\"font-size:small;\"><i><b>28-29 <\/b><\/i><\/span><span style=\"font-size:small;\">Fiestas patronales en <\/span><a href=\"http:\/\/www.campilloderanas.es\/el-espinar;jsessionid=AB3FCD125957D506355B9C301AE90C94\"><span style=\"font-size:small;\"><i><b>El Espinar.<\/b><\/i><\/span><\/a><\/li>\n<\/ul>\n<p><span style=\"font-size:small;\">Un mes para disfrutar de las <span style=\"color:#800000;\"><strong>noches estrelladas<\/strong><\/span> al fresquito. <strong><span style=\"color:#800000;\">Rutas y ba\u00f1os nocturnos <\/span><\/strong>son muy recomendables. No olvides que<a href=\"http:\/\/www.sierranortedeguadalajara.com\"><i><b> \u00a1la Sierra Norte es un para\u00edso al alcance de todos!<\/b><\/i><\/a><\/span><\/p>\n<p align=\"JUSTIFY\"><i><b>Lar-ami<\/b><\/i><\/p>\n","protected":false},"excerpt":{"rendered":"<p>Julio es el mes de la siega, de los huertos y de las labores agr\u00edcolas m\u00e1s duras en la Sierra Norte de Guadalajara. Los d\u00edas son m\u00e1s largos y se aprovechan a tope. Se nota por la escasez de fiestas tradicionales. Pero en la sociedad actual, julio es verano y vacaciones; los ni\u00f1os ya no &hellip; <\/p>\n<p class=\"link-more\"><a href=\"https:\/\/blog.sierranortedeguadalajara.com\/?p=20212\" class=\"more-link\">Seguir leyendo<span class=\"screen-reader-text\"> \u00ab2.018 y las fiestas de julio en la Sierra Norte de Guadalajara\u00bb<\/span><\/a><\/p>\n","protected":false},"author":1,"featured_media":0,"comment_status":"open","ping_status":"open","sticky":false,"template":"","format":"standard","meta":{"footnotes":""},"categories":[12,42],"tags":[2,100,4,5,10],"class_list":["post-20212","post","type-post","status-publish","format-standard","hentry","category-actualidad","category-fiestas-y-eventos","tag-actualidad","tag-costumbres-y-tradiciones","tag-cultura","tag-historia","tag-sierra-norte","entry"],"_links":{"self":[{"href":"https:\/\/blog.sierranortedeguadalajara.com\/index.php?rest_route=\/wp\/v2\/posts\/20212","targetHints":{"allow":["GET"]}}],"collection":[{"href":"https:\/\/blog.sierranortedeguadalajara.com\/index.php?rest_route=\/wp\/v2\/posts"}],"about":[{"href":"https:\/\/blog.sierranortedeguadalajara.com\/index.php?rest_route=\/wp\/v2\/types\/post"}],"author":[{"embeddable":true,"href":"https:\/\/blog.sierranortedeguadalajara.com\/index.php?rest_route=\/wp\/v2\/users\/1"}],"replies":[{"embeddable":true,"href":"https:\/\/blog.sierranortedeguadalajara.com\/index.php?rest_route=%2Fwp%2Fv2%2Fcomments&post=20212"}],"version-history":[{"count":1,"href":"https:\/\/blog.sierranortedeguadalajara.com\/index.php?rest_route=\/wp\/v2\/posts\/20212\/revisions"}],"predecessor-version":[{"id":25974,"href":"https:\/\/blog.sierranortedeguadalajara.com\/index.php?rest_route=\/wp\/v2\/posts\/20212\/revisions\/25974"}],"wp:attachment":[{"href":"https:\/\/blog.sierranortedeguadalajara.com\/index.php?rest_route=%2Fwp%2Fv2%2Fmedia&parent=20212"}],"wp:term":[{"taxonomy":"category","embeddable":true,"href":"https:\/\/blog.sierranortedeguadalajara.com\/index.php?rest_route=%2Fwp%2Fv2%2Fcategories&post=20212"},{"taxonomy":"post_tag","embeddable":true,"href":"https:\/\/blog.sierranortedeguadalajara.com\/index.php?rest_route=%2Fwp%2Fv2%2Ftags&post=20212"}],"curies":[{"name":"wp","href":"https:\/\/api.w.org\/{rel}","templated":true}]}}