{"id":20204,"date":"2018-07-05T12:00:03","date_gmt":"2018-07-05T10:00:03","guid":{"rendered":"http:\/\/blog.laveredadepuebla.com\/?p=20204"},"modified":"2023-02-10T12:09:34","modified_gmt":"2023-02-10T12:09:34","slug":"quevedo-en-la-sierra-norte-de-guadalajara","status":"publish","type":"post","link":"https:\/\/blog.sierranortedeguadalajara.com\/?p=20204","title":{"rendered":"Quevedo en la Sierra Norte de Guadalajara"},"content":{"rendered":"<figure id=\"attachment_20205\" aria-describedby=\"caption-attachment-20205\" style=\"width: 300px\" class=\"wp-caption alignright\"><a href=\"https:\/\/laveredadepuebla.files.wordpress.com\/2018\/06\/quevedo-2.jpg\"><img loading=\"lazy\" decoding=\"async\" class=\"wp-image-20205 size-medium\" src=\"https:\/\/blog.sierranortedeguadalajara.com\/wp-content\/uploads\/2023\/02\/quevedo-2.jpg\" alt=\"\" width=\"300\" height=\"250\" \/><\/a><figcaption id=\"caption-attachment-20205\" class=\"wp-caption-text\"><em><strong>Cortesia Andr\u00e9s P\u00e9rez Arribas<\/strong><\/em><\/figcaption><\/figure>\n<p align=\"LEFT\"><span style=\"font-size:small;\">Los <\/span><span style=\"color:#800000;\"><span style=\"font-size:small;\"><i><b>Duques de Medinaceli <\/b><\/i><\/span><\/span><span style=\"font-size:small;\">gozan de justa fama de mecenas. Si bien su labor de mecenazgo abarc\u00f3 todo el pa\u00eds, <\/span><span style=\"font-size:small;\"><i>(tambi\u00e9n en la <\/i><\/span><span style=\"font-size:small;\"><i><b><a href=\"https:\/\/blog.laveredadepuebla.com\/2016\/05\/10\/el-mapa-de-la-sierra-norte\/\">Sierra Norte de Guadalajara<\/a>)<\/b><\/i><\/span><i> <\/i><span style=\"font-size:small;\">se hace muy presente en <\/span><a href=\"http:\/\/www.cogolludo.es\"><span style=\"font-size:small;\"><i><b>Cogolludo<\/b><\/i><\/span><\/a><span style=\"font-size:small;\">. Fue el <\/span><span style=\"color:#7e0021;\"><span style=\"font-size:small;\"><i><b>I Duque, D. Luis de la Cerda,<\/b><\/i><\/span><\/span><span style=\"color:#000000;\"><span style=\"font-size:small;\"> quien construy\u00f3<\/span><\/span><span style=\"color:#7e0021;\"><span style=\"font-size:small;\"><i><b> el Palacio y la muralla <\/b><\/i><\/span><\/span><span style=\"color:#000000;\"><span style=\"font-size:small;\">a finales del siglo XV<\/span><\/span><span style=\"color:#7e0021;\"><span style=\"font-size:small;\"><i><b>. <\/b><\/i><\/span><\/span><\/p>\n<p align=\"LEFT\"><span style=\"color:#000000;\"><span style=\"font-size:small;\">Sus descendientes continuaron esa labor y desde luego que no le desmerecieron. <\/span><\/span><span style=\"font-size:small;\">El <\/span><span style=\"color:#7e0021;\"><span style=\"font-size:small;\"><i><b>VII Duque<\/b><\/i><\/span><\/span><i><b> <\/b><\/i><span style=\"color:#000000;\"><span style=\"font-size:small;\">tom\u00f3 bajo su protecci\u00f3n al insigne escritor <\/span><\/span><a href=\"http:\/\/www.cervantesvirtual.com\/bib\/bib_autor\/quevedo\/pcuartonivel.jsp?conten=autor\"><span style=\"color:#000000;\"><span style=\"font-size:small;\"><i><b>D. Francisco de Quevedo, <\/b><\/i><\/span><\/span><\/a><span style=\"color:#000000;\"><span style=\"font-size:small;\">que lleg\u00f3 invitado al Palacio de Cogolludo en <\/span><\/span><span style=\"color:#7e0021;\"><span style=\"font-size:small;\"><i><b>abril de 1.637<\/b><\/i><\/span><\/span> <span style=\"color:#000000;\"><span style=\"font-size:small;\"><i>(<\/i><\/span><\/span><span style=\"color:#7e0021;\"><span style=\"font-size:small;\"><i>seg\u00fan parece para apartarse de la Corte por problemas debidos a su lengua mordaz ). <\/i><\/span><\/span><span style=\"color:#000000;\"><span style=\"font-size:small;\">As\u00ed lo explica <\/span><\/span><a href=\"https:\/\/dialnet.unirioja.es\/servlet\/autor?codigo=1082433\"><span style=\"color:#000000;\"><span style=\"font-size:small;\"><i><b>Javier Davara<\/b><\/i><\/span><\/span><\/a><span style=\"color:#000000;\"><span style=\"font-size:small;\"> en <\/span><\/span><span style=\"color:#000000;\"><span style=\"font-size:small;\"><i><b><a href=\"http:\/\/nuevaalcarria.com\/\">Nueva Alcarria<\/a>\u00a0<\/b><\/i>el 15 de junio pasado<\/span><\/span> <span style=\"color:#000000;\"><span style=\"font-size:small;\"><i>(gracias).<\/i><\/span><\/span><\/p>\n<p align=\"LEFT\"><span style=\"color:#000000;\"><span style=\"font-size:small;\">Pocos d\u00edas despu\u00e9s Quevedo enferm\u00f3 de fiebre, quiz\u00e1s debido al agua. Aunque rechaz\u00f3 a los m\u00e9dicos, los cuidados del duque y su esposa le permitieron recobrar la salud <\/span><\/span><span style=\"color:#000000;\"><span style=\"font-size:small;\"><i>(<\/i><\/span><\/span><span style=\"color:#7e0021;\"><span style=\"font-size:small;\"><i><b>\u201cSan\u00e9 por no curarme\u201d,<\/b><\/i><\/span><\/span><span style=\"color:#000000;\"><span style=\"font-size:small;\"><i> dir\u00eda despu\u00e9s)<\/i><\/span><\/span><span style=\"color:#000000;\"><span style=\"font-size:small;\">. En diciembre dej\u00f3 la ciudad. S<\/span><\/span><span style=\"font-size:small;\">eg\u00fan los cronistas, el escritor volvi\u00f3 varias veces al lugar que el denominaba <\/span><span style=\"color:#7e0021;\"><span style=\"font-size:small;\"><i><b>\u201cel Paraiso de Cogolludo\u201d. <\/b><\/i><\/span><\/span><\/p>\n<p align=\"LEFT\"><span style=\"color:#000000;\"><span style=\"font-size:small;\"><a href=\"https:\/\/laveredadepuebla.files.wordpress.com\/2018\/06\/quevedo-1.jpg\"><img loading=\"lazy\" decoding=\"async\" class=\"alignleft wp-image-20206\" src=\"https:\/\/blog.sierranortedeguadalajara.com\/wp-content\/uploads\/2023\/02\/quevedo-1.jpg\" alt=\"\" width=\"220\" height=\"124\" \/><\/a>La m\u00e1s notoria tuvo lugar la<\/span><\/span><span style=\"color:#7e0021;\"><span style=\"font-size:small;\"><i><b> \u00faltima semana de julio de 1.643<\/b><\/i><\/span><\/span><span style=\"color:#000000;\"><span style=\"font-size:small;\">, cuando volvi\u00f3 para recuperar la salud y sosegar su esp\u00edritu. Jornadas de caza, rutas por los campos aleda\u00f1os, paseos por los jardines y ba\u00f1os en la alberca del palacio, \u2026 Pero sobre todo amenas t<\/span><\/span><span style=\"font-size:small;\">ertulias en el patio renacentista <\/span><span style=\"color:#7e0021;\"><span style=\"font-size:small;\"><i>(literarias y pol\u00edticas)<\/i><\/span><\/span> <span style=\"font-size:small;\">con el <span style=\"color:#800000;\"><strong>Duque y su culta esposa Do\u00f1a Ana Mar\u00eda Luisa<\/strong><\/span>, <\/span><span style=\"color:#000000;\"><span style=\"font-size:small;\">fortalecieron el cuerpo y \u00e1nimo de D. Francisco, que march\u00f3 a principios de septiembre de 1.643 y ya no regres\u00f3 m\u00e1s <\/span><\/span><span style=\"color:#000000;\"><span style=\"font-size:small;\"><i>(muri\u00f3 en 1.645).<\/i><\/span><\/span><\/p>\n<p align=\"LEFT\"><span style=\"color:#000000;\"><span style=\"font-size:small;\">Si visitas el Palacio de Cogolludo y <\/span><\/span><span style=\"color:#7e0021;\"><span style=\"font-size:small;\"><i><b>te da la vena po\u00e9tica, jocosa y\/o literaria, <\/b><\/i><\/span><\/span><span style=\"color:#000000;\"><span style=\"font-size:small;\">no te sorprenda;<\/span><\/span><i><b> <\/b><\/i><span style=\"color:#000000;\"><span style=\"font-size:small;\">es el <\/span><\/span><span style=\"color:#7e0021;\"><span style=\"font-size:small;\"><i><b>esp\u00edritu de Quevedo, <\/b><\/i><\/span><\/span><span style=\"color:#000000;\"><span style=\"font-size:small;\">que lo impregna todo.<\/span><\/span><\/p>\n<p align=\"JUSTIFY\"><i><b>Lar-ami<\/b><\/i><\/p>\n","protected":false},"excerpt":{"rendered":"<p>Los Duques de Medinaceli gozan de justa fama de mecenas. Si bien su labor de mecenazgo abarc\u00f3 todo el pa\u00eds, (tambi\u00e9n en la Sierra Norte de Guadalajara) se hace muy presente en Cogolludo. Fue el I Duque, D. Luis de la Cerda, quien construy\u00f3 el Palacio y la muralla a finales del siglo XV. Sus &hellip; <\/p>\n<p class=\"link-more\"><a href=\"https:\/\/blog.sierranortedeguadalajara.com\/?p=20204\" class=\"more-link\">Seguir leyendo<span class=\"screen-reader-text\"> \u00abQuevedo en la Sierra Norte de Guadalajara\u00bb<\/span><\/a><\/p>\n","protected":false},"author":1,"featured_media":0,"comment_status":"open","ping_status":"open","sticky":false,"template":"","format":"standard","meta":{"footnotes":""},"categories":[3,17],"tags":[2,4,5,7,10],"class_list":["post-20204","post","type-post","status-publish","format-standard","hentry","category-costumbres-y-tradiciones","category-paisajes-y-lugares-de-la-sierra-norte","tag-actualidad","tag-cultura","tag-historia","tag-naturaleza","tag-sierra-norte","entry"],"_links":{"self":[{"href":"https:\/\/blog.sierranortedeguadalajara.com\/index.php?rest_route=\/wp\/v2\/posts\/20204","targetHints":{"allow":["GET"]}}],"collection":[{"href":"https:\/\/blog.sierranortedeguadalajara.com\/index.php?rest_route=\/wp\/v2\/posts"}],"about":[{"href":"https:\/\/blog.sierranortedeguadalajara.com\/index.php?rest_route=\/wp\/v2\/types\/post"}],"author":[{"embeddable":true,"href":"https:\/\/blog.sierranortedeguadalajara.com\/index.php?rest_route=\/wp\/v2\/users\/1"}],"replies":[{"embeddable":true,"href":"https:\/\/blog.sierranortedeguadalajara.com\/index.php?rest_route=%2Fwp%2Fv2%2Fcomments&post=20204"}],"version-history":[{"count":1,"href":"https:\/\/blog.sierranortedeguadalajara.com\/index.php?rest_route=\/wp\/v2\/posts\/20204\/revisions"}],"predecessor-version":[{"id":25969,"href":"https:\/\/blog.sierranortedeguadalajara.com\/index.php?rest_route=\/wp\/v2\/posts\/20204\/revisions\/25969"}],"wp:attachment":[{"href":"https:\/\/blog.sierranortedeguadalajara.com\/index.php?rest_route=%2Fwp%2Fv2%2Fmedia&parent=20204"}],"wp:term":[{"taxonomy":"category","embeddable":true,"href":"https:\/\/blog.sierranortedeguadalajara.com\/index.php?rest_route=%2Fwp%2Fv2%2Fcategories&post=20204"},{"taxonomy":"post_tag","embeddable":true,"href":"https:\/\/blog.sierranortedeguadalajara.com\/index.php?rest_route=%2Fwp%2Fv2%2Ftags&post=20204"}],"curies":[{"name":"wp","href":"https:\/\/api.w.org\/{rel}","templated":true}]}}