{"id":20144,"date":"2018-06-13T00:05:14","date_gmt":"2018-06-12T22:05:14","guid":{"rendered":"http:\/\/blog.laveredadepuebla.com\/?p=20144"},"modified":"2023-02-10T12:09:34","modified_gmt":"2023-02-10T12:09:34","slug":"imagenes-de-cogolludo","status":"publish","type":"post","link":"https:\/\/blog.sierranortedeguadalajara.com\/?p=20144","title":{"rendered":"Im\u00e1genes de Cogolludo"},"content":{"rendered":"<p align=\"LEFT\"><span style=\"color:#800000;\">\u201c<span style=\"font-size:small;\"><i><b>Tu pueblo ser\u00e1 bonito, pero el m\u00edo es <\/b><\/i><\/span><\/span><a href=\"http:\/\/www.cogolludo.es\"><span style=\"color:#000000;\"><span style=\"font-size:small;\"><i><b>Cogolludo<\/b><\/i><\/span><\/span><\/a><span style=\"color:#800000;\"><span style=\"font-size:small;\"><i><b>\u201d, <\/b><\/i><\/span><\/span><span style=\"color:#000000;\"><span style=\"font-size:small;\">as\u00ed reza el eslogan que los nativos repiten con orgullo. <\/span><\/span><span style=\"color:#000000;\"><span style=\"font-size:small;\"><b>\u00a1Y pardiez que pueden estarlo! <\/b><\/span><\/span><span style=\"color:#000000;\"><span style=\"font-size:small;\">Aunque su imagen se asocia al <\/span><\/span><span style=\"color:#7e0021;\"><span style=\"font-size:small;\"><i><b>Palacio de los Duques de Medinaceli<\/b><\/i><\/span><\/span><span style=\"color:#000000;\"><span style=\"font-size:small;\"> y a su <\/span><\/span><span style=\"color:#7e0021;\"><span style=\"font-size:small;\"><i><b>Plaza Mayor<\/b><\/i><\/span><\/span><span style=\"color:#000000;\"><span style=\"font-size:small;\"><i> (tambi\u00e9n al cuadro de Ribera, llamado el Cap\u00f3n de Palacio) <\/i><\/span><\/span><span style=\"color:#000000;\"><span style=\"font-size:small;\">hay otras im\u00e1genes poco conocidas.<a href=\"https:\/\/blog.sierranortedeguadalajara.com\/wp-content\/uploads\/2023\/02\/180613-plaza-cogolludo.jpg\"><img loading=\"lazy\" decoding=\"async\" class=\"aligncenter size-full wp-image-20145\" src=\"https:\/\/blog.sierranortedeguadalajara.com\/wp-content\/uploads\/2023\/02\/180613-plaza-cogolludo.jpg\" alt=\"\" width=\"500\" height=\"232\" \/><\/a><\/span><\/span><\/p>\n<p align=\"LEFT\"><span style=\"color:#000000;\"><span style=\"font-size:small;\"><a href=\"https:\/\/laveredadepuebla.files.wordpress.com\/2018\/05\/180613-a3.jpg\"><img loading=\"lazy\" decoding=\"async\" class=\"alignleft wp-image-20146\" src=\"https:\/\/blog.sierranortedeguadalajara.com\/wp-content\/uploads\/2023\/02\/180613-a3.jpg\" alt=\"\" width=\"240\" height=\"180\" \/><\/a>Como las ruinas del<\/span><\/span><a href=\"http:\/\/www.castillosnet.org\/espana\/informacion.php?ref=GU-CAS-019\"><span style=\"color:#000000;\"><span style=\"font-size:small;\"><i><b> castillo<\/b><\/i><\/span><\/span><\/a><span style=\"color:#000000;\"><span style=\"font-size:small;\">, de origen \u00e1rabe<\/span><\/span><span style=\"color:#000000;\"><span style=\"font-size:small;\"><i> (de ah\u00ed su excelente ubicaci\u00f3n sobre el cerro que domina el entorno), <\/i><\/span><\/span><span style=\"color:#000000;\"><span style=\"font-size:small;\"> reconstruido en el siglo XI tras la Reconquista y cuasi derruido en la Guerra de Independencia <\/span><\/span><span style=\"color:#000000;\"><span style=\"font-size:small;\"><i>(El Empecinado tuvo aqu\u00ed su cuartel general y de ahi las <\/i><\/span><\/span><span style=\"color:#7e0021;\"><span style=\"font-size:small;\"><i><b>jornadas napole\u00f3nicas <\/b><\/i><\/span><\/span><span style=\"color:#000000;\"><span style=\"font-size:small;\"><i>que se celebran el 30 de junio)<\/i><\/span><\/span><span style=\"color:#000000;\"><span style=\"font-size:small;\">.<\/span><\/span><\/p>\n<p align=\"LEFT\"><span style=\"font-size:small;\">La portada de la iglesia de San Pedro, la calle adornada con flores, las vistas desde el barrio alto, \u2026<\/span><span style=\"color:#000000;\"><span style=\"font-size:small;\"> bien merecen la visita. Si a\u00f1adimos el <span style=\"color:#800000;\"><em><strong>buen comer <\/strong><\/em><\/span><\/span><\/span><span style=\"color:#000000;\"><span style=\"font-size:small;\"><i>(esos asados),<\/i><\/span><\/span><span style=\"color:#000000;\"><span style=\"font-size:small;\"> las <\/span><\/span><span style=\"color:#7e0021;\"><span style=\"font-size:small;\"><i><b>bodegas de Rionegro,<\/b><\/i><\/span><\/span> <a href=\"https:\/\/blog.laveredadepuebla.com\/2017\/03\/10\/sobre-belena-de-sorbe\/\"><span style=\"color:#000000;\"><span style=\"font-size:small;\"><i><b>Bele\u00f1a de Sorbe<\/b><\/i><\/span><\/span><\/a><span style=\"color:#000000;\"><span style=\"font-size:small;\"><i> (villa medieval),<\/i><\/span><\/span> <span style=\"color:#000000;\"><span style=\"font-size:small;\"><i><b><a href=\"https:\/\/blog.laveredadepuebla.com\/2012\/11\/22\/aleas\/\">Aleas<\/a> <\/b><\/i><\/span><\/span><span style=\"color:#000000;\"><span style=\"font-size:small;\"><i>(reconstruido tras la guerra civil),<\/i><\/span><\/span><span style=\"color:#000000;\"><span style=\"font-size:small;\"> \u2026<span style=\"color:#800000;\"><strong> no tienes excusa para no venir.<\/strong><\/span><\/span><\/span><\/p>\n<p align=\"LEFT\"><span style=\"color:#000000;\"><span style=\"font-size:small;\"><a href=\"https:\/\/laveredadepuebla.files.wordpress.com\/2018\/05\/180613-a2.jpg\"><img loading=\"lazy\" decoding=\"async\" class=\"alignright wp-image-20147\" src=\"https:\/\/blog.sierranortedeguadalajara.com\/wp-content\/uploads\/2023\/02\/180613-a2.jpg\" alt=\"\" width=\"240\" height=\"180\" \/><\/a><a href=\"https:\/\/laveredadepuebla.files.wordpress.com\/2018\/05\/180613-a1.jpg\"><img loading=\"lazy\" decoding=\"async\" class=\"alignleft wp-image-20149\" src=\"https:\/\/blog.sierranortedeguadalajara.com\/wp-content\/uploads\/2023\/02\/180613-a1.jpg\" alt=\"\" width=\"240\" height=\"180\" \/><\/a>Por algo Cogolludo es llamada <\/span><\/span><span style=\"color:#000000;\"><span style=\"font-size:small;\"><i><b>\u201cPuerta de entrada al <a href=\"https:\/\/blog.laveredadepuebla.com\/2011\/04\/01\/parque-natural-sierra-norte-de-guadalajara\/\">P.N. Sierra Norte de Guadalajara\u201d<\/a>.<\/b><\/i><\/span><\/span><\/p>\n<p align=\"JUSTIFY\"><i><b>Lar-ami<\/b><\/i><\/p>\n","protected":false},"excerpt":{"rendered":"<p>\u201cTu pueblo ser\u00e1 bonito, pero el m\u00edo es Cogolludo\u201d, as\u00ed reza el eslogan que los nativos repiten con orgullo. \u00a1Y pardiez que pueden estarlo! Aunque su imagen se asocia al Palacio de los Duques de Medinaceli y a su Plaza Mayor (tambi\u00e9n al cuadro de Ribera, llamado el Cap\u00f3n de Palacio) hay otras im\u00e1genes poco &hellip; <\/p>\n<p class=\"link-more\"><a href=\"https:\/\/blog.sierranortedeguadalajara.com\/?p=20144\" class=\"more-link\">Seguir leyendo<span class=\"screen-reader-text\"> \u00abIm\u00e1genes de Cogolludo\u00bb<\/span><\/a><\/p>\n","protected":false},"author":1,"featured_media":0,"comment_status":"open","ping_status":"open","sticky":false,"template":"","format":"standard","meta":{"footnotes":""},"categories":[12,17],"tags":[2,4,5,7,10],"class_list":["post-20144","post","type-post","status-publish","format-standard","hentry","category-actualidad","category-paisajes-y-lugares-de-la-sierra-norte","tag-actualidad","tag-cultura","tag-historia","tag-naturaleza","tag-sierra-norte","entry"],"_links":{"self":[{"href":"https:\/\/blog.sierranortedeguadalajara.com\/index.php?rest_route=\/wp\/v2\/posts\/20144","targetHints":{"allow":["GET"]}}],"collection":[{"href":"https:\/\/blog.sierranortedeguadalajara.com\/index.php?rest_route=\/wp\/v2\/posts"}],"about":[{"href":"https:\/\/blog.sierranortedeguadalajara.com\/index.php?rest_route=\/wp\/v2\/types\/post"}],"author":[{"embeddable":true,"href":"https:\/\/blog.sierranortedeguadalajara.com\/index.php?rest_route=\/wp\/v2\/users\/1"}],"replies":[{"embeddable":true,"href":"https:\/\/blog.sierranortedeguadalajara.com\/index.php?rest_route=%2Fwp%2Fv2%2Fcomments&post=20144"}],"version-history":[{"count":1,"href":"https:\/\/blog.sierranortedeguadalajara.com\/index.php?rest_route=\/wp\/v2\/posts\/20144\/revisions"}],"predecessor-version":[{"id":26005,"href":"https:\/\/blog.sierranortedeguadalajara.com\/index.php?rest_route=\/wp\/v2\/posts\/20144\/revisions\/26005"}],"wp:attachment":[{"href":"https:\/\/blog.sierranortedeguadalajara.com\/index.php?rest_route=%2Fwp%2Fv2%2Fmedia&parent=20144"}],"wp:term":[{"taxonomy":"category","embeddable":true,"href":"https:\/\/blog.sierranortedeguadalajara.com\/index.php?rest_route=%2Fwp%2Fv2%2Fcategories&post=20144"},{"taxonomy":"post_tag","embeddable":true,"href":"https:\/\/blog.sierranortedeguadalajara.com\/index.php?rest_route=%2Fwp%2Fv2%2Ftags&post=20144"}],"curies":[{"name":"wp","href":"https:\/\/api.w.org\/{rel}","templated":true}]}}