{"id":20138,"date":"2018-06-11T00:05:24","date_gmt":"2018-06-10T22:05:24","guid":{"rendered":"http:\/\/blog.laveredadepuebla.com\/?p=20138"},"modified":"2023-02-10T12:09:34","modified_gmt":"2023-02-10T12:09:34","slug":"puebla-de-valles-y-sus-mapas","status":"publish","type":"post","link":"https:\/\/blog.sierranortedeguadalajara.com\/?p=20138","title":{"rendered":"Puebla de Valles y sus mapas"},"content":{"rendered":"<p align=\"LEFT\"><span style=\"font-size:small;\">Con la <\/span><a href=\"http:\/\/www.ign.es\/web\/ign\/portal\/qsm-nuestra-historia\"><span style=\"font-size:small;\"><i><b>creaci\u00f3n del Instituto Geogr\u00e1fico y Estad\u00edstico<\/b><\/i><\/span><\/a><span style=\"font-size:small;\"> en 1.873 <\/span><span style=\"font-size:small;\"><i>(I Rep\u00fablica)<\/i><\/span><span style=\"font-size:small;\"> comienza una labor herc\u00falea para levantar <\/span><span style=\"color:#7e0021;\"><span style=\"font-size:small;\"><i><b>\u201ca mano alzada\u201d<\/b><\/i><\/span><\/span><span style=\"font-size:small;\"> un mapa topogr\u00e1fico, a escala <\/span><span style=\"color:#7e0021;\"><span style=\"font-size:small;\"><i><b>1:25.000<\/b><\/i><\/span><\/span> <span style=\"color:#7e0021;\"><span style=\"font-size:small;\"><i>(algunos\u00a0 a 1:50.000)<\/i><\/span><\/span><span style=\"font-size:small;\"> de cada municipio y\u00a0 casco urbano. <\/span><\/p>\n<p align=\"LEFT\"><span style=\"font-size:small;\"><a href=\"https:\/\/blog.sierranortedeguadalajara.com\/wp-content\/uploads\/2023\/02\/160811-mapa-puebla-2.jpg\"><img loading=\"lazy\" decoding=\"async\" class=\"aligncenter size-full wp-image-20139\" src=\"https:\/\/blog.sierranortedeguadalajara.com\/wp-content\/uploads\/2023\/02\/160811-mapa-puebla-2.jpg\" alt=\"\" width=\"500\" height=\"363\" \/><\/a>La perfecci\u00f3n y el nivel de precisi\u00f3n de estos mapas son tales que siguieron en vigor hasta bien entrada los a\u00f1os 50. En <\/span><a href=\"https:\/\/blog.laveredadepuebla.com\/2015\/09\/23\/puebla-de-valles-y-sus-carcavas\/\"><span style=\"font-size:small;\"><i><b>Puebla de Valles <\/b><\/i><\/span><\/a><span style=\"font-size:small;\">sobre <\/span><span style=\"color:#800000;\"><span style=\"font-size:small;\"><i>carta de 1.896<\/i><\/span><\/span><i> <\/i><span style=\"font-size:small;\">se inscribieron los cambios que tuvieron lugar en 1.954 <\/span><span style=\"color:#7e0021;\"><span style=\"font-size:small;\"><i>(carretera y repoblaci\u00f3n forestal) <\/i><\/span><\/span><span style=\"font-size:small;\">para la confecci\u00f3n del nuevo mapa.<a href=\"https:\/\/blog.sierranortedeguadalajara.com\/wp-content\/uploads\/2023\/02\/160811-mapa-puebla.jpg\"><img loading=\"lazy\" decoding=\"async\" class=\"aligncenter size-full wp-image-20140\" src=\"https:\/\/blog.sierranortedeguadalajara.com\/wp-content\/uploads\/2023\/02\/160811-mapa-puebla.jpg\" alt=\"\" width=\"500\" height=\"373\" \/><\/a><\/span><\/p>\n<p align=\"LEFT\"><span style=\"font-size:small;\">A los <\/span><a href=\"https:\/\/blog.laveredadepuebla.com\/2010\/06\/21\/los-pueblos%C2%A0coloraos\/\"><span style=\"color:#000000;\"><span style=\"font-size:small;\"><i><b>coloraos y amigos<\/b><\/i><\/span><\/span><\/a><span style=\"font-size:small;\"> de la Puebla estos mapas nos dicen mucho. <\/span><span style=\"color:#7e0021;\"><span style=\"font-size:small;\"><i><b>\u00bfA ti no te pasar\u00eda lo mismo si fueran de tu pueblo?<\/b><\/i><\/span><\/span><\/p>\n<p align=\"JUSTIFY\"><i><b>Lar-ami<\/b><\/i><\/p>\n","protected":false},"excerpt":{"rendered":"<p>Con la creaci\u00f3n del Instituto Geogr\u00e1fico y Estad\u00edstico en 1.873 (I Rep\u00fablica) comienza una labor herc\u00falea para levantar \u201ca mano alzada\u201d un mapa topogr\u00e1fico, a escala 1:25.000 (algunos\u00a0 a 1:50.000) de cada municipio y\u00a0 casco urbano. La perfecci\u00f3n y el nivel de precisi\u00f3n de estos mapas son tales que siguieron en vigor hasta bien entrada &hellip; <\/p>\n<p class=\"link-more\"><a href=\"https:\/\/blog.sierranortedeguadalajara.com\/?p=20138\" class=\"more-link\">Seguir leyendo<span class=\"screen-reader-text\"> \u00abPuebla de Valles y sus mapas\u00bb<\/span><\/a><\/p>\n","protected":false},"author":1,"featured_media":0,"comment_status":"open","ping_status":"open","sticky":false,"template":"","format":"standard","meta":{"footnotes":""},"categories":[6,17,9],"tags":[2,4,5,7,8,10],"class_list":["post-20138","post","type-post","status-publish","format-standard","hentry","category-mundo-rural","category-paisajes-y-lugares-de-la-sierra-norte","category-rincones-de-la-sierra-norte","tag-actualidad","tag-cultura","tag-historia","tag-naturaleza","tag-puebla-de-valles","tag-sierra-norte","entry"],"_links":{"self":[{"href":"https:\/\/blog.sierranortedeguadalajara.com\/index.php?rest_route=\/wp\/v2\/posts\/20138","targetHints":{"allow":["GET"]}}],"collection":[{"href":"https:\/\/blog.sierranortedeguadalajara.com\/index.php?rest_route=\/wp\/v2\/posts"}],"about":[{"href":"https:\/\/blog.sierranortedeguadalajara.com\/index.php?rest_route=\/wp\/v2\/types\/post"}],"author":[{"embeddable":true,"href":"https:\/\/blog.sierranortedeguadalajara.com\/index.php?rest_route=\/wp\/v2\/users\/1"}],"replies":[{"embeddable":true,"href":"https:\/\/blog.sierranortedeguadalajara.com\/index.php?rest_route=%2Fwp%2Fv2%2Fcomments&post=20138"}],"version-history":[{"count":1,"href":"https:\/\/blog.sierranortedeguadalajara.com\/index.php?rest_route=\/wp\/v2\/posts\/20138\/revisions"}],"predecessor-version":[{"id":26008,"href":"https:\/\/blog.sierranortedeguadalajara.com\/index.php?rest_route=\/wp\/v2\/posts\/20138\/revisions\/26008"}],"wp:attachment":[{"href":"https:\/\/blog.sierranortedeguadalajara.com\/index.php?rest_route=%2Fwp%2Fv2%2Fmedia&parent=20138"}],"wp:term":[{"taxonomy":"category","embeddable":true,"href":"https:\/\/blog.sierranortedeguadalajara.com\/index.php?rest_route=%2Fwp%2Fv2%2Fcategories&post=20138"},{"taxonomy":"post_tag","embeddable":true,"href":"https:\/\/blog.sierranortedeguadalajara.com\/index.php?rest_route=%2Fwp%2Fv2%2Ftags&post=20138"}],"curies":[{"name":"wp","href":"https:\/\/api.w.org\/{rel}","templated":true}]}}