{"id":20099,"date":"2018-06-07T23:15:50","date_gmt":"2018-06-07T21:15:50","guid":{"rendered":"http:\/\/blog.laveredadepuebla.com\/?p=20099"},"modified":"2023-02-10T12:09:34","modified_gmt":"2023-02-10T12:09:34","slug":"la-sierra-norte-de-guadalajara-envejece","status":"publish","type":"post","link":"https:\/\/blog.sierranortedeguadalajara.com\/?p=20099","title":{"rendered":"La Sierra Norte de Guadalajara envejece"},"content":{"rendered":"<p align=\"LEFT\"><span style=\"font-size:small;\">El 14 de mayo el <\/span><a href=\"https:\/\/cincodias.elpais.com\/cincodias\/2018\/05\/10\/midinero\/1525968646_634764.html\"><span style=\"font-size:small;\"><i><b>peri\u00f3dico Cinco D\u00edas<\/b><\/i><\/span><\/a><span style=\"font-size:small;\"> publicaba un art\u00edculo sobre <\/span><span style=\"color:#800000;\"><span style=\"font-size:small;\"><i>\u201cel proceso de envejecimiento demogr\u00e1fico y la baja natalidad que provoca que muchos pueblos (420) se queden sin ni\u00f1os menores de 15 a\u00f1os\u201d <\/i><\/span><\/span><span style=\"color:#000000;\"><span style=\"font-size:small;\">con <\/span><\/span><span style=\"font-size:small;\">datos <\/span><strong class=\"western\"><span style=\"color:#800000;\"><span style=\"font-size:small;\">del INE<\/span><\/span><\/strong><span style=\"font-size:small;\"> a <\/span><span style=\"color:#7e0021;\"><span style=\"font-size:small;\"><i>1 de enero de 2017<\/i><\/span><\/span><span style=\"font-size:small;\">. El 19,1% de la poblaci\u00f3n en Espa\u00f1a tiene m\u00e1s de 65 a\u00f1os, y la tendencia es al alza. <\/span><\/p>\n<p align=\"LEFT\"><span style=\"font-size:small;\">Si estos datos son preocupantes, en la <\/span><a href=\"https:\/\/blog.laveredadepuebla.com\/2016\/05\/10\/el-mapa-de-la-sierra-norte\/\"><span style=\"font-size:small;\"><i><b>Sierra Norte de Guadalajara <\/b><\/i><\/span><\/a><span style=\"color:#7e0021;\"><span style=\"font-size:small;\"><i><b>resultan tr\u00e1gicos. <\/b><\/i><\/span><\/span><span style=\"color:#000000;\"><span style=\"font-size:small;\">Una <\/span><\/span><span style=\"color:#000000;\"><span style=\"font-size:small;\">tierra de<\/span><\/span><i> <\/i><a href=\"https:\/\/blog.laveredadepuebla.com\/2018\/02\/26\/censo-de-2-017-de-la-sierra-norte-de-guadalajara\/\"><span style=\"color:#000000;\"><span style=\"font-size:small;\"><i><b>3.000 kms con 11.318 habitantes <\/b><\/i><\/span><\/span><\/a><span style=\"color:#000000;\"><span style=\"font-size:small;\"><i>(de derecho)<\/i><\/span><\/span><i><b> <\/b><\/i><span style=\"color:#7e0021;\"><i><b>repartidos en 78 pueblos y 85 pedan\u00edas:<a href=\"https:\/\/laveredadepuebla.files.wordpress.com\/2018\/05\/3-siguenza-antigua.jpg\"><img loading=\"lazy\" decoding=\"async\" class=\"alignright size-medium wp-image-20100\" src=\"https:\/\/blog.sierranortedeguadalajara.com\/wp-content\/uploads\/2023\/02\/3-siguenza-antigua.jpg\" alt=\"\" width=\"201\" height=\"300\" \/><\/a><\/b><\/i><\/span><i> <\/i><\/p>\n<ul>\n<li><span style=\"font-size:small;\">Hay <\/span><span style=\"color:#7e0021;\"><span style=\"font-size:small;\"><b>3.501 mayores <\/b><\/span><\/span><span style=\"font-size:small;\"><i>(&gt; 65 a\u00f1os) <\/i><\/span><span style=\"font-size:small;\">y s\u00f3lo <\/span><span style=\"color:#7e0021;\"><span style=\"font-size:small;\"><b>1.052 ni\u00f1os<\/b><\/span><\/span><i> <\/i><span style=\"font-size:small;\"><i>(&lt; 14 a\u00f1os). <\/i><\/span><\/li>\n<li><span style=\"color:#7e0021;\"><span style=\"font-size:small;\"><i><b>El 81% de los ni\u00f1os <\/b><\/i><\/span><\/span><span style=\"font-size:small;\">viven en Sig\u00fcenza, Jadraque, Cogolludo y Atienza. Solo en estos municipios hay cifras similares de mayores y ni\u00f1os <\/span><a href=\"http:\/\/www.jadraque.org\/\"><span style=\"font-size:small;\"><i><b>(Jadraque tiene el 59% de ni\u00f1os)<\/b><\/i><\/span><\/a><span style=\"font-size:small;\">. <\/span><span style=\"color:#7e0021;\"><span style=\"font-size:small;\"><b>Un signo de vitalidad.<\/b><\/span><\/span><\/li>\n<li><span style=\"color:#7e0021;\"><span style=\"font-size:small;\"><i><b>20 pueblos carecen de ni\u00f1os,<\/b><\/i><\/span><\/span><b> <\/b><span style=\"font-size:small;\">pero no hay ninguno que no tenga mayores.<\/span><\/li>\n<li><span style=\"font-size:small;\">Hay <\/span><span style=\"color:#7e0021;\"><span style=\"font-size:small;\"><i><b>15 municipios con 1 ni\u00f1o y otros 15 con 2.<\/b><\/i><\/span><\/span><\/li>\n<li><span style=\"color:#000000;\"><span style=\"font-size:small;\">En 12 pueblos, la<\/span><\/span> <span style=\"color:#7e0021;\"><span style=\"font-size:small;\"><i><b>poblaci\u00f3n de mayores supone el 40%<\/b><\/i><\/span><\/span><\/li>\n<\/ul>\n<p align=\"LEFT\"><span style=\"color:#000000;\"><span style=\"font-size:small;\">Si continua la tendencia, en 20 a\u00f1os desaparecer\u00e1n la mitad de los municipios de la Sierra Norte y la poblacion se reducir\u00e1 un 50%. Si nuestros pol\u00edticos no lo remedian &#8230; <\/span><\/span><\/p>\n<p align=\"JUSTIFY\"><i><b>Lar-ami<\/b><\/i><\/p>\n","protected":false},"excerpt":{"rendered":"<p>El 14 de mayo el peri\u00f3dico Cinco D\u00edas publicaba un art\u00edculo sobre \u201cel proceso de envejecimiento demogr\u00e1fico y la baja natalidad que provoca que muchos pueblos (420) se queden sin ni\u00f1os menores de 15 a\u00f1os\u201d con datos del INE a 1 de enero de 2017. El 19,1% de la poblaci\u00f3n en Espa\u00f1a tiene m\u00e1s de &hellip; <\/p>\n<p class=\"link-more\"><a href=\"https:\/\/blog.sierranortedeguadalajara.com\/?p=20099\" class=\"more-link\">Seguir leyendo<span class=\"screen-reader-text\"> \u00abLa Sierra Norte de Guadalajara envejece\u00bb<\/span><\/a><\/p>\n","protected":false},"author":1,"featured_media":0,"comment_status":"open","ping_status":"open","sticky":false,"template":"","format":"standard","meta":{"footnotes":""},"categories":[12,6,17,15],"tags":[2,4,14,7,10],"class_list":["post-20099","post","type-post","status-publish","format-standard","hentry","category-actualidad","category-mundo-rural","category-paisajes-y-lugares-de-la-sierra-norte","category-rincones-de-guadalajara","tag-actualidad","tag-cultura","tag-hijos-de-la-tierra","tag-naturaleza","tag-sierra-norte","entry"],"_links":{"self":[{"href":"https:\/\/blog.sierranortedeguadalajara.com\/index.php?rest_route=\/wp\/v2\/posts\/20099","targetHints":{"allow":["GET"]}}],"collection":[{"href":"https:\/\/blog.sierranortedeguadalajara.com\/index.php?rest_route=\/wp\/v2\/posts"}],"about":[{"href":"https:\/\/blog.sierranortedeguadalajara.com\/index.php?rest_route=\/wp\/v2\/types\/post"}],"author":[{"embeddable":true,"href":"https:\/\/blog.sierranortedeguadalajara.com\/index.php?rest_route=\/wp\/v2\/users\/1"}],"replies":[{"embeddable":true,"href":"https:\/\/blog.sierranortedeguadalajara.com\/index.php?rest_route=%2Fwp%2Fv2%2Fcomments&post=20099"}],"version-history":[{"count":1,"href":"https:\/\/blog.sierranortedeguadalajara.com\/index.php?rest_route=\/wp\/v2\/posts\/20099\/revisions"}],"predecessor-version":[{"id":26010,"href":"https:\/\/blog.sierranortedeguadalajara.com\/index.php?rest_route=\/wp\/v2\/posts\/20099\/revisions\/26010"}],"wp:attachment":[{"href":"https:\/\/blog.sierranortedeguadalajara.com\/index.php?rest_route=%2Fwp%2Fv2%2Fmedia&parent=20099"}],"wp:term":[{"taxonomy":"category","embeddable":true,"href":"https:\/\/blog.sierranortedeguadalajara.com\/index.php?rest_route=%2Fwp%2Fv2%2Fcategories&post=20099"},{"taxonomy":"post_tag","embeddable":true,"href":"https:\/\/blog.sierranortedeguadalajara.com\/index.php?rest_route=%2Fwp%2Fv2%2Ftags&post=20099"}],"curies":[{"name":"wp","href":"https:\/\/api.w.org\/{rel}","templated":true}]}}