{"id":20079,"date":"2018-05-23T00:05:13","date_gmt":"2018-05-22T22:05:13","guid":{"rendered":"http:\/\/blog.laveredadepuebla.com\/?p=20079"},"modified":"2023-02-10T12:09:35","modified_gmt":"2023-02-10T12:09:35","slug":"imagenes-de-la-sierra-norte-en-mayo","status":"publish","type":"post","link":"https:\/\/blog.sierranortedeguadalajara.com\/?p=20079","title":{"rendered":"Im\u00e1genes de la Sierra Norte en mayo"},"content":{"rendered":"<p align=\"LEFT\"><span style=\"font-size:small;\">Podr\u00eda incluir en este post cientos de im\u00e1genes que muestran la plenitud de la <\/span><a href=\"https:\/\/blog.laveredadepuebla.com\/2016\/05\/10\/el-mapa-de-la-sierra-norte\/\"><span style=\"font-size:small;\"><i><b>Sierra Norte de Guadalajara<\/b><\/i><\/span><\/a><span style=\"font-size:small;\"> en este <\/span><a href=\"https:\/\/blog.laveredadepuebla.com\/2018\/05\/07\/cascadas-intermitentes-en-la-sierra-norte\/\"><span style=\"font-size:small;\"><i><b>mayo espectacular<\/b><\/i><\/span><\/a><span style=\"font-size:small;\">.<\/span><\/p>\n<p align=\"LEFT\"><span style=\"font-size:small;\"><a href=\"https:\/\/laveredadepuebla.files.wordpress.com\/2018\/05\/180523-iprima-1.jpg\"><img loading=\"lazy\" decoding=\"async\" class=\"alignright wp-image-20080\" src=\"https:\/\/blog.sierranortedeguadalajara.com\/wp-content\/uploads\/2023\/02\/180523-iprima-1.jpg\" alt=\"\" width=\"240\" height=\"180\" \/><\/a><a href=\"https:\/\/laveredadepuebla.files.wordpress.com\/2018\/05\/180523-iprima-2.jpg\"><img loading=\"lazy\" decoding=\"async\" class=\"alignleft wp-image-20081\" src=\"https:\/\/blog.sierranortedeguadalajara.com\/wp-content\/uploads\/2023\/02\/180523-iprima-2.jpg\" alt=\"\" width=\"240\" height=\"180\" \/><\/a>Incluso me atrever\u00eda a presentar decenas de lugares poco accesibles que est\u00e1n especialmente bellos estos d\u00edas. Pero si lo hiciera, dejar\u00edan serlo. La masificaci\u00f3n y la basura acabar\u00edan con ellos en pocos a\u00f1os. <\/span><span style=\"color:#800000;\"><span style=\"font-size:small;\"><b>El Chorro <\/b><\/span><\/span><span style=\"font-size:small;\">es un claro ejemplo, que no debe repetirse.<\/span><\/p>\n<p><span style=\"font-size:small;\"><a href=\"https:\/\/laveredadepuebla.files.wordpress.com\/2018\/05\/180523-iprima-3.jpg\"><img loading=\"lazy\" decoding=\"async\" class=\"alignleft wp-image-20082\" src=\"https:\/\/blog.sierranortedeguadalajara.com\/wp-content\/uploads\/2023\/02\/180523-iprima-3.jpg\" alt=\"\" width=\"240\" height=\"320\" \/><\/a><a href=\"https:\/\/laveredadepuebla.files.wordpress.com\/2018\/05\/180523-iprima-4.jpg\"><img loading=\"lazy\" decoding=\"async\" class=\"alignright wp-image-20083\" src=\"https:\/\/blog.sierranortedeguadalajara.com\/wp-content\/uploads\/2023\/02\/180523-iprima-4.jpg\" alt=\"\" width=\"240\" height=\"320\" \/><\/a>Algunos me critican por no indicar claramente rutas desde las que es posible tomar im\u00e1genes in\u00e9ditas de lugares desconocidos y v\u00edrgenes de nuestra sierra. Agradezco las cr\u00edticas, pero no me har\u00e1n cambiar de parecer. <\/span><\/p>\n<p align=\"LEFT\"><span style=\"font-size:small;\"><a href=\"https:\/\/laveredadepuebla.files.wordpress.com\/2018\/05\/180523-iprima-5.jpg\"><img loading=\"lazy\" decoding=\"async\" class=\"alignright wp-image-20084\" src=\"https:\/\/blog.sierranortedeguadalajara.com\/wp-content\/uploads\/2023\/02\/180523-iprima-5.jpg\" alt=\"\" width=\"240\" height=\"180\" \/><\/a><a href=\"https:\/\/laveredadepuebla.files.wordpress.com\/2018\/05\/180523-iprima-6.jpg\"><img loading=\"lazy\" decoding=\"async\" class=\"alignleft wp-image-20085\" src=\"https:\/\/blog.sierranortedeguadalajara.com\/wp-content\/uploads\/2023\/02\/180523-iprima-6.jpg\" alt=\"\" width=\"240\" height=\"180\" \/><\/a>Seguir\u00e9 mostrando los encantos de esta sierra, pero <\/span><a href=\"https:\/\/blog.laveredadepuebla.com\/2012\/11\/30\/decalogo-del-turista-rural\/\"><span style=\"font-size:small;\"><i><b>no fomentar\u00e9 que el turismo masivo<\/b><\/i><\/span><\/a><span style=\"font-size:small;\"> acabe con sus encantos. Si te interesa alg\u00fan lugar, ruta, imagen &#8230;\u00a0 solo debes enviarme un mensaje privado y tratar\u00e9 de ayudarte &#8230; si prometes dejarlo como lo hallaste.<br \/>\n<\/span><\/p>\n<p align=\"JUSTIFY\"><i><b>Lar-ami<\/b><\/i><\/p>\n","protected":false},"excerpt":{"rendered":"<p>Podr\u00eda incluir en este post cientos de im\u00e1genes que muestran la plenitud de la Sierra Norte de Guadalajara en este mayo espectacular. Incluso me atrever\u00eda a presentar decenas de lugares poco accesibles que est\u00e1n especialmente bellos estos d\u00edas. Pero si lo hiciera, dejar\u00edan serlo. La masificaci\u00f3n y la basura acabar\u00edan con ellos en pocos a\u00f1os. &hellip; <\/p>\n<p class=\"link-more\"><a href=\"https:\/\/blog.sierranortedeguadalajara.com\/?p=20079\" class=\"more-link\">Seguir leyendo<span class=\"screen-reader-text\"> \u00abIm\u00e1genes de la Sierra Norte en mayo\u00bb<\/span><\/a><\/p>\n","protected":false},"author":1,"featured_media":0,"comment_status":"open","ping_status":"open","sticky":false,"template":"","format":"standard","meta":{"footnotes":""},"categories":[12,17,15],"tags":[2,4,26,7,10],"class_list":["post-20079","post","type-post","status-publish","format-standard","hentry","category-actualidad","category-paisajes-y-lugares-de-la-sierra-norte","category-rincones-de-guadalajara","tag-actualidad","tag-cultura","tag-el-vado","tag-naturaleza","tag-sierra-norte","entry"],"_links":{"self":[{"href":"https:\/\/blog.sierranortedeguadalajara.com\/index.php?rest_route=\/wp\/v2\/posts\/20079","targetHints":{"allow":["GET"]}}],"collection":[{"href":"https:\/\/blog.sierranortedeguadalajara.com\/index.php?rest_route=\/wp\/v2\/posts"}],"about":[{"href":"https:\/\/blog.sierranortedeguadalajara.com\/index.php?rest_route=\/wp\/v2\/types\/post"}],"author":[{"embeddable":true,"href":"https:\/\/blog.sierranortedeguadalajara.com\/index.php?rest_route=\/wp\/v2\/users\/1"}],"replies":[{"embeddable":true,"href":"https:\/\/blog.sierranortedeguadalajara.com\/index.php?rest_route=%2Fwp%2Fv2%2Fcomments&post=20079"}],"version-history":[{"count":1,"href":"https:\/\/blog.sierranortedeguadalajara.com\/index.php?rest_route=\/wp\/v2\/posts\/20079\/revisions"}],"predecessor-version":[{"id":26042,"href":"https:\/\/blog.sierranortedeguadalajara.com\/index.php?rest_route=\/wp\/v2\/posts\/20079\/revisions\/26042"}],"wp:attachment":[{"href":"https:\/\/blog.sierranortedeguadalajara.com\/index.php?rest_route=%2Fwp%2Fv2%2Fmedia&parent=20079"}],"wp:term":[{"taxonomy":"category","embeddable":true,"href":"https:\/\/blog.sierranortedeguadalajara.com\/index.php?rest_route=%2Fwp%2Fv2%2Fcategories&post=20079"},{"taxonomy":"post_tag","embeddable":true,"href":"https:\/\/blog.sierranortedeguadalajara.com\/index.php?rest_route=%2Fwp%2Fv2%2Ftags&post=20079"}],"curies":[{"name":"wp","href":"https:\/\/api.w.org\/{rel}","templated":true}]}}