{"id":20067,"date":"2018-05-25T00:05:12","date_gmt":"2018-05-24T22:05:12","guid":{"rendered":"http:\/\/blog.laveredadepuebla.com\/?p=20067"},"modified":"2023-02-10T12:09:35","modified_gmt":"2023-02-10T12:09:35","slug":"evolucion-de-los-pueblos-de-la-sierra-norte-y-sus-problemas","status":"publish","type":"post","link":"https:\/\/blog.sierranortedeguadalajara.com\/?p=20067","title":{"rendered":"Evoluci\u00f3n de los pueblos de la Sierra Norte y sus problemas"},"content":{"rendered":"<p align=\"LEFT\"><span style=\"font-size:small;\">Los problemas de la <\/span><a href=\"https:\/\/blog.laveredadepuebla.com\/2016\/05\/10\/el-mapa-de-la-sierra-norte\/\"><span style=\"font-size:small;\"><i><b>Sierra Norte<\/b><\/i><\/span><\/a><span style=\"font-size:small;\"> vienen de lejos. Aunque cambien de aspecto, siguen siendo los mismos, tal y como puede constatarse en el anuario del peri\u00f3dico <\/span><a href=\"http:\/\/nuevaalcarria.com\"><span style=\"font-size:small;\"><i><b>Nueva Alcarria <\/b><\/i><\/span><\/a><span style=\"font-size:small;\">de 1.979:<\/span><\/p>\n<ul>\n<li><span style=\"color:#7e0021;\"><span style=\"font-size:small;\"><i><b>Carreteras : <\/b><\/i><\/span><\/span><span style=\"color:#000000;\"><span style=\"font-size:small;\">los vecinos de<\/span><\/span><i><b> <\/b><\/i><span style=\"color:#7e0021;\"><span style=\"font-size:small;\"><i><b>Valverde de los Arroyos<\/b><\/i><\/span><\/span><i> <\/i><span style=\"color:#000000;\"><span style=\"font-size:small;\">denunciaban el mal estado de la carretera, y los de <\/span><\/span><span style=\"color:#7e0021;\"><span style=\"font-size:small;\"><i><b>La Mi\u00f1osa <\/b><\/i><\/span><\/span><span style=\"color:#000000;\"><span style=\"font-size:small;\">ped\u00edan que el camino hasta el cruce fuese carretera. <\/span><\/span><span style=\"color:#7e0021;\"><span style=\"font-size:small;\"><b>En 2.018 basta cambiar los nombres por<\/b><\/span><\/span> <a href=\"http:\/\/cadenaser.com\/emisora\/2018\/03\/01\/ser_guadalajara\/1519905822_508408.html\"><span style=\"color:#000000;\"><span style=\"font-size:small;\"><i><b>San Andr\u00e9s del Congosto <\/b><\/i><\/span><\/span><\/a><span style=\"color:#000000;\"><span style=\"font-size:small;\">y <\/span><\/span><a href=\"http:\/\/www.cmmedia.es\/noticias\/castilla-la-mancha\/vecinos-de-la-toba-guadalajara-cortan-la-carretera-cm-1053-para-exigir-su-arreglo\/\"><span style=\"color:#000000;\"><span style=\"font-size:small;\"><i><b>La Toba. <\/b><\/i><\/span><\/span><\/a><\/li>\n<li>\n<figure id=\"attachment_20068\" aria-describedby=\"caption-attachment-20068\" style=\"width: 240px\" class=\"wp-caption alignright\"><a href=\"https:\/\/laveredadepuebla.files.wordpress.com\/2018\/05\/180523-evolucion-1.jpg\"><img loading=\"lazy\" decoding=\"async\" class=\"wp-image-20068\" src=\"https:\/\/blog.sierranortedeguadalajara.com\/wp-content\/uploads\/2023\/02\/180523-evolucion-1.jpg\" alt=\"\" width=\"240\" height=\"180\" \/><\/a><figcaption id=\"caption-attachment-20068\" class=\"wp-caption-text\"><strong><em>Cortesia Nueva Alcarria<\/em><\/strong><\/figcaption><\/figure>\n<p><span style=\"color:#7e0021;\"><span style=\"font-size:small;\"><i><b>Basura en los campos: <\/b><\/i><\/span><\/span><span style=\"color:#000000;\"><span style=\"font-size:small;\">A las marchas diocesanas de Barbatona<\/span><\/span><b> <\/b><span style=\"color:#7e0021;\"><span style=\"font-size:small;\"><i><b>(19 mayo 79)<\/b><\/i><\/span><\/span><b> <\/b><span style=\"color:#000000;\"><span style=\"font-size:small;\">acudieron <\/span><\/span><span style=\"color:#000000;\"><span style=\"font-size:small;\">20.000 personas. <\/span><\/span><span style=\"color:#7e0021;\"><span style=\"font-size:small;\"><b>Nueva Alcarria<\/b><\/span><\/span><span style=\"color:#000000;\"><span style=\"font-size:small;\"> explicaba una semana despu\u00e9s que los visitantes dejaron praderas y pinares llenos de latas, botes, pl\u00e1sticos, botellas, basuras y desperdicios. <\/span><\/span><span style=\"color:#7e0021;\"><span style=\"font-size:small;\"><b>Cambien romer\u00eda <\/b><\/span><\/span><span style=\"color:#000000;\"><span style=\"font-size:small;\"><i><b>p<a href=\"https:\/\/blog.laveredadepuebla.com\/2013\/01\/08\/recogida-de-niscalos-un-problema-sin-resolver\/\">or n\u00edscalos <\/a><\/b><\/i><\/span><\/span><i> <\/i><span style=\"color:#7e0021;\"><span style=\"font-size:small;\"><b> y\/o Barbatona <\/b><\/span><\/span><span style=\"color:#000000;\"><span style=\"font-size:small;\">por lugares serranos que se han convertido en un problema.<\/span><\/span><\/li>\n<li><span style=\"color:#7e0021;\"><span style=\"font-size:small;\"><i><b>Restauraci\u00f3n monumentos:<\/b><\/i><\/span><\/span> <span style=\"color:#000000;\"><span style=\"font-size:small;\">Se denunciaba en 1.979 que se hab\u00eda arreglado el Palacio de los Mendoza de <\/span><\/span><a href=\"http:\/\/www.tamajon.com\"><span style=\"color:#000000;\"><span style=\"font-size:small;\"><i><b>Tamaj\u00f3n<\/b><\/i><\/span><\/span> <\/a><span style=\"color:#000000;\"><span style=\"font-size:small;\"><i>(pero solo la fachada)<\/i><\/span><\/span><span style=\"color:#000000;\"><span style=\"font-size:small;\"> y que el interior estaba en ruinas <\/span><\/span><a href=\"https:\/\/www.eldiario.es\/clm\/comenzado-restauracion-recuperacion-Monasterio-Bonaval_0_713928906.html\"><span style=\"color:#000000;\"><span style=\"font-size:small;\"><i><b>(\u00bfles resulta familiar?)<\/b><\/i><\/span><\/span><\/a><span style=\"color:#000000;\"><span style=\"font-size:small;\"> La iglesia tambi\u00e9n estaba en muy mal estado debido a que los republicanos construyeron en la guerra civil un refugio antia\u00e9reo bajo la sacrist\u00eda <\/span><\/span><span style=\"color:#000000;\"><span style=\"font-size:small;\"><i><b>(\u00bfles recuerda algo?)<\/b><\/i><\/span><\/span><\/li>\n<li>\n<figure id=\"attachment_20071\" aria-describedby=\"caption-attachment-20071\" style=\"width: 180px\" class=\"wp-caption alignleft\"><a href=\"https:\/\/laveredadepuebla.files.wordpress.com\/2018\/05\/180523-evolucion-2.jpg\"><img loading=\"lazy\" decoding=\"async\" class=\"wp-image-20071\" src=\"https:\/\/blog.sierranortedeguadalajara.com\/wp-content\/uploads\/2023\/02\/180523-evolucion-2.jpg\" alt=\"\" width=\"180\" height=\"240\" \/><\/a><figcaption id=\"caption-attachment-20071\" class=\"wp-caption-text\"><em><strong>Cortesia Nueva Alcarria<\/strong><\/em><\/figcaption><\/figure>\n<p><span style=\"color:#7e0021;\"><span style=\"font-size:small;\"><i><b>Idemnizaciones por da\u00f1os de animales: <\/b><\/i><\/span><\/span><span style=\"color:#000000;\"><span style=\"font-size:small;\">el 14 de julio los agricultores de <\/span><\/span><span style=\"color:#000000;\"><span style=\"font-size:small;\"><i><b>Puebla de Valles<\/b><\/i><\/span><\/span><span style=\"color:#000000;\"><span style=\"font-size:small;\"> denunciaban los <\/span><\/span><span style=\"color:#7e0021;\"><span style=\"font-size:small;\"><b>da\u00f1os que causaban los jabal\u00edes en los sembrados <\/b><\/span><\/span><span style=\"color:#000000;\"><span style=\"font-size:small;\">que bajaban del Sonsaz. Las indemnizaciones calculadas estaban muy por debajo de su valor real y se pagaban tarde. <\/span><\/span><span style=\"color:#7e0021;\"><span style=\"font-size:small;\"><b>Cambien jabal\u00edes por buitres y\/o lobos<\/b><\/span><\/span><span style=\"color:#000000;\"><span style=\"font-size:small;\">, sembrados por ganado, y Puebla por<\/span><\/span><span style=\"color:#800000;\"><span style=\"font-size:small;\"><i><b> Galve de Sorbe, Cantalojas,<\/b><\/i><\/span><span style=\"font-size:small;\">&#8230;<\/span><\/span><\/li>\n<\/ul>\n<p align=\"LEFT\"><span style=\"color:#000000;\"><span style=\"font-size:small;\">Los alcaldes de UCD <\/span><\/span><span style=\"color:#000000;\"><span style=\"font-size:small;\"><i><span style=\"color:#800000;\">(Tamaj\u00f3n, Retiendas, Cogolludo, Puebla de Valles, Valverde de los Arroyos, &#8230;)<\/span> <\/i><\/span><\/span><span style=\"color:#000000;\"><span style=\"font-size:small;\">se reunieron para exigir mejores condiciones para sus pueblos; remitieron una carta a Nueva Alcarria que no tiene desperdicio. Estas reuniones de partido se siguen produciendo, aunque su efectividad resulta escasa.<\/span><\/span><\/p>\n<p align=\"JUSTIFY\"><i><b>Lar-ami<\/b><\/i><\/p>\n","protected":false},"excerpt":{"rendered":"<p>Los problemas de la Sierra Norte vienen de lejos. Aunque cambien de aspecto, siguen siendo los mismos, tal y como puede constatarse en el anuario del peri\u00f3dico Nueva Alcarria de 1.979: Carreteras : los vecinos de Valverde de los Arroyos denunciaban el mal estado de la carretera, y los de La Mi\u00f1osa ped\u00edan que el &hellip; <\/p>\n<p class=\"link-more\"><a href=\"https:\/\/blog.sierranortedeguadalajara.com\/?p=20067\" class=\"more-link\">Seguir leyendo<span class=\"screen-reader-text\"> \u00abEvoluci\u00f3n de los pueblos de la Sierra Norte y sus problemas\u00bb<\/span><\/a><\/p>\n","protected":false},"author":1,"featured_media":0,"comment_status":"open","ping_status":"open","sticky":false,"template":"","format":"standard","meta":{"footnotes":""},"categories":[12,6,17,15],"tags":[2,4,5,7,8,10,21],"class_list":["post-20067","post","type-post","status-publish","format-standard","hentry","category-actualidad","category-mundo-rural","category-paisajes-y-lugares-de-la-sierra-norte","category-rincones-de-guadalajara","tag-actualidad","tag-cultura","tag-historia","tag-naturaleza","tag-puebla-de-valles","tag-sierra-norte","tag-tamajon","entry"],"_links":{"self":[{"href":"https:\/\/blog.sierranortedeguadalajara.com\/index.php?rest_route=\/wp\/v2\/posts\/20067","targetHints":{"allow":["GET"]}}],"collection":[{"href":"https:\/\/blog.sierranortedeguadalajara.com\/index.php?rest_route=\/wp\/v2\/posts"}],"about":[{"href":"https:\/\/blog.sierranortedeguadalajara.com\/index.php?rest_route=\/wp\/v2\/types\/post"}],"author":[{"embeddable":true,"href":"https:\/\/blog.sierranortedeguadalajara.com\/index.php?rest_route=\/wp\/v2\/users\/1"}],"replies":[{"embeddable":true,"href":"https:\/\/blog.sierranortedeguadalajara.com\/index.php?rest_route=%2Fwp%2Fv2%2Fcomments&post=20067"}],"version-history":[{"count":1,"href":"https:\/\/blog.sierranortedeguadalajara.com\/index.php?rest_route=\/wp\/v2\/posts\/20067\/revisions"}],"predecessor-version":[{"id":26035,"href":"https:\/\/blog.sierranortedeguadalajara.com\/index.php?rest_route=\/wp\/v2\/posts\/20067\/revisions\/26035"}],"wp:attachment":[{"href":"https:\/\/blog.sierranortedeguadalajara.com\/index.php?rest_route=%2Fwp%2Fv2%2Fmedia&parent=20067"}],"wp:term":[{"taxonomy":"category","embeddable":true,"href":"https:\/\/blog.sierranortedeguadalajara.com\/index.php?rest_route=%2Fwp%2Fv2%2Fcategories&post=20067"},{"taxonomy":"post_tag","embeddable":true,"href":"https:\/\/blog.sierranortedeguadalajara.com\/index.php?rest_route=%2Fwp%2Fv2%2Ftags&post=20067"}],"curies":[{"name":"wp","href":"https:\/\/api.w.org\/{rel}","templated":true}]}}