{"id":20045,"date":"2018-05-04T00:05:46","date_gmt":"2018-05-03T22:05:46","guid":{"rendered":"http:\/\/blog.laveredadepuebla.com\/?p=20045"},"modified":"2023-02-10T12:09:35","modified_gmt":"2023-02-10T12:09:35","slug":"las-aves-de-la-sierra-norte-estan-en-huevos","status":"publish","type":"post","link":"https:\/\/blog.sierranortedeguadalajara.com\/?p=20045","title":{"rendered":"Las aves de la Sierra Norte est\u00e1n en huevos"},"content":{"rendered":"<p align=\"LEFT\"><span style=\"font-size:small;\"><a href=\"https:\/\/laveredadepuebla.files.wordpress.com\/2018\/05\/180504-ave-3.jpg\"><img loading=\"lazy\" decoding=\"async\" class=\"alignleft wp-image-20048\" src=\"https:\/\/blog.sierranortedeguadalajara.com\/wp-content\/uploads\/2023\/02\/180504-ave-3.jpg\" alt=\"\" width=\"240\" height=\"180\" \/><\/a>Esta expresi\u00f3n tan serrana indica que las aves ya construyeron nido y est\u00e1n incubando. En los primeros d\u00edas de mayo el comportamiento de los animales cambia. <\/span><span style=\"color:#7e0021;\"><span style=\"font-size:small;\"><i>Los topos excavan y ampl\u00edan su topera, el corzo macho se deja ver, ya no oye al picapino taladrar troncos, \u2026. <\/i><\/span><\/span><span style=\"font-size:small;\">A la <\/span><a href=\"https:\/\/www.seo.org\/ave\/perdiz-roja\/\"><span style=\"font-size:small;\"><i><b>perdiz roja <\/b><\/i><\/span><\/a><span style=\"font-size:small;\">se <\/span><span style=\"font-size:small;\">la ve en pareja, cercana a cascos urbanos y\/o a caminos transitados, menos asustadizas <\/span><span style=\"font-size:small;\"><i>(no levantan el vuelo al menor ruido),<\/i><\/span><span style=\"font-size:small;\"> se dejan fotografiar en su medio natural y desde diferentes perspectivas. \u00a1<span style=\"color:#800000;\"><em><strong>Una gozada<\/strong><\/em><\/span>!<\/span><\/p>\n<p align=\"LEFT\"><span style=\"font-size:small;\"><a href=\"https:\/\/laveredadepuebla.files.wordpress.com\/2018\/05\/180504-ave-2.jpg\"><img loading=\"lazy\" decoding=\"async\" class=\"alignright wp-image-20047\" src=\"https:\/\/blog.sierranortedeguadalajara.com\/wp-content\/uploads\/2023\/02\/180504-ave-2.jpg\" alt=\"\" width=\"240\" height=\"180\" \/><\/a><a href=\"https:\/\/laveredadepuebla.files.wordpress.com\/2018\/05\/180504-ave-1.jpg\"><img loading=\"lazy\" decoding=\"async\" class=\"alignleft wp-image-20046\" src=\"https:\/\/blog.sierranortedeguadalajara.com\/wp-content\/uploads\/2023\/02\/180504-ave-1.jpg\" alt=\"\" width=\"240\" height=\"180\" \/><\/a>Este a\u00f1o, por efectos de la climatolog\u00eda las aves paseriformes a\u00fan siguen de cortejo, como reflejan sus cantos, un aut\u00e9ntico regalo para los sentidos: <\/span><span style=\"color:#800000;\"><span style=\"font-size:small;\"><i>ruise\u00f1or, verdoncillo, jilguero, ruise\u00f1or bastardo, \u2026 <\/i><\/span><\/span><span style=\"color:#000000;\"><span style=\"font-size:small;\">O<\/span><\/span><span style=\"font-size:small;\">tros menos dotados para el canto <\/span><span style=\"color:#7e0021;\"><span style=\"font-size:small;\"><i>(mirlas, abubillas, mirtos, colirrojos, autillos, \u2026)<\/i><\/span><\/span><span style=\"font-size:small;\"> mezclan sus sonidos con los del campo.<\/span><\/p>\n<p align=\"LEFT\"><span style=\"font-size:small;\">As\u00ed se manifiestan en <\/span><a href=\"https:\/\/blog.laveredadepuebla.com\/2015\/09\/23\/puebla-de-valles-y-sus-carcavas\/\"><span style=\"font-size:small;\"><i><b>Puebla de Valles <\/b><\/i><\/span><\/a><span style=\"font-size:small;\">y pueblos vecinos. Porque has de saber que este tiempo en la <\/span><a href=\"https:\/\/blog.laveredadepuebla.com\/2016\/05\/10\/el-mapa-de-la-sierra-norte\/\"><span style=\"font-size:small;\"><i><b>Sierra Norte de Guadalajara <\/b><\/i><\/span><\/a><span style=\"font-size:small;\">es ideal para rutas cuyo <\/span><span style=\"color:#7e0021;\"><span style=\"font-size:small;\"><i><b>\u00fanico objetivo sea sentirse integrado en la naturaleza.<\/b><\/i><\/span><\/span><span style=\"color:#000000;\"><span style=\"font-size:small;\"><b><br \/>\n<\/b><\/span><\/span><\/p>\n<p align=\"JUSTIFY\"><i><b>Lar-ami<\/b><\/i><\/p>\n","protected":false},"excerpt":{"rendered":"<p>Esta expresi\u00f3n tan serrana indica que las aves ya construyeron nido y est\u00e1n incubando. En los primeros d\u00edas de mayo el comportamiento de los animales cambia. Los topos excavan y ampl\u00edan su topera, el corzo macho se deja ver, ya no oye al picapino taladrar troncos, \u2026. A la perdiz roja se la ve en &hellip; <\/p>\n<p class=\"link-more\"><a href=\"https:\/\/blog.sierranortedeguadalajara.com\/?p=20045\" class=\"more-link\">Seguir leyendo<span class=\"screen-reader-text\"> \u00abLas aves de la Sierra Norte est\u00e1n en huevos\u00bb<\/span><\/a><\/p>\n","protected":false},"author":1,"featured_media":0,"comment_status":"open","ping_status":"open","sticky":false,"template":"","format":"standard","meta":{"footnotes":""},"categories":[12,6],"tags":[2,4,7,8,10],"class_list":["post-20045","post","type-post","status-publish","format-standard","hentry","category-actualidad","category-mundo-rural","tag-actualidad","tag-cultura","tag-naturaleza","tag-puebla-de-valles","tag-sierra-norte","entry"],"_links":{"self":[{"href":"https:\/\/blog.sierranortedeguadalajara.com\/index.php?rest_route=\/wp\/v2\/posts\/20045","targetHints":{"allow":["GET"]}}],"collection":[{"href":"https:\/\/blog.sierranortedeguadalajara.com\/index.php?rest_route=\/wp\/v2\/posts"}],"about":[{"href":"https:\/\/blog.sierranortedeguadalajara.com\/index.php?rest_route=\/wp\/v2\/types\/post"}],"author":[{"embeddable":true,"href":"https:\/\/blog.sierranortedeguadalajara.com\/index.php?rest_route=\/wp\/v2\/users\/1"}],"replies":[{"embeddable":true,"href":"https:\/\/blog.sierranortedeguadalajara.com\/index.php?rest_route=%2Fwp%2Fv2%2Fcomments&post=20045"}],"version-history":[{"count":1,"href":"https:\/\/blog.sierranortedeguadalajara.com\/index.php?rest_route=\/wp\/v2\/posts\/20045\/revisions"}],"predecessor-version":[{"id":26076,"href":"https:\/\/blog.sierranortedeguadalajara.com\/index.php?rest_route=\/wp\/v2\/posts\/20045\/revisions\/26076"}],"wp:attachment":[{"href":"https:\/\/blog.sierranortedeguadalajara.com\/index.php?rest_route=%2Fwp%2Fv2%2Fmedia&parent=20045"}],"wp:term":[{"taxonomy":"category","embeddable":true,"href":"https:\/\/blog.sierranortedeguadalajara.com\/index.php?rest_route=%2Fwp%2Fv2%2Fcategories&post=20045"},{"taxonomy":"post_tag","embeddable":true,"href":"https:\/\/blog.sierranortedeguadalajara.com\/index.php?rest_route=%2Fwp%2Fv2%2Ftags&post=20045"}],"curies":[{"name":"wp","href":"https:\/\/api.w.org\/{rel}","templated":true}]}}