{"id":20009,"date":"2018-04-29T09:47:13","date_gmt":"2018-04-29T07:47:13","guid":{"rendered":"http:\/\/blog.laveredadepuebla.com\/?p=20009"},"modified":"2023-02-10T12:09:35","modified_gmt":"2023-02-10T12:09:35","slug":"las-cascadas-del-aljibeel-camino-de-vuelta","status":"publish","type":"post","link":"https:\/\/blog.sierranortedeguadalajara.com\/?p=20009","title":{"rendered":"Las cascadas del Aljibe:el camino de vuelta"},"content":{"rendered":"<p align=\"LEFT\"><span style=\"font-size:small;\">Tras disfrutar de las <\/span><a href=\"https:\/\/www.youtube.com\/watch?v=tScjlUL9dqM\"><span style=\"font-size:small;\"><i><b>cascadas <\/b><\/i><\/span><\/a><span style=\"font-size:small;\">retomamos la senda que nos trajo, pero en la bifurcaci\u00f3n <\/span><span style=\"font-size:small;\"><i>(a unos 500 mts)<\/i><\/span><span style=\"font-size:small;\"> cogemos el ramal de la izquierda, que baja paralelo al <\/span><span style=\"font-size:small;\"><i><b>J<a href=\"https:\/\/blog.laveredadepuebla.com\/2009\/08\/27\/rio-jarama\/\">arama<\/a>. <\/b><\/i><\/span><span style=\"font-size:small;\">Las vistas resultan espectaculares, con <\/span><span style=\"color:#7e0021;\"><span style=\"font-size:small;\"><b>Matallana<\/b><\/span><\/span><i><b> <\/b><\/i><span style=\"font-size:small;\">surgiendo majestuosa entre las encinas.<\/span><\/p>\n<p align=\"LEFT\"><span style=\"font-size:small;\"><a href=\"https:\/\/laveredadepuebla.files.wordpress.com\/2018\/04\/180504-vuelta-1.jpg\"><img loading=\"lazy\" decoding=\"async\" class=\"alignright wp-image-20010\" src=\"https:\/\/blog.sierranortedeguadalajara.com\/wp-content\/uploads\/2023\/02\/180504-vuelta-1.jpg\" alt=\"\" width=\"240\" height=\"180\" \/><\/a><a href=\"https:\/\/laveredadepuebla.files.wordpress.com\/2018\/04\/180504-vuelta-2.jpg\"><img loading=\"lazy\" decoding=\"async\" class=\"alignleft wp-image-20011\" src=\"https:\/\/blog.sierranortedeguadalajara.com\/wp-content\/uploads\/2023\/02\/180504-vuelta-2.jpg\" alt=\"\" width=\"240\" height=\"180\" \/><\/a>La llegada al <\/span><a href=\"https:\/\/blog.laveredadepuebla.com\/2015\/09\/21\/el-puente-de-los-trillos\/\"><span style=\"font-size:small;\"><i><b>puente de los Trillos <\/b><\/i><\/span><\/a><span style=\"font-size:small;\">impresiona. Bajo el nuevo se ha conservado el puente original <\/span><span style=\"font-size:small;\"><i>(los trillos), <\/i><\/span><span style=\"font-size:small;\">cuyos pilares est\u00e1 30 metros rio abajo. Las aguas bajaban bravas, levantando olas de espuma. Este d\u00eda los arroyos corr\u00edan como antes, formando cascadas <\/span><span style=\"font-size:small;\"><i>(como el que baja cerca de los pilares viejos). <\/i><\/span><span style=\"font-size:small;\">Si hay fuerzas, una vereda sube hasta <\/span><a href=\"https:\/\/blog.laveredadepuebla.com\/2014\/08\/14\/la-matallana\/\"><span style=\"font-size:small;\"><i><b>Matallana <\/b><\/i><\/span><\/a><span style=\"font-size:small;\"><i>(20\u00b4), <\/i><\/span><span style=\"font-size:small;\">un pueblo semi- abandonado, negro y aut\u00e9ntico, que no defrauda. <\/span><\/p>\n<p align=\"LEFT\"><span style=\"font-size:small;\"><a href=\"https:\/\/laveredadepuebla.files.wordpress.com\/2018\/04\/180504-vuelta-3.jpg\"><img loading=\"lazy\" decoding=\"async\" class=\"alignright wp-image-20012\" src=\"https:\/\/blog.sierranortedeguadalajara.com\/wp-content\/uploads\/2023\/02\/180504-vuelta-3.jpg\" alt=\"\" width=\"240\" height=\"180\" \/><\/a><a href=\"https:\/\/laveredadepuebla.files.wordpress.com\/2018\/04\/180504-vuelta-4.jpg\"><img loading=\"lazy\" decoding=\"async\" class=\"alignleft wp-image-20013\" src=\"https:\/\/blog.sierranortedeguadalajara.com\/wp-content\/uploads\/2023\/02\/180504-vuelta-4.jpg\" alt=\"\" width=\"240\" height=\"180\" \/><\/a>La pista de vuelta nace en el puente; solo hay que seguirla hasta Roblelacasa. <\/span><span style=\"font-size:small;\">Pero no te distraigas; hay instantes en los que, en una sola imagen, aparecen<\/span><a href=\"https:\/\/blog.laveredadepuebla.com\/2011\/11\/25\/esos-pueblos-negros\/\"><span style=\"font-size:small;\"><i><b> 4 pueblos negros <\/b><\/i><\/span><\/a><span style=\"color:#7e0021;\"><span style=\"font-size:small;\"><i><b>(Roblelacasa, Campillo de Ranas, Majaelrayo, Robleluengo<\/b><\/i><\/span><\/span><span style=\"font-size:small;\">), adem\u00e1s del <\/span><a href=\"https:\/\/blog.laveredadepuebla.com\/2014\/09\/15\/padre-ocejon\/\"><span style=\"font-size:small;\"><i><b>Ocej\u00f3n<\/b><\/i><\/span><\/a><span style=\"font-size:small;\">, la <\/span><a href=\"https:\/\/blog.laveredadepuebla.com\/2016\/10\/18\/la-pista-blanca\/\"><span style=\"font-size:small;\"><i><b>pista blanca<\/b><\/i><\/span><\/a><span style=\"font-size:small;\">, la carretera del <\/span><a href=\"https:\/\/blog.laveredadepuebla.com\/2014\/06\/13\/el-puerto-de-la-quesera-2\/\"><span style=\"font-size:small;\"><i><b>Puerto de la Quesera<\/b><\/i><\/span><\/a><span style=\"font-size:small;\">, el<\/span><i> <\/i><span style=\"color:#7e0021;\"><span style=\"font-size:small;\"><i><b>Pico del Lobo,<\/b><\/i><\/span><\/span><span style=\"color:#7e0021;\"><span style=\"font-size:small;\"><b>&#8230;<\/b><\/span><\/span><span style=\"color:#000000;\"><span style=\"font-size:small;\"> Las im\u00e1genes van cambiando con la perspectiva, seg\u00fan nos acercamos al pueblo.<\/span><\/span><\/p>\n<p align=\"LEFT\"><span style=\"color:#000000;\"><span style=\"font-size:small;\"><a href=\"https:\/\/laveredadepuebla.files.wordpress.com\/2018\/04\/180504-vuelta-5.jpg\"><img loading=\"lazy\" decoding=\"async\" class=\"alignleft wp-image-20014\" src=\"https:\/\/blog.sierranortedeguadalajara.com\/wp-content\/uploads\/2023\/02\/180504-vuelta-5.jpg\" alt=\"\" width=\"240\" height=\"180\" \/><\/a><a href=\"https:\/\/laveredadepuebla.files.wordpress.com\/2018\/04\/180504-vuelta-6.jpg\"><img loading=\"lazy\" decoding=\"async\" class=\"alignright wp-image-20015\" src=\"https:\/\/blog.sierranortedeguadalajara.com\/wp-content\/uploads\/2023\/02\/180504-vuelta-6.jpg\" alt=\"\" width=\"240\" height=\"180\" \/><\/a>Ya en el coche, de vuelta a <\/span><\/span><a href=\"https:\/\/blog.laveredadepuebla.com\/2013\/05\/06\/dicen-de-puebla-de-valles\/\"><span style=\"color:#000000;\"><span style=\"font-size:small;\"><i><b> Puebla de Valles<\/b><\/i><\/span><\/span><\/a><span style=\"color:#000000;\"><span style=\"font-size:small;\">, la <\/span><\/span><a href=\"https:\/\/blog.laveredadepuebla.com\/2015\/06\/25\/las-sierras-de-la-sierra-norte\/\"><span style=\"color:#000000;\"><span style=\"font-size:small;\"><i><b>Sierra de Concha<\/b><\/i><\/span><\/span><\/a><span style=\"color:#000000;\"><span style=\"font-size:small;\"> me regal\u00f3 esta preciosa imagen &#8230;y otras muchas, que no incluyo por no pecar de pesado. <\/span><\/span><\/p>\n<p align=\"LEFT\"><i><b>Lar-ami<\/b><\/i><\/p>\n","protected":false},"excerpt":{"rendered":"<p>Tras disfrutar de las cascadas retomamos la senda que nos trajo, pero en la bifurcaci\u00f3n (a unos 500 mts) cogemos el ramal de la izquierda, que baja paralelo al Jarama. Las vistas resultan espectaculares, con Matallana surgiendo majestuosa entre las encinas. La llegada al puente de los Trillos impresiona. Bajo el nuevo se ha conservado &hellip; <\/p>\n<p class=\"link-more\"><a href=\"https:\/\/blog.sierranortedeguadalajara.com\/?p=20009\" class=\"more-link\">Seguir leyendo<span class=\"screen-reader-text\"> \u00abLas cascadas del Aljibe:el camino de vuelta\u00bb<\/span><\/a><\/p>\n","protected":false},"author":1,"featured_media":0,"comment_status":"open","ping_status":"open","sticky":false,"template":"","format":"standard","meta":{"footnotes":""},"categories":[12,17,15],"tags":[2,4,35,7,38,8,37,10],"class_list":["post-20009","post","type-post","status-publish","format-standard","hentry","category-actualidad","category-paisajes-y-lugares-de-la-sierra-norte","category-rincones-de-guadalajara","tag-actualidad","tag-cultura","tag-jarama","tag-naturaleza","tag-ocejon","tag-puebla-de-valles","tag-pueblos-negros","tag-sierra-norte","entry"],"_links":{"self":[{"href":"https:\/\/blog.sierranortedeguadalajara.com\/index.php?rest_route=\/wp\/v2\/posts\/20009","targetHints":{"allow":["GET"]}}],"collection":[{"href":"https:\/\/blog.sierranortedeguadalajara.com\/index.php?rest_route=\/wp\/v2\/posts"}],"about":[{"href":"https:\/\/blog.sierranortedeguadalajara.com\/index.php?rest_route=\/wp\/v2\/types\/post"}],"author":[{"embeddable":true,"href":"https:\/\/blog.sierranortedeguadalajara.com\/index.php?rest_route=\/wp\/v2\/users\/1"}],"replies":[{"embeddable":true,"href":"https:\/\/blog.sierranortedeguadalajara.com\/index.php?rest_route=%2Fwp%2Fv2%2Fcomments&post=20009"}],"version-history":[{"count":1,"href":"https:\/\/blog.sierranortedeguadalajara.com\/index.php?rest_route=\/wp\/v2\/posts\/20009\/revisions"}],"predecessor-version":[{"id":26084,"href":"https:\/\/blog.sierranortedeguadalajara.com\/index.php?rest_route=\/wp\/v2\/posts\/20009\/revisions\/26084"}],"wp:attachment":[{"href":"https:\/\/blog.sierranortedeguadalajara.com\/index.php?rest_route=%2Fwp%2Fv2%2Fmedia&parent=20009"}],"wp:term":[{"taxonomy":"category","embeddable":true,"href":"https:\/\/blog.sierranortedeguadalajara.com\/index.php?rest_route=%2Fwp%2Fv2%2Fcategories&post=20009"},{"taxonomy":"post_tag","embeddable":true,"href":"https:\/\/blog.sierranortedeguadalajara.com\/index.php?rest_route=%2Fwp%2Fv2%2Ftags&post=20009"}],"curies":[{"name":"wp","href":"https:\/\/api.w.org\/{rel}","templated":true}]}}