{"id":19993,"date":"2018-05-02T00:05:37","date_gmt":"2018-05-01T22:05:37","guid":{"rendered":"http:\/\/blog.laveredadepuebla.com\/?p=19993"},"modified":"2023-02-10T12:09:35","modified_gmt":"2023-02-10T12:09:35","slug":"mayo-2-018-y-sus-fiestas-en-la-sierra-norte-de-guadalajara","status":"publish","type":"post","link":"https:\/\/blog.sierranortedeguadalajara.com\/?p=19993","title":{"rendered":"Mayo 2.018 y sus fiestas en la Sierra Norte de Guadalajara"},"content":{"rendered":"<p><span style=\"font-size:small;\">Mayo viene marcado por el florecer de las jaras, que en la <\/span><a href=\"https:\/\/blog.laveredadepuebla.com\/2016\/05\/10\/el-mapa-de-la-sierra-norte\/\"><span style=\"font-size:small;\"><i><b>Sierra Norte<\/b><\/i><\/span><\/a><span style=\"font-size:small;\"> resulta espectacular, y por el duro trabajo en huertos y campos. Es<\/span><span style=\"font-size:small;\"> tiempo de bendiciones y romer\u00edas a las que se suman eventos deportivos y l\u00fadicos que atraen a nuevos visitantes <\/span><span style=\"font-size:small;\"><i>(se agradece comuniquen aquellos que no figuran en esta relaci\u00f3n). <\/i><\/span><\/p>\n<ul>\n<li><span style=\"color:#000000;\"><span style=\"font-size:small;\"><b>Dia 3 <\/b><\/span><\/span><span style=\"color:#000000;\"><span style=\"font-size:small;\">bendici\u00f3n de los campos en<\/span><\/span><b> <\/b><span style=\"color:#7e0021;\"><span style=\"font-size:small;\"><i><b>Atienza<\/b><\/i><\/span><\/span><\/li>\n<li><span style=\"color:#000000;\"><span style=\"font-size:small;\"><b>6: <\/b><\/span><\/span><a href=\"https:\/\/blog.laveredadepuebla.com\/2010\/05\/06\/fiesta-de-la%C2%A0colacion\/\"><span style=\"color:#000000;\"><span style=\"font-size:small;\"><i><b> Fiesta de la colaci\u00f3n<\/b><\/i><\/span><\/span><\/a><span style=\"color:#000000;\"><span style=\"font-size:small;\"> en Almiruete<\/span><\/span><\/li>\n<li><span style=\"color:#000000;\"><span style=\"font-size:small;\"><b>12: <\/b><\/span><\/span><span style=\"color:#000000;\"><span style=\"font-size:small;\">Romer\u00eda de la Virgen de<\/span><\/span><b> <\/b><span style=\"color:#7e0021;\"><span style=\"font-size:small;\"><i><b>Mirabueno<\/b><\/i><\/span><\/span><\/li>\n<li><span style=\"color:#000000;\"><span style=\"font-size:small;\"><b>13: <\/b><\/span><\/span><span style=\"color:#000000;\"><span style=\"font-size:small;\">E<\/span><\/span><span style=\"color:#000000;\"><span style=\"font-size:small;\">n Sig\u00fcenza, <\/span><\/span><span style=\"color:#000000;\"><span style=\"font-size:small;\"><i>marcha al <\/i><\/span><\/span><a href=\"https:\/\/www.youtube.com\/watch?v=aL32KJxwiq8\"><span style=\"color:#000000;\"><span style=\"font-size:small;\"><i><b>Santuario de la Virgen de la Salud de Barbatona<\/b><\/i><\/span><\/span><\/a><\/li>\n<li><span style=\"color:#000000;\"><span style=\"font-size:small;\"><b>14 y 15<\/b><\/span><\/span><span style=\"color:#000000;\"><span style=\"font-size:small;\"> en <\/span><\/span><a href=\"http:\/\/www.cogolludo.es\/\"><span style=\"color:#000000;\"><span style=\"font-size:small;\"><i><b>Cogolludo<\/b><\/i><\/span><\/span><\/a><span style=\"color:#000000;\"><span style=\"font-size:small;\">, <\/span><\/span><b> <\/b><span style=\"color:#000000;\"><span style=\"font-size:small;\">luminarias y fiestas de San Isidro<\/span><\/span><\/li>\n<li><span style=\"color:#000000;\"><span style=\"font-size:small;\"><b>15 <\/b><\/span><\/span><span style=\"color:#000000;\"><span style=\"font-size:small;\">en <\/span><\/span><span style=\"color:#7e0021;\"><span style=\"font-size:small;\"><i><b>Arbanc\u00f3n, Jadraque y Valdepe\u00f1as de a Sierra<\/b><\/i><\/span><\/span><span style=\"color:#000000;\"><span style=\"font-size:small;\">, procesi\u00f3n de San Isidro, con <\/span><\/span><span style=\"color:#7e0021;\"><span style=\"color:#7e0021;\"><span style=\"font-size:small;\"><i><b>bendici\u00f3n de los campos y panes\u00a0<\/b><\/i><\/span><\/span><\/span><\/li>\n<\/ul>\n<p>http:\/\/www.youtube.com\/watch?v=pxvlr9pUr1g<\/p>\n<ul>\n<li>19<strong>: <em><span style=\"color:#800000;\">Arte en la Plaza<\/span><\/em><\/strong>, en Campillo de Ranas.<\/li>\n<li><span style=\"color:#000000;\"><span style=\"font-size:small;\"><b>20: <\/b><\/span><\/span><a href=\"http:\/\/atienza.biz\/fiestas_ver\/la-caballada\/ver\/6\"><span style=\"color:#000000;\"><span style=\"font-size:small;\"><i><b>La caballada de Atienza<\/b><\/i><\/span><\/span><\/a><\/li>\n<li><b>20<\/b> en J\u00f3car, <a href=\"https:\/\/blog.laveredadepuebla.com\/2014\/06\/10\/romeria-en-jocar\/\"><i><b>romer\u00eda de la Virgen de la Fuente<\/b><\/i><\/a><\/li>\n<li><span style=\"color:#000000;\"><span style=\"font-size:small;\"><b>22 <\/b><\/span><\/span><span style=\"color:#000000;\"><span style=\"font-size:small;\">Fiesta de San Quiteria en <\/span><\/span><span style=\"color:#7e0021;\"><span style=\"font-size:small;\"><i><b>Monasterio<\/b><\/i><\/span><\/span><\/li>\n<li><span style=\"color:#000000;\"><span style=\"font-size:small;\"><b>26<\/b><\/span><\/span> <a href=\"https:\/\/blog.laveredadepuebla.com\/2009\/05\/28\/la-romeria-de-penamira\/\"><span style=\"color:#000000;\"><span style=\"font-size:small;\"><i><b>Romeria de la Virgen de Pe\u00f1amira<\/b><\/i><\/span><\/span><\/a><span style=\"color:#000000;\"><span style=\"font-size:small;\"> desde La Mierla y Muriel (y los pueblos del Se\u00f1or\u00edo de Bele\u00f1a)<\/span><\/span><\/li>\n<li><span style=\"color:#000000;\"><span style=\"font-size:small;\"><b>26<\/b><\/span><\/span><span style=\"color:#000000;\"><span style=\"font-size:small;\"> en <\/span><\/span><span style=\"color:#000000;\"><span style=\"font-size:small;\"><i><b><a href=\"http:\/\/www.tamajon.com\">Tamaj\u00f3n<\/a>,<\/b><\/i><\/span><\/span><span style=\"color:#000000;\"><span style=\"font-size:small;\"> romer\u00eda de la Virgen de los Enebrales<\/span><\/span><\/li>\n<li><span style=\"color:#000000;\"><span style=\"font-size:small;\"><b>27 <\/b><\/span><\/span><span style=\"color:#000000;\"><span style=\"font-size:small;\">en <\/span><\/span><span style=\"color:#7e0021;\"><span style=\"font-size:small;\"><i><b>San Andr\u00e9s del Congosto<\/b><\/i><\/span><\/span><span style=\"color:#000000;\"><span style=\"font-size:small;\">, romer\u00eda de la Virgen de Sope\u00f1a<\/span><\/span><\/li>\n<\/ul>\n<p><span style=\"font-size:small;\">Si a\u00f1adimos naturaleza, historia, tradici\u00f3n, cultura, gastronom\u00eda, actividades,\u2026Argumentos para venir a la <\/span><a href=\"http:\/\/www.sierranortedeguadalajara.com\"><span style=\"font-size:small;\"><i><b>Sierra Norte <\/b><\/i><\/span><\/a><span style=\"font-size:small;\">no faltan. <\/span><\/p>\n<p align=\"JUSTIFY\"><span style=\"font-size:small;\"><i><b>Lar-ami<\/b><\/i><\/span><\/p>\n","protected":false},"excerpt":{"rendered":"<p>Mayo viene marcado por el florecer de las jaras, que en la Sierra Norte resulta espectacular, y por el duro trabajo en huertos y campos. Es tiempo de bendiciones y romer\u00edas a las que se suman eventos deportivos y l\u00fadicos que atraen a nuevos visitantes (se agradece comuniquen aquellos que no figuran en esta relaci\u00f3n). &hellip; <\/p>\n<p class=\"link-more\"><a href=\"https:\/\/blog.sierranortedeguadalajara.com\/?p=19993\" class=\"more-link\">Seguir leyendo<span class=\"screen-reader-text\"> \u00abMayo 2.018 y sus fiestas en la Sierra Norte de Guadalajara\u00bb<\/span><\/a><\/p>\n","protected":false},"author":1,"featured_media":0,"comment_status":"open","ping_status":"open","sticky":false,"template":"","format":"standard","meta":{"footnotes":""},"categories":[12,42,6,17],"tags":[2,100,4,5,10],"class_list":["post-19993","post","type-post","status-publish","format-standard","hentry","category-actualidad","category-fiestas-y-eventos","category-mundo-rural","category-paisajes-y-lugares-de-la-sierra-norte","tag-actualidad","tag-costumbres-y-tradiciones","tag-cultura","tag-historia","tag-sierra-norte","entry"],"_links":{"self":[{"href":"https:\/\/blog.sierranortedeguadalajara.com\/index.php?rest_route=\/wp\/v2\/posts\/19993","targetHints":{"allow":["GET"]}}],"collection":[{"href":"https:\/\/blog.sierranortedeguadalajara.com\/index.php?rest_route=\/wp\/v2\/posts"}],"about":[{"href":"https:\/\/blog.sierranortedeguadalajara.com\/index.php?rest_route=\/wp\/v2\/types\/post"}],"author":[{"embeddable":true,"href":"https:\/\/blog.sierranortedeguadalajara.com\/index.php?rest_route=\/wp\/v2\/users\/1"}],"replies":[{"embeddable":true,"href":"https:\/\/blog.sierranortedeguadalajara.com\/index.php?rest_route=%2Fwp%2Fv2%2Fcomments&post=19993"}],"version-history":[{"count":1,"href":"https:\/\/blog.sierranortedeguadalajara.com\/index.php?rest_route=\/wp\/v2\/posts\/19993\/revisions"}],"predecessor-version":[{"id":26077,"href":"https:\/\/blog.sierranortedeguadalajara.com\/index.php?rest_route=\/wp\/v2\/posts\/19993\/revisions\/26077"}],"wp:attachment":[{"href":"https:\/\/blog.sierranortedeguadalajara.com\/index.php?rest_route=%2Fwp%2Fv2%2Fmedia&parent=19993"}],"wp:term":[{"taxonomy":"category","embeddable":true,"href":"https:\/\/blog.sierranortedeguadalajara.com\/index.php?rest_route=%2Fwp%2Fv2%2Fcategories&post=19993"},{"taxonomy":"post_tag","embeddable":true,"href":"https:\/\/blog.sierranortedeguadalajara.com\/index.php?rest_route=%2Fwp%2Fv2%2Ftags&post=19993"}],"curies":[{"name":"wp","href":"https:\/\/api.w.org\/{rel}","templated":true}]}}