{"id":19933,"date":"2018-04-06T00:14:02","date_gmt":"2018-04-05T22:14:02","guid":{"rendered":"http:\/\/blog.laveredadepuebla.com\/?p=19933"},"modified":"2023-02-10T12:09:35","modified_gmt":"2023-02-10T12:09:35","slug":"una-primavera-peculiar","status":"publish","type":"post","link":"https:\/\/blog.sierranortedeguadalajara.com\/?p=19933","title":{"rendered":"Una primavera peculiar"},"content":{"rendered":"<p align=\"LEFT\"><span style=\"font-size:small;\">Este a\u00f1o 2.018 ser\u00e1 recordado<\/span><span style=\"font-size:small;color:#800000;\"><i> (entre otras cosas) <\/i><\/span><span style=\"font-size:small;\">por una primavera extra\u00f1a, en la que se alternan lluvia, sol, viento, hielo y nieve&#8230;. de forma an\u00e1rquica<\/span><span style=\"color:#7e0021;\"><span style=\"font-size:small;\"><i> (a nuestro entender).<\/i><\/span><\/span><span style=\"font-size:small;\"> No piensan as\u00ed los meteor\u00f3logos,\u00a0 que hasta han puesto nombre a las borrascas.<\/span><\/p>\n<figure id=\"attachment_19934\" aria-describedby=\"caption-attachment-19934\" style=\"width: 230px\" class=\"wp-caption alignleft\"><a href=\"https:\/\/laveredadepuebla.files.wordpress.com\/2018\/03\/180406-ppeculiar-1.jpg\"><img loading=\"lazy\" decoding=\"async\" class=\"wp-image-19934\" src=\"https:\/\/blog.sierranortedeguadalajara.com\/wp-content\/uploads\/2023\/02\/180406-ppeculiar-1.jpg\" alt=\"\" width=\"230\" height=\"173\" \/><\/a><figcaption id=\"caption-attachment-19934\" class=\"wp-caption-text\"><em><strong>Nogales<\/strong><\/em><\/figcaption><\/figure>\n<figure id=\"attachment_19935\" aria-describedby=\"caption-attachment-19935\" style=\"width: 230px\" class=\"wp-caption alignright\"><a href=\"https:\/\/laveredadepuebla.files.wordpress.com\/2018\/03\/180406-ppeculiar-2.jpg\"><img loading=\"lazy\" decoding=\"async\" class=\"wp-image-19935\" src=\"https:\/\/blog.sierranortedeguadalajara.com\/wp-content\/uploads\/2023\/02\/180406-ppeculiar-2.jpg\" alt=\"\" width=\"230\" height=\"173\" \/><\/a><figcaption id=\"caption-attachment-19935\" class=\"wp-caption-text\"><strong><em>Ocej\u00f3n y sembrados<\/em><\/strong><\/figcaption><\/figure>\n<p align=\"LEFT\"><span style=\"font-size:small;\">En la <\/span><a href=\"https:\/\/blog.laveredadepuebla.com\/2016\/05\/10\/el-mapa-de-la-sierra-norte\/\"><span style=\"font-size:small;\"><i><b>Sierra Norte de Guadalajara <\/b><\/i><\/span><\/a><span style=\"font-size:small;\">esta primavera se manifiesta de forma peculiar, resaltando los contrastes. Incluso entre sus r\u00edos <\/span><a href=\"https:\/\/blog.laveredadepuebla.com\/2009\/08\/27\/rio-jarama\/\"><span style=\"font-size:small;\"><i><b>Jarama <\/b><\/i><\/span><\/a><span style=\"font-size:small;\">y <\/span><span style=\"font-size:small;\"><i><b><a href=\"https:\/\/blog.laveredadepuebla.com\/2009\/09\/05\/el-rio-sorbe\/\">Sorbe<\/a>. <\/b><\/i><\/span><\/p>\n<figure id=\"attachment_19936\" aria-describedby=\"caption-attachment-19936\" style=\"width: 230px\" class=\"wp-caption alignleft\"><a href=\"https:\/\/laveredadepuebla.files.wordpress.com\/2018\/03\/180406-ppeculiar-4.jpg\"><img loading=\"lazy\" decoding=\"async\" class=\"wp-image-19936\" src=\"https:\/\/blog.sierranortedeguadalajara.com\/wp-content\/uploads\/2023\/02\/180406-ppeculiar-4.jpg\" alt=\"\" width=\"230\" height=\"173\" \/><\/a><figcaption id=\"caption-attachment-19936\" class=\"wp-caption-text\"><strong><em>Roble y el Pico Centenera<\/em><\/strong><\/figcaption><\/figure>\n<figure id=\"attachment_19937\" aria-describedby=\"caption-attachment-19937\" style=\"width: 230px\" class=\"wp-caption alignright\"><a href=\"https:\/\/laveredadepuebla.files.wordpress.com\/2018\/03\/180406-ppeculiar-3.jpg\"><img loading=\"lazy\" decoding=\"async\" class=\"wp-image-19937\" src=\"https:\/\/blog.sierranortedeguadalajara.com\/wp-content\/uploads\/2023\/02\/180406-ppeculiar-3.jpg\" alt=\"\" width=\"230\" height=\"173\" \/><\/a><figcaption id=\"caption-attachment-19937\" class=\"wp-caption-text\"><em><strong>Roble entre las jaras<\/strong><\/em><\/figcaption><\/figure>\n<p align=\"LEFT\"><span style=\"font-size:small;\">Una primavera lluviosa <\/span><span style=\"color:#7e0021;\"><span style=\"font-size:small;\"><i>(que a\u00fan nos traer\u00e1 m\u00e1s agua)<\/i><\/span><\/span><span style=\"font-size:small;\"> que nos ayuda a olvidar la sequ\u00eda que padecimos en oto\u00f1o.<\/span><\/p>\n<figure id=\"attachment_19941\" aria-describedby=\"caption-attachment-19941\" style=\"width: 230px\" class=\"wp-caption alignleft\"><a href=\"https:\/\/laveredadepuebla.files.wordpress.com\/2018\/03\/180406-ppeculiar-5.jpg\"><img loading=\"lazy\" decoding=\"async\" class=\"wp-image-19941\" src=\"https:\/\/blog.sierranortedeguadalajara.com\/wp-content\/uploads\/2023\/02\/180406-ppeculiar-5.jpg\" alt=\"\" width=\"230\" height=\"173\" \/><\/a><figcaption id=\"caption-attachment-19941\" class=\"wp-caption-text\"><em><strong>El Jarama desbordado<\/strong><\/em><\/figcaption><\/figure>\n<figure id=\"attachment_19942\" aria-describedby=\"caption-attachment-19942\" style=\"width: 230px\" class=\"wp-caption alignright\"><a href=\"https:\/\/laveredadepuebla.files.wordpress.com\/2018\/03\/180406-ppeculiar-6.jpg\"><img loading=\"lazy\" decoding=\"async\" class=\"wp-image-19942\" src=\"https:\/\/blog.sierranortedeguadalajara.com\/wp-content\/uploads\/2023\/02\/180406-ppeculiar-6.jpg\" alt=\"\" width=\"230\" height=\"173\" \/><\/a><figcaption id=\"caption-attachment-19942\" class=\"wp-caption-text\"><em><strong>El Sorbe embravecido<\/strong><\/em><\/figcaption><\/figure>\n<p align=\"LEFT\"><span style=\"font-size:small;\">Observen y disfruten. <\/span><span style=\"color:#800000;\"><span style=\"font-size:small;\"><b>De nada, sab\u00eda que les gustar\u00edan.<\/b><\/span><\/span><\/p>\n<p align=\"JUSTIFY\"><i><b>Lar-ami<\/b><\/i><\/p>\n","protected":false},"excerpt":{"rendered":"<p>Este a\u00f1o 2.018 ser\u00e1 recordado (entre otras cosas) por una primavera extra\u00f1a, en la que se alternan lluvia, sol, viento, hielo y nieve&#8230;. de forma an\u00e1rquica (a nuestro entender). No piensan as\u00ed los meteor\u00f3logos,\u00a0 que hasta han puesto nombre a las borrascas. En la Sierra Norte de Guadalajara esta primavera se manifiesta de forma peculiar, &hellip; <\/p>\n<p class=\"link-more\"><a href=\"https:\/\/blog.sierranortedeguadalajara.com\/?p=19933\" class=\"more-link\">Seguir leyendo<span class=\"screen-reader-text\"> \u00abUna primavera peculiar\u00bb<\/span><\/a><\/p>\n","protected":false},"author":1,"featured_media":0,"comment_status":"open","ping_status":"open","sticky":false,"template":"","format":"standard","meta":{"footnotes":""},"categories":[12,17,15],"tags":[2,4,7,10],"class_list":["post-19933","post","type-post","status-publish","format-standard","hentry","category-actualidad","category-paisajes-y-lugares-de-la-sierra-norte","category-rincones-de-guadalajara","tag-actualidad","tag-cultura","tag-naturaleza","tag-sierra-norte","entry"],"_links":{"self":[{"href":"https:\/\/blog.sierranortedeguadalajara.com\/index.php?rest_route=\/wp\/v2\/posts\/19933","targetHints":{"allow":["GET"]}}],"collection":[{"href":"https:\/\/blog.sierranortedeguadalajara.com\/index.php?rest_route=\/wp\/v2\/posts"}],"about":[{"href":"https:\/\/blog.sierranortedeguadalajara.com\/index.php?rest_route=\/wp\/v2\/types\/post"}],"author":[{"embeddable":true,"href":"https:\/\/blog.sierranortedeguadalajara.com\/index.php?rest_route=\/wp\/v2\/users\/1"}],"replies":[{"embeddable":true,"href":"https:\/\/blog.sierranortedeguadalajara.com\/index.php?rest_route=%2Fwp%2Fv2%2Fcomments&post=19933"}],"version-history":[{"count":1,"href":"https:\/\/blog.sierranortedeguadalajara.com\/index.php?rest_route=\/wp\/v2\/posts\/19933\/revisions"}],"predecessor-version":[{"id":26130,"href":"https:\/\/blog.sierranortedeguadalajara.com\/index.php?rest_route=\/wp\/v2\/posts\/19933\/revisions\/26130"}],"wp:attachment":[{"href":"https:\/\/blog.sierranortedeguadalajara.com\/index.php?rest_route=%2Fwp%2Fv2%2Fmedia&parent=19933"}],"wp:term":[{"taxonomy":"category","embeddable":true,"href":"https:\/\/blog.sierranortedeguadalajara.com\/index.php?rest_route=%2Fwp%2Fv2%2Fcategories&post=19933"},{"taxonomy":"post_tag","embeddable":true,"href":"https:\/\/blog.sierranortedeguadalajara.com\/index.php?rest_route=%2Fwp%2Fv2%2Ftags&post=19933"}],"curies":[{"name":"wp","href":"https:\/\/api.w.org\/{rel}","templated":true}]}}