{"id":19920,"date":"2018-04-02T00:05:29","date_gmt":"2018-04-01T23:05:29","guid":{"rendered":"http:\/\/blog.laveredadepuebla.com\/?p=19920"},"modified":"2023-02-10T12:09:35","modified_gmt":"2023-02-10T12:09:35","slug":"2-018-y-las-fiestas-de-abril-en-la-sierra-norte-de-guadalajara","status":"publish","type":"post","link":"https:\/\/blog.sierranortedeguadalajara.com\/?p=19920","title":{"rendered":"2.018 y las  fiestas de abril en la Sierra Norte de Guadalajara"},"content":{"rendered":"<p><span style=\"font-size:small;\">Tras la resaca de la Semana Santa, este abril en la <\/span><a href=\"https:\/\/blog.laveredadepuebla.com\/2016\/05\/10\/el-mapa-de-la-sierra-norte\/\"><span style=\"font-size:small;\"><i><b>Sierra Norte<\/b><\/i><\/span><\/a><span style=\"font-size:small;\"> viene el puente de mayo que suma sus primeros dias al ultimo fin de semana <\/span><span style=\"color:#7e0021;\"><span style=\"font-size:small;\"><i><b>(los madrile\u00f1os est\u00e1n de enhorabuena)<\/b><\/i><\/span><\/span><span style=\"font-size:small;\"><i><b>. <\/b><\/i><\/span><span style=\"font-size:small;\">Junto a la <\/span><a href=\"https:\/\/blog.laveredadepuebla.com\/2010\/04\/28\/la-fiesta-de-los%C2%A0mayos\/\"><span style=\"font-size:small;\"><i><b>fiesta de los mayos<\/b><\/i><\/span><\/a><span style=\"font-size:small;\"> han aparecido nuevas manifestaciones <\/span><span style=\"color:#7e0021;\"><span style=\"font-size:small;\"><i>(si faltara alguna, rogamos lo indiqu\u00e9is)<\/i><\/span><\/span><span style=\"color:#7e0021;\"><span style=\"font-size:small;\">.<\/span><\/span><\/p>\n<ul>\n<li><b>7: <\/b><a href=\"http:\/\/www.sierranortedeguadalajara.com\"><span style=\"color:#000000;\"><span style=\"font-size:small;\"><i><b>Mercadillo del Trueque<\/b><\/i><\/span><\/span><\/a><i><b> <\/b><\/i>en Majaelrayo.<\/li>\n<\/ul>\n<p><iframe loading=\"lazy\" title=\"XII Mercadito del Trueque en Majaelrayo\" width=\"640\" height=\"360\" src=\"https:\/\/www.youtube.com\/embed\/1ZRf1y95A_A?feature=oembed\" frameborder=\"0\" allow=\"accelerometer; autoplay; clipboard-write; encrypted-media; gyroscope; picture-in-picture; web-share\" referrerpolicy=\"strict-origin-when-cross-origin\" allowfullscreen><\/iframe><\/p>\n<ul>\n<li><strong>8<\/strong>: Ruta interpretada <span style=\"color:#800000;\"><strong>Chorrera Despe\u00f1alagua<\/strong><\/span> desde Valverde de los Arroyos<\/li>\n<li><strong>21: <span style=\"color:#800000;\">Ruta etnogr\u00e1fica El Hombre y el Dulce <\/span><\/strong><span style=\"color:#000000;\">desde Aragosa<\/span><\/li>\n<li><span style=\"font-size:small;\"><b>21: <\/b><\/span><span style=\"color:#7e0021;\"><span style=\"font-size:small;\"><b>Vive la \u00d3pera en<\/b><\/span><\/span> <a href=\"http:\/\/www.siguenza.es\/index.php?option=com_content&amp;view=article&amp;id=204&amp;Itemid=58\"><span style=\"font-size:small;\"><i><b>Sig\u00fcenza<a href=\"https:\/\/laveredadepuebla.files.wordpress.com\/2018\/03\/180402-fiestas-abril-sierra-norte.jpg\"><img loading=\"lazy\" decoding=\"async\" class=\"alignright size-medium wp-image-19921\" src=\"https:\/\/blog.sierranortedeguadalajara.com\/wp-content\/uploads\/2023\/02\/180402-fiestas-abril-sierra-norte.jpg\" alt=\"\" width=\"300\" height=\"200\" \/><\/a><\/b><\/i><\/span><\/a><\/li>\n<li><span style=\"font-size:small;\"><b>28: <\/b><\/span><span style=\"font-size:small;\">Fiesta de la Virgen de la Magdalena en<\/span><b> <\/b><a href=\"https:\/\/blog.laveredadepuebla.com\/2016\/12\/21\/villares-de-jadraque\/\"><span style=\"color:#000000;\"><span style=\"font-size:small;\"><i><b>Villares de Jadraque<\/b><\/i><\/span><\/span><\/a><\/li>\n<li><b>28-29<\/b>: <a href=\"https:\/\/blog.laveredadepuebla.com\/2015\/04\/27\/historia-del-mercado-medieval-de-tamajon\/\"><span style=\"color:#000000;\"><span style=\"font-size:small;\"><i><b>Mercado medieval de Tamaj\u00f3n<\/b><\/i><\/span><\/span><\/a><i><b><\/b><\/i><i><b><\/b><\/i><\/li>\n<li><span style=\"font-size:small;\"><b>30: <\/b><\/span><span style=\"font-size:small;\">Planta del mayo en <\/span><a href=\"http:\/\/www.cogolludo.es\"><span style=\"color:#333333;\"><em><span style=\"font-size:small;\"><b>Cogolludo<\/b><\/span><\/em><\/span><\/a><\/li>\n<\/ul>\n<p>\u2026 <span style=\"font-size:small;\">Adem\u00e1s de naturaleza, historia, tradici\u00f3n, cultura, gastronom\u00eda, actividades singulares,\u2026 Ven y entender\u00e1s por qu\u00e9 la<\/span><span style=\"font-size:small;\"><i><b><a href=\"http:\/\/www.sierranortedeguadalajara.com\"> Sierra Norte es un para\u00edso a tu alcance<\/a>.<\/b><\/i><\/span><\/p>\n<p align=\"JUSTIFY\"><span style=\"font-size:small;\"><i><b>Lar-ami<\/b><\/i><\/span><\/p>\n","protected":false},"excerpt":{"rendered":"<p>Tras la resaca de la Semana Santa, este abril en la Sierra Norte viene el puente de mayo que suma sus primeros dias al ultimo fin de semana (los madrile\u00f1os est\u00e1n de enhorabuena). Junto a la fiesta de los mayos han aparecido nuevas manifestaciones (si faltara alguna, rogamos lo indiqu\u00e9is). 7: Mercadillo del Trueque en &hellip; <\/p>\n<p class=\"link-more\"><a href=\"https:\/\/blog.sierranortedeguadalajara.com\/?p=19920\" class=\"more-link\">Seguir leyendo<span class=\"screen-reader-text\"> \u00ab2.018 y las  fiestas de abril en la Sierra Norte de Guadalajara\u00bb<\/span><\/a><\/p>\n","protected":false},"author":1,"featured_media":0,"comment_status":"open","ping_status":"open","sticky":false,"template":"","format":"standard","meta":{"footnotes":""},"categories":[12,42,15],"tags":[2,100,4,5,10],"class_list":["post-19920","post","type-post","status-publish","format-standard","hentry","category-actualidad","category-fiestas-y-eventos","category-rincones-de-guadalajara","tag-actualidad","tag-costumbres-y-tradiciones","tag-cultura","tag-historia","tag-sierra-norte","entry"],"_links":{"self":[{"href":"https:\/\/blog.sierranortedeguadalajara.com\/index.php?rest_route=\/wp\/v2\/posts\/19920","targetHints":{"allow":["GET"]}}],"collection":[{"href":"https:\/\/blog.sierranortedeguadalajara.com\/index.php?rest_route=\/wp\/v2\/posts"}],"about":[{"href":"https:\/\/blog.sierranortedeguadalajara.com\/index.php?rest_route=\/wp\/v2\/types\/post"}],"author":[{"embeddable":true,"href":"https:\/\/blog.sierranortedeguadalajara.com\/index.php?rest_route=\/wp\/v2\/users\/1"}],"replies":[{"embeddable":true,"href":"https:\/\/blog.sierranortedeguadalajara.com\/index.php?rest_route=%2Fwp%2Fv2%2Fcomments&post=19920"}],"version-history":[{"count":1,"href":"https:\/\/blog.sierranortedeguadalajara.com\/index.php?rest_route=\/wp\/v2\/posts\/19920\/revisions"}],"predecessor-version":[{"id":26135,"href":"https:\/\/blog.sierranortedeguadalajara.com\/index.php?rest_route=\/wp\/v2\/posts\/19920\/revisions\/26135"}],"wp:attachment":[{"href":"https:\/\/blog.sierranortedeguadalajara.com\/index.php?rest_route=%2Fwp%2Fv2%2Fmedia&parent=19920"}],"wp:term":[{"taxonomy":"category","embeddable":true,"href":"https:\/\/blog.sierranortedeguadalajara.com\/index.php?rest_route=%2Fwp%2Fv2%2Fcategories&post=19920"},{"taxonomy":"post_tag","embeddable":true,"href":"https:\/\/blog.sierranortedeguadalajara.com\/index.php?rest_route=%2Fwp%2Fv2%2Ftags&post=19920"}],"curies":[{"name":"wp","href":"https:\/\/api.w.org\/{rel}","templated":true}]}}