{"id":19869,"date":"2018-03-21T00:05:18","date_gmt":"2018-03-20T23:05:18","guid":{"rendered":"http:\/\/blog.laveredadepuebla.com\/?p=19869"},"modified":"2023-02-10T12:09:35","modified_gmt":"2023-02-10T12:09:35","slug":"fraguas-pueblo-abandonado-del-que-se-hablo-mucho","status":"publish","type":"post","link":"https:\/\/blog.sierranortedeguadalajara.com\/?p=19869","title":{"rendered":"Fraguas, pueblo abandonado del que se habl\u00f3 mucho"},"content":{"rendered":"<p align=\"JUSTIFY\"><span style=\"font-size:small;\">Hace un par de a\u00f1os, <\/span><a href=\"http:\/\/www.eldiario.es\/clm\/Fraguas-pueblo-okupado-repoblado_0_638336647.html\"><span style=\"font-size:small;\"><i><b>Fraguas salt\u00f3 a la actualidad<\/b><\/i><\/span><\/a><span style=\"font-size:small;\"> al ser ocupado por unos j\u00f3venes que pretend\u00edan recuperarlo y a los que denunci\u00f3 la Junta de Castilla La Mancha. Nos complace que, en esos d\u00edas y para completar la noticia, los medios de comunicaci\u00f3n tomasen como referencia lo <\/span><a href=\"https:\/\/blog.laveredadepuebla.com\/2010\/07\/09\/fraguas-pueblo%C2%A0abandonado\/\"><span style=\"font-size:small;\"><i><b>publicado en este blog<\/b><\/i><\/span><\/a><span style=\"font-size:small;\"> sobre este pueblo abandonado.<\/span><\/p>\n<p align=\"JUSTIFY\"><span style=\"font-size:small;\"><a href=\"https:\/\/laveredadepuebla.files.wordpress.com\/2018\/03\/180326-fraguas-abandonado-1.jpg\"><img loading=\"lazy\" decoding=\"async\" class=\"alignright wp-image-19870 size-medium\" src=\"https:\/\/blog.sierranortedeguadalajara.com\/wp-content\/uploads\/2023\/02\/180326-fraguas-abandonado-1.jpg\" alt=\"\" width=\"188\" height=\"300\" \/><\/a><a href=\"https:\/\/laveredadepuebla.files.wordpress.com\/2018\/03\/180326-fraguas-abandonado-2.jpg\"><img loading=\"lazy\" decoding=\"async\" class=\"alignleft wp-image-19871\" src=\"https:\/\/blog.sierranortedeguadalajara.com\/wp-content\/uploads\/2023\/02\/180326-fraguas-abandonado-2.jpg\" alt=\"\" width=\"261\" height=\"300\" \/>H<\/a>emos contado la gran <\/span><a href=\"https:\/\/blog.laveredadepuebla.com\/2018\/01\/10\/tanques-en-la-sierra-norte-de-guadalajara\/\"><span style=\"font-size:small;\"><i><b>labor de ICONA y de los tanques<\/b><\/i><\/span><\/a><span style=\"font-size:small;\"> en el proceso de re-forestaci\u00f3n de esta zona de la <\/span><span style=\"font-size:small;\"><i><b><a href=\"https:\/\/blog.laveredadepuebla.com\/2016\/05\/10\/el-mapa-de-la-sierra-norte\/\">Sierra Norte<\/a>. <\/b><\/i><\/span><span style=\"font-size:small;\">Pero hay <\/span><span style=\"color:#800000;\"><span style=\"font-size:small;\"><b>informaciones sobre Fraguas<\/b><\/span><\/span><span style=\"font-size:small;\">, poco conocidas que conviene divulgar. <\/span><a href=\"http:\/\/www.jlperezarribas.es\/\"><span style=\"color:#000000;\"><span style=\"font-size:small;\"><i><b>Don Juan Luis P\u00e9rez Arribas <\/b><\/i><\/span><\/span><\/a><span style=\"color:#000000;\"><span style=\"font-size:small;\">en su libro<\/span><\/span><i><b> <\/b><\/i><span style=\"color:#7e0021;\"><span style=\"font-size:small;\"><i><b>\u201dPueblos perdidos\u201d <\/b><\/i><\/span><\/span><span style=\"color:#000000;\"><span style=\"font-size:small;\">aporta estos datos:<\/span><\/span><\/p>\n<ul>\n<li><span style=\"color:#000000;\"><span style=\"font-size:small;\">Un croquis del casco urbano <\/span><\/span><span style=\"color:#000000;\"><span style=\"font-size:small;\"><i>(a\u00f1o 1.894).<\/i><\/span><\/span><span style=\"color:#000000;\"><span style=\"font-size:small;\"> A destacar el <\/span><\/span><span style=\"color:#7e0021;\"><span style=\"font-size:small;\"><b>camino de La Cueva<\/b><\/span><\/span><span style=\"color:#000000;\"><span style=\"font-size:small;\">, otro pueblo abandonado del que hablaremos y del que se sabe muy poco.<\/span><\/span><\/li>\n<li><span style=\"color:#000000;\"><span style=\"font-size:small;\">Descripci\u00f3n detallada de la iglesia <\/span><\/span><span style=\"color:#000000;\"><span style=\"font-size:small;\"><i>(del siglo XVI y estilo renacentista) y<\/i><\/span><\/span><span style=\"color:#000000;\"><span style=\"font-size:small;\"> croquis. Aunque en su estado actual no se aprecia, por estructura y estilo es <\/span><\/span><a href=\"https:\/\/laveredadepuebla.wordpress.com\/?p=19839&amp;preview=true\"><span style=\"color:#000000;\"><span style=\"font-size:small;\"><i><b>muy similar a la iglesia de Aleas.<\/b><\/i><\/span><\/span><\/a><\/li>\n<li><span style=\"color:#000000;\"><span style=\"font-size:small;\">En el interior y a los pies de la espada\u00f1a hab\u00eda una gran hornacina con arco de medio punto realizado en sillares de caliza. Ahora es la portada de la <\/span><\/span><a href=\"https:\/\/blog.laveredadepuebla.com\/2017\/06\/28\/las-ermitas-de-cogolludo\/\"><span style=\"color:#000000;\"><span style=\"font-size:small;\"><i><b>ermita de San Miguel en Cogolludo<\/b><\/i><\/span><\/span><span style=\"color:#000000;\"><span style=\"font-size:small;\">.<\/span><\/span><\/a><\/li>\n<li><span style=\"color:#000000;\"><span style=\"font-size:small;\">Un trozo de la cornisa del alero de la iglesia, moldurada, tambi\u00e9n fue llevada a esta ermita.<\/span><\/span><\/li>\n<\/ul>\n<p align=\"JUSTIFY\"><span style=\"color:#000000;\"><span style=\"font-size:small;\"><a href=\"https:\/\/laveredadepuebla.files.wordpress.com\/2018\/03\/180326-fraguas-3.jpg\"><img loading=\"lazy\" decoding=\"async\" class=\"alignright size-medium wp-image-19872\" src=\"https:\/\/blog.sierranortedeguadalajara.com\/wp-content\/uploads\/2023\/02\/180326-fraguas-3.jpg\" alt=\"\" width=\"300\" height=\"169\" \/><\/a>Sin \u00e1nimo de entrar en pol\u00e9mica, hemos de reconocer que el <\/span><\/span><span style=\"color:#7e0021;\"><span style=\"font-size:small;\"><b>aspecto de Fraguas ha cambiado<\/b><\/span><\/span><span style=\"color:#000000;\"><span style=\"font-size:small;\">: de ser un mont\u00f3n de ruinas <\/span><\/span><span style=\"color:#000000;\"><span style=\"font-size:small;\"><i>(apenas eran reconocibles plaza mayor, iglesia y fuente)<\/i><\/span><\/span><span style=\"color:#000000;\"><span style=\"font-size:small;\"> a sentir la vida en sus calles. <\/span><\/span><\/p>\n<p align=\"JUSTIFY\"><i><b>Lar-ami<\/b><\/i><\/p>\n","protected":false},"excerpt":{"rendered":"<p>Hace un par de a\u00f1os, Fraguas salt\u00f3 a la actualidad al ser ocupado por unos j\u00f3venes que pretend\u00edan recuperarlo y a los que denunci\u00f3 la Junta de Castilla La Mancha. Nos complace que, en esos d\u00edas y para completar la noticia, los medios de comunicaci\u00f3n tomasen como referencia lo publicado en este blog sobre este &hellip; <\/p>\n<p class=\"link-more\"><a href=\"https:\/\/blog.sierranortedeguadalajara.com\/?p=19869\" class=\"more-link\">Seguir leyendo<span class=\"screen-reader-text\"> \u00abFraguas, pueblo abandonado del que se habl\u00f3 mucho\u00bb<\/span><\/a><\/p>\n","protected":false},"author":1,"featured_media":0,"comment_status":"open","ping_status":"open","sticky":false,"template":"","format":"standard","meta":{"footnotes":""},"categories":[12,17,15],"tags":[2,4,5,7,30,10],"class_list":["post-19869","post","type-post","status-publish","format-standard","hentry","category-actualidad","category-paisajes-y-lugares-de-la-sierra-norte","category-rincones-de-guadalajara","tag-actualidad","tag-cultura","tag-historia","tag-naturaleza","tag-pueblos-abandonados","tag-sierra-norte","entry"],"_links":{"self":[{"href":"https:\/\/blog.sierranortedeguadalajara.com\/index.php?rest_route=\/wp\/v2\/posts\/19869","targetHints":{"allow":["GET"]}}],"collection":[{"href":"https:\/\/blog.sierranortedeguadalajara.com\/index.php?rest_route=\/wp\/v2\/posts"}],"about":[{"href":"https:\/\/blog.sierranortedeguadalajara.com\/index.php?rest_route=\/wp\/v2\/types\/post"}],"author":[{"embeddable":true,"href":"https:\/\/blog.sierranortedeguadalajara.com\/index.php?rest_route=\/wp\/v2\/users\/1"}],"replies":[{"embeddable":true,"href":"https:\/\/blog.sierranortedeguadalajara.com\/index.php?rest_route=%2Fwp%2Fv2%2Fcomments&post=19869"}],"version-history":[{"count":1,"href":"https:\/\/blog.sierranortedeguadalajara.com\/index.php?rest_route=\/wp\/v2\/posts\/19869\/revisions"}],"predecessor-version":[{"id":26154,"href":"https:\/\/blog.sierranortedeguadalajara.com\/index.php?rest_route=\/wp\/v2\/posts\/19869\/revisions\/26154"}],"wp:attachment":[{"href":"https:\/\/blog.sierranortedeguadalajara.com\/index.php?rest_route=%2Fwp%2Fv2%2Fmedia&parent=19869"}],"wp:term":[{"taxonomy":"category","embeddable":true,"href":"https:\/\/blog.sierranortedeguadalajara.com\/index.php?rest_route=%2Fwp%2Fv2%2Fcategories&post=19869"},{"taxonomy":"post_tag","embeddable":true,"href":"https:\/\/blog.sierranortedeguadalajara.com\/index.php?rest_route=%2Fwp%2Fv2%2Ftags&post=19869"}],"curies":[{"name":"wp","href":"https:\/\/api.w.org\/{rel}","templated":true}]}}