{"id":19843,"date":"2018-03-19T00:05:23","date_gmt":"2018-03-18T23:05:23","guid":{"rendered":"http:\/\/blog.laveredadepuebla.com\/?p=19843"},"modified":"2023-02-10T12:09:35","modified_gmt":"2023-02-10T12:09:35","slug":"perder-el-tiempo-en-la-sierra-norte-de-guadalajara","status":"publish","type":"post","link":"https:\/\/blog.sierranortedeguadalajara.com\/?p=19843","title":{"rendered":"Perder el tiempo en la Sierra Norte de Guadalajara"},"content":{"rendered":"<p align=\"LEFT\"><span style=\"font-size:small;\">Los que amamos la naturaleza necesitamos muy poco para embobarnos. En la <\/span><a href=\"https:\/\/blog.laveredadepuebla.com\/2016\/05\/10\/el-mapa-de-la-sierra-norte\/\"><span style=\"font-size:small;\"><i><b>Sierra Norte de Guadalajara<\/b><\/i><\/span><\/a><span style=\"font-size:small;\"> no faltan ocasiones de perder el tiempo <\/span><span style=\"font-size:small;\"><i>(o ganarlo),<\/i><\/span><span style=\"font-size:small;\"> observando <\/span><span style=\"font-size:small;\"><i>(en soledad y silencio)<\/i><\/span><span style=\"font-size:small;\"> detalles que cuentan mucho. Sirva como muestra este paseo en coche<\/span><span style=\"font-size:small;\"><i> (llov\u00eda)<\/i><\/span><span style=\"font-size:small;\"> por la <\/span><a href=\"https:\/\/blog.laveredadepuebla.com\/2009\/08\/02\/la-ruta-verde-hacia-el-vado\/\"><span style=\"font-size:small;\"><i><b>ruta verde<\/b><\/i><\/span><\/a><span style=\"font-size:small;\"> el pasado 9 de marzo:<a href=\"https:\/\/laveredadepuebla.files.wordpress.com\/2018\/03\/180319-perder-1.jpg\"><img loading=\"lazy\" decoding=\"async\" class=\"alignright wp-image-19844\" src=\"https:\/\/blog.sierranortedeguadalajara.com\/wp-content\/uploads\/2023\/02\/180319-perder-1.jpg\" alt=\"\" width=\"240\" height=\"240\" \/><\/a><a href=\"https:\/\/laveredadepuebla.files.wordpress.com\/2018\/03\/180319-perder-2.jpg\"><img loading=\"lazy\" decoding=\"async\" class=\"alignleft wp-image-19845\" src=\"https:\/\/blog.sierranortedeguadalajara.com\/wp-content\/uploads\/2023\/02\/180319-perder-2.jpg\" alt=\"\" width=\"240\" height=\"240\" \/><\/a><\/span><\/p>\n<ul>\n<li><span style=\"font-size:small;\">En las cercan\u00edas del <\/span><span style=\"color:#7e0021;\"><span style=\"font-size:small;\"><i><b>sif\u00f3n de Valdesotos<\/b><\/i><\/span><\/span><span style=\"font-size:small;\">, me sorprende<\/span><span style=\"color:#7e0021;\"><span style=\"font-size:small;\"><b> una ardilla <\/b><\/span><\/span><span style=\"font-size:small;\">pegada al tronco de un pino. Curiosa, me observa un minuto y se deja fotografiar. Luego sube, busca una rama, avanza y la rama baja por el peso. Entonces salta a otra rama de un pino pr\u00f3ximo y se aquieta junto al tronco. Toma un respiro y repite la operaci\u00f3n varias veces hasta que desaparece de mi vista. <\/span><span style=\"color:#7e0021;\"><span style=\"font-size:small;\"><b>10` perdidos<\/b><\/span><\/span><span style=\"font-size:small;\"> que valieron por toda la excursi\u00f3n<\/span><\/li>\n<li><span style=\"font-size:small;\">En <\/span><a href=\"https:\/\/blog.laveredadepuebla.com\/2009\/08\/22\/la-presa-del-vado\/\"><span style=\"font-size:small;\"><i><b>El Vado<\/b><\/i><\/span><\/a><span style=\"font-size:small;\">, una <\/span><span style=\"color:#7e0021;\"><span style=\"font-size:small;\"><b>pareja de patos <\/b><\/span><\/span><span style=\"font-size:small;\">mostraban su destreza en el nado, acerc\u00e1ndose y alej\u00e1ndose uno del otro, con zambullidas a cada instante. <\/span><span style=\"color:#7e0021;\"><span style=\"font-size:small;\"><b>Le dediqu\u00e9 unos minutos,<\/b><\/span><\/span><span style=\"font-size:small;\"> pero podr\u00eda haber estado horas, cambiando la mirada hacia al paisaje y viceversa. <a href=\"https:\/\/laveredadepuebla.files.wordpress.com\/2018\/03\/180319-perder-3.jpg\"><img loading=\"lazy\" decoding=\"async\" class=\"alignright wp-image-19847\" src=\"https:\/\/blog.sierranortedeguadalajara.com\/wp-content\/uploads\/2023\/02\/180319-perder-3.jpg\" alt=\"\" width=\"220\" height=\"165\" \/><\/a><a href=\"https:\/\/laveredadepuebla.files.wordpress.com\/2018\/03\/180319-perder-4.jpg\"><img loading=\"lazy\" decoding=\"async\" class=\"alignleft wp-image-19848\" src=\"https:\/\/blog.sierranortedeguadalajara.com\/wp-content\/uploads\/2023\/02\/180319-perder-4.jpg\" alt=\"\" width=\"220\" height=\"165\" \/><\/a><\/span><\/li>\n<li><span style=\"font-size:small;\">Sobre el tendido el\u00e9ctrico, un <\/span><span style=\"color:#7e0021;\"><span style=\"font-size:small;\"><b>bandada de estorninos<\/b><\/span><\/span><span style=\"font-size:small;\"> se divert\u00eda levantando el vuelo, dando una vuelta y pos\u00e1ndose de nuevo sobre los cables. Pareci\u00f3 como si supieran de mi presencia y quisieran impresionarme. <\/span><span style=\"color:#7e0021;\"><span style=\"font-size:small;\"><b>Otros 10\u00b4perdidos.<\/b><\/span><\/span><\/li>\n<\/ul>\n<p align=\"LEFT\"><span style=\"color:#000000;\"><span style=\"font-size:small;\"><a href=\"https:\/\/laveredadepuebla.files.wordpress.com\/2018\/03\/180319-perder-5.jpg\"><img loading=\"lazy\" decoding=\"async\" class=\"alignleft wp-image-19851\" src=\"https:\/\/blog.sierranortedeguadalajara.com\/wp-content\/uploads\/2023\/02\/180319-perder-5.jpg\" alt=\"\" width=\"240\" height=\"180\" \/><\/a><a href=\"https:\/\/laveredadepuebla.files.wordpress.com\/2018\/03\/180319-perder-6.jpg\"><img loading=\"lazy\" decoding=\"async\" class=\"alignright wp-image-19852\" src=\"https:\/\/blog.sierranortedeguadalajara.com\/wp-content\/uploads\/2023\/02\/180319-perder-6.jpg\" alt=\"\" width=\"240\" height=\"180\" \/><\/a>No hac\u00eda tiempo para buitres, corzos, jabal\u00edes, zorros o tejones. Pero no me import\u00f3; el paisaje bajo la lluvia supli\u00f3 con creces estas carencias. Y t\u00fa, <\/span><\/span><span style=\"color:#7e0021;\"><span style=\"font-size:small;\"><i><b>\u00bfcomo pierdes el tiempo?<\/b><\/i><\/span><\/span><\/p>\n<p align=\"JUSTIFY\"><i><b>Lar-ami<\/b><\/i><\/p>\n","protected":false},"excerpt":{"rendered":"<p>Los que amamos la naturaleza necesitamos muy poco para embobarnos. En la Sierra Norte de Guadalajara no faltan ocasiones de perder el tiempo (o ganarlo), observando (en soledad y silencio) detalles que cuentan mucho. Sirva como muestra este paseo en coche (llov\u00eda) por la ruta verde el pasado 9 de marzo: En las cercan\u00edas del &hellip; <\/p>\n<p class=\"link-more\"><a href=\"https:\/\/blog.sierranortedeguadalajara.com\/?p=19843\" class=\"more-link\">Seguir leyendo<span class=\"screen-reader-text\"> \u00abPerder el tiempo en la Sierra Norte de Guadalajara\u00bb<\/span><\/a><\/p>\n","protected":false},"author":1,"featured_media":0,"comment_status":"open","ping_status":"open","sticky":false,"template":"","format":"standard","meta":{"footnotes":""},"categories":[12,17,15],"tags":[2,4,26,7,10],"class_list":["post-19843","post","type-post","status-publish","format-standard","hentry","category-actualidad","category-paisajes-y-lugares-de-la-sierra-norte","category-rincones-de-guadalajara","tag-actualidad","tag-cultura","tag-el-vado","tag-naturaleza","tag-sierra-norte","entry"],"_links":{"self":[{"href":"https:\/\/blog.sierranortedeguadalajara.com\/index.php?rest_route=\/wp\/v2\/posts\/19843","targetHints":{"allow":["GET"]}}],"collection":[{"href":"https:\/\/blog.sierranortedeguadalajara.com\/index.php?rest_route=\/wp\/v2\/posts"}],"about":[{"href":"https:\/\/blog.sierranortedeguadalajara.com\/index.php?rest_route=\/wp\/v2\/types\/post"}],"author":[{"embeddable":true,"href":"https:\/\/blog.sierranortedeguadalajara.com\/index.php?rest_route=\/wp\/v2\/users\/1"}],"replies":[{"embeddable":true,"href":"https:\/\/blog.sierranortedeguadalajara.com\/index.php?rest_route=%2Fwp%2Fv2%2Fcomments&post=19843"}],"version-history":[{"count":1,"href":"https:\/\/blog.sierranortedeguadalajara.com\/index.php?rest_route=\/wp\/v2\/posts\/19843\/revisions"}],"predecessor-version":[{"id":26161,"href":"https:\/\/blog.sierranortedeguadalajara.com\/index.php?rest_route=\/wp\/v2\/posts\/19843\/revisions\/26161"}],"wp:attachment":[{"href":"https:\/\/blog.sierranortedeguadalajara.com\/index.php?rest_route=%2Fwp%2Fv2%2Fmedia&parent=19843"}],"wp:term":[{"taxonomy":"category","embeddable":true,"href":"https:\/\/blog.sierranortedeguadalajara.com\/index.php?rest_route=%2Fwp%2Fv2%2Fcategories&post=19843"},{"taxonomy":"post_tag","embeddable":true,"href":"https:\/\/blog.sierranortedeguadalajara.com\/index.php?rest_route=%2Fwp%2Fv2%2Ftags&post=19843"}],"curies":[{"name":"wp","href":"https:\/\/api.w.org\/{rel}","templated":true}]}}