{"id":19839,"date":"2018-03-16T00:05:52","date_gmt":"2018-03-15T23:05:52","guid":{"rendered":"http:\/\/blog.laveredadepuebla.com\/?p=19839"},"modified":"2023-02-10T12:09:35","modified_gmt":"2023-02-10T12:09:35","slug":"el-pueblo-viejo-de-aleas","status":"publish","type":"post","link":"https:\/\/blog.sierranortedeguadalajara.com\/?p=19839","title":{"rendered":"El pueblo viejo de Aleas"},"content":{"rendered":"<figure id=\"attachment_19840\" aria-describedby=\"caption-attachment-19840\" style=\"width: 224px\" class=\"wp-caption alignleft\"><a href=\"https:\/\/laveredadepuebla.files.wordpress.com\/2018\/03\/180316-aleas-1.jpg\"><img loading=\"lazy\" decoding=\"async\" class=\"wp-image-19840 size-medium\" src=\"https:\/\/blog.sierranortedeguadalajara.com\/wp-content\/uploads\/2023\/02\/180316-aleas-1.jpg\" alt=\"\" width=\"224\" height=\"300\" \/><\/a><figcaption id=\"caption-attachment-19840\" class=\"wp-caption-text\"><strong><em>Cortesia JL Perez Arribas<\/em><\/strong><\/figcaption><\/figure>\n<p align=\"JUSTIFY\"><span style=\"font-size:small;\"><i><b><a href=\"https:\/\/blog.laveredadepuebla.com\/2012\/11\/22\/aleas\/\">La historia de Aleas<\/a> <\/b><\/i><\/span><span style=\"font-size:small;\">resulta \u00fanica en la <\/span><span style=\"font-size:small;\"><i><b><a href=\"https:\/\/blog.laveredadepuebla.com\/2016\/05\/10\/el-mapa-de-la-sierra-norte\/\">Sierra Norte de Guadalajara<\/a>,<\/b><\/i><\/span><span style=\"font-size:small;\"> como pueblo nuevo construido por Franco tras quedar totalmente destruido\u00a0 durante<\/span><span style=\"color:#7e0021;\"><span style=\"font-size:small;\"><i><b> la guerra (in)civil<\/b><\/i><\/span><\/span><span style=\"font-size:small;\">. Pero de su pasado quiz\u00e1s no se cont\u00f3 todo o al menos no se ha divulgado lo suficiente. El libro <\/span><span style=\"color:#7e0021;\"><span style=\"font-size:small;\"><i><b>\u201dPueblos perdidos\u201d <\/b><\/i><\/span><\/span><span style=\"color:#000000;\"><span style=\"font-size:small;\">de <\/span><\/span><a href=\"http:\/\/www.jlperezarribas.es\/\"><span style=\"color:#000000;\"><span style=\"font-size:small;\"><i><b>Don Juan Luis P\u00e9rez Arribas <\/b><\/i><\/span><\/span><\/a><span style=\"color:#000000;\"><span style=\"font-size:small;\">aporta datos interesantes<\/span><\/span><\/p>\n<ul>\n<li><span style=\"font-size:small;\">Un croquis del casco urbano del pueblo viejo, hoy mont\u00f3n de ruinas donde apenas son reconocibles algunas casas y corrales.<\/span><\/li>\n<li><span style=\"font-size:small;\">Una descripci\u00f3n detallada de la<span style=\"color:#993300;\"><strong> iglesia de San Pedro <\/strong><\/span><\/span><span style=\"font-size:small;\"><i>(croquis incluido), <\/i><\/span><span style=\"font-size:small;\">de estilo renacentista donde destaca poderosamente la portada, con columnas a ambos lados y capiteles estriados, con cierto aire a los del Palacio de Cogolludo.<\/span><\/li>\n<li><span style=\"font-size:small;\">Guarda memoria de la espada\u00f1a con 2 vanos para las campanas, as\u00ed como de los 2 arcos que divid\u00edan la nave en 3 tramos, hoy muy deteriorados.<a href=\"https:\/\/blog.sierranortedeguadalajara.com\/wp-content\/uploads\/2023\/02\/180316-aleas-2.jpg\"><img loading=\"lazy\" decoding=\"async\" class=\"alignright size-full wp-image-19841\" src=\"https:\/\/blog.sierranortedeguadalajara.com\/wp-content\/uploads\/2023\/02\/180316-aleas-2.jpg\" alt=\"\" width=\"300\" height=\"193\" \/><\/a><\/span><\/li>\n<li><span style=\"font-size:small;\">Y lamenta que, cuando se afront\u00f3 la construcci\u00f3n del pueblo nuevo, no se planteara la restauraci\u00f3n de esta joya renacentista, sentimiento que compartimos.<\/span><\/li>\n<\/ul>\n<p align=\"JUSTIFY\"><span style=\"font-size:small;\">A\u00f1adimos a esta informaci\u00f3n su pertenencia al <\/span><span style=\"color:#7e0021;\"><span style=\"font-size:small;\"><b>Se\u00f1or\u00edo de Bele\u00f1a<\/b><\/span><\/span> <span style=\"font-size:small;\"><i>(a\u00f1o 1.170)<\/i><\/span><span style=\"font-size:small;\"> hasta mediados del siglo XIX, cuando se convirti\u00f3 en municipio independiente as\u00ed como la recuperaci\u00f3n este a\u00f1o de la <\/span><span style=\"color:#7e0021;\"><span style=\"font-size:small;\"><b>Botarga de la Candelaria. <\/b><\/span><\/span><span style=\"color:#000000;\"><span style=\"font-size:small;\"><b>\u00a1Felicidades!<\/b><\/span><\/span><\/p>\n<p align=\"JUSTIFY\"><i><b>Lar-ami<\/b><\/i><\/p>\n","protected":false},"excerpt":{"rendered":"<p>La historia de Aleas resulta \u00fanica en la Sierra Norte de Guadalajara, como pueblo nuevo construido por Franco tras quedar totalmente destruido\u00a0 durante la guerra (in)civil. Pero de su pasado quiz\u00e1s no se cont\u00f3 todo o al menos no se ha divulgado lo suficiente. El libro \u201dPueblos perdidos\u201d de Don Juan Luis P\u00e9rez Arribas aporta &hellip; <\/p>\n<p class=\"link-more\"><a href=\"https:\/\/blog.sierranortedeguadalajara.com\/?p=19839\" class=\"more-link\">Seguir leyendo<span class=\"screen-reader-text\"> \u00abEl pueblo viejo de Aleas\u00bb<\/span><\/a><\/p>\n","protected":false},"author":1,"featured_media":0,"comment_status":"open","ping_status":"open","sticky":false,"template":"","format":"standard","meta":{"footnotes":""},"categories":[12,17,15],"tags":[4,5,7,10,19],"class_list":["post-19839","post","type-post","status-publish","format-standard","hentry","category-actualidad","category-paisajes-y-lugares-de-la-sierra-norte","category-rincones-de-guadalajara","tag-cultura","tag-historia","tag-naturaleza","tag-sierra-norte","tag-siglo-xx","entry"],"_links":{"self":[{"href":"https:\/\/blog.sierranortedeguadalajara.com\/index.php?rest_route=\/wp\/v2\/posts\/19839","targetHints":{"allow":["GET"]}}],"collection":[{"href":"https:\/\/blog.sierranortedeguadalajara.com\/index.php?rest_route=\/wp\/v2\/posts"}],"about":[{"href":"https:\/\/blog.sierranortedeguadalajara.com\/index.php?rest_route=\/wp\/v2\/types\/post"}],"author":[{"embeddable":true,"href":"https:\/\/blog.sierranortedeguadalajara.com\/index.php?rest_route=\/wp\/v2\/users\/1"}],"replies":[{"embeddable":true,"href":"https:\/\/blog.sierranortedeguadalajara.com\/index.php?rest_route=%2Fwp%2Fv2%2Fcomments&post=19839"}],"version-history":[{"count":1,"href":"https:\/\/blog.sierranortedeguadalajara.com\/index.php?rest_route=\/wp\/v2\/posts\/19839\/revisions"}],"predecessor-version":[{"id":26164,"href":"https:\/\/blog.sierranortedeguadalajara.com\/index.php?rest_route=\/wp\/v2\/posts\/19839\/revisions\/26164"}],"wp:attachment":[{"href":"https:\/\/blog.sierranortedeguadalajara.com\/index.php?rest_route=%2Fwp%2Fv2%2Fmedia&parent=19839"}],"wp:term":[{"taxonomy":"category","embeddable":true,"href":"https:\/\/blog.sierranortedeguadalajara.com\/index.php?rest_route=%2Fwp%2Fv2%2Fcategories&post=19839"},{"taxonomy":"post_tag","embeddable":true,"href":"https:\/\/blog.sierranortedeguadalajara.com\/index.php?rest_route=%2Fwp%2Fv2%2Ftags&post=19839"}],"curies":[{"name":"wp","href":"https:\/\/api.w.org\/{rel}","templated":true}]}}